{"id":25333,"date":"2024-09-09T18:03:00","date_gmt":"2024-09-09T18:03:00","guid":{"rendered":"https:\/\/playersforlife.com\/2024\/09\/09\/ps5-pro-sony-bekraftar-existensen-arkitekten-presenterar-det\/"},"modified":"2025-08-06T18:47:25","modified_gmt":"2025-08-06T18:47:25","slug":"ps5-pro-sony-bekraftar-existensen-arkitekten-presenterar-det","status":"publish","type":"post","link":"https:\/\/playersforlife.com\/sv\/2024\/09\/09\/ps5-pro-sony-bekraftar-existensen-arkitekten-presenterar-det\/","title":{"rendered":"PS5 Pro: Sony bekr\u00e4ftar existensen, arkitekten presenterar det"},"content":{"rendered":"<p>Den n\u00e4rmande PS5 Pro-presentationen kommer att bli verklighet f\u00f6rutom idag kl. 17:00 franska tid. Sony Interactive Entertainment har planerat en global teknikpresentation f\u00f6r Playstation 5. Trots att begreppet &#8217;PS5 Pro&#8217; inte anv\u00e4nds explicitt, kommer Mark Cerny att presentera den och han har varit arkitekt f\u00f6r spelkonsolen sedan PS4-eran, vilket ger lite tvivel om avsl\u00f6jandet. Den nya versionen av PS5 med \u00f6kad prestation och en n\u00e5got f\u00f6r\u00e4ndrad design kommer allts\u00e5 officiellt att presenteras. Sony har bekr\u00e4ftat att videopresentationen kommer vara 9 minuter l\u00e5ng och ska inledas kl. 17:00 franska tid p\u00e5 Playstations YouTube-kanal.<\/p>\n<p>Ryg Gradvis har det r\u00f6rt sig kring den nya PS5 Pro de senaste veckorna. Sidan Dealabs delade ut en teckning av konsolen efter att ha uppt\u00e4ckt dess paket i ett lagerhus. Denna teckning visade att PS5 Pro kommer att ha samma design som PS5 Slim men inneh\u00e5ller tre band f\u00f6r skiljning, vilket ger den smeknamnet PS5 Adidas. Senare, under PlayStations 30-\u00e5riga jubileum, presenterades en illustration av maskinen med de tre banden. I sammanfattning samlas detaljerna ihop och PS5 Pro f\u00f6rv\u00e4ntas erbjuda ett betydande prestandaboost, s\u00e4rskilt sedan nyaste spel som Black Myth Wukong eller Star Wars Outlaws kr\u00e4ver mycket av sin prestanda och grafik f\u00f6r optimala prestationer och utseende. Nu \u00e4r vi bara timmar bort fr\u00e5n officiella meddelanden.<\/p>\n<p><iframe title=\"Black Myth: Wukong - Official Launch Trailer | gamescom 2024\" width=\"1170\" height=\"658\" src=\"https:\/\/www.youtube.com\/embed\/QKBla_Ai500?feature=oembed\" frameborder=\"0\" allow=\"accelerometer; autoplay; clipboard-write; encrypted-media; gyroscope; picture-in-picture; web-share\" referrerpolicy=\"strict-origin-when-cross-origin\" allowfullscreen><\/iframe><\/p>\n","protected":false},"excerpt":{"rendered":"<p>Morgondagen kl. 17:00 (franska tider) kommer Sony Interactive Entertainment att presentera den mer kraftfulla versionen av PlayStation 5, kallad PS5 Pro, i en nio minuter l\u00e5ng teknikpresentation ledd av dess huvudarkitekt Mark Cerny. F\u00f6rv\u00e4ntan \u00e4r att presentationen ska visa en mer smal design, prestandauppgraderingar och m\u00f6jligen den smeknamn som PS5 Adidas.<\/p>\n","protected":false},"author":19,"featured_media":2733,"comment_status":"open","ping_status":"open","sticky":false,"template":"","format":"standard","meta":{"content-type":"","_lmt_disableupdate":"","_lmt_disable":"","movie_schema":"","tvshow_schema":"","videogame_schema":"","meta_description":"Sony bekr\u00e4ftar PS5 Pro i global teknisk presentation","meta_keywords":"ps5-pro, ps5-kraftfullare, mark-cerny, arkitekten, presentering","meta_author":"Joakim Bergstr\u00f6m","meta_robots":"index, follow","meta_language":"en","twitter_card":"summary_large_image","twitter_title":"\"Sony bekr\u00e4ftar PS5 Pro: Mark Cerny presenterar kraftfullare konsol imorgon klockan 17:00 f.d.-tid\"","twitter_description":"\"Sony bekr\u00e4ftar snart PS5 Pro: Se Mark Cerny presentera den kraftfullare konsolen imorgon klockan 17:00 f.d.-tid!\"","twitter_site":"","twitter_site_id":"","twitter_creator":"","twitter_creator_id":"","twitter_image":"https:\/\/static1.srcdn.com\/wordpress\/wp-content\/uploads\/2024\/07\/star-wars-outlaws-world-of-warcraft-the-war-within-and-black-myth-wukong.jpg","twitter_image_alt":"","twitter_app_name_iphone":"","twitter_app_id_iphone":"","twitter_app_url_iphone":"","twitter_app_name_ipad":"","twitter_app_id_ipad":"","twitter_app_url_ipad":"","twitter_app_name_googleplay":"","twitter_app_id_googleplay":"","twitter_app_url_googleplay":"","twitter_player":"","twitter_player_width":0,"twitter_player_height":0,"twitter_player_stream":"","og_title":"\"Sony bekr\u00e4ftar PS5 Pro: Mark Cerny presenterar kraftfullare konsol imorgon klockan 17:00 f.d.-tid\"","og_type":"article","og_url":"https:\/\/playersforlife.com\/sv\/2024\/09\/09\/ps5-pro-sony-bekraftar-existensen-arkitekten-presenterar-det\/","og_image":"https:\/\/static1.srcdn.com\/wordpress\/wp-content\/uploads\/2024\/07\/star-wars-outlaws-world-of-warcraft-the-war-within-and-black-myth-wukong.jpg","og_image_secure_url":"https:\/\/static1.srcdn.com\/wordpress\/wp-content\/uploads\/2024\/07\/star-wars-outlaws-world-of-warcraft-the-war-within-and-black-myth-wukong.jpg","og_image_type":"image\/jpeg","og_image_width":0,"og_image_height":0,"og_image_alt":"","og_description":"\"Sony bekr\u00e4ftar snart PS5 Pro: Se Mark Cerny presentera den kraftfullare konsolen imorgon klockan 17:00 f.d.-tid!\"","og_site_name":"PlayersForLife.com","og_locale":"en_US","og_article_published_time":"2024-09-09T18:47:00","og_article_modified_time":"2024-09-09T18:47:00","og_article_author":"Joakim Bergstr\u00f6m","og_article_section":"Platforms","og_article_tag":["Mixed"],"og_video":"https:\/\/www.youtube.com\/embed\/T4DFKOlrXCQ","og_video_secure_url":"https:\/\/www.youtube.com\/embed\/T4DFKOlrXCQ","og_video_type":"","og_video_width":0,"og_video_height":0,"og_audio":"","og_audio_secure_url":"","og_audio_type":"","footnotes":""},"categories":[39],"tags":[45,48,50],"class_list":["post-25333","post","type-post","status-publish","format-standard","has-post-thumbnail","hentry","category-platforms","tag-mixed","tag-rpg","tag-shooter"],"lang":"sv","original_post_id":null,"featured_image_urls":{"full":["https:\/\/playersforlife.com\/wp-content\/uploads\/2025\/06\/star-wars-outlaws-world-of-warcraft-the-war-within-and-black-myth-wukong.jpg",2160,1080,false],"thumbnail":["https:\/\/playersforlife.com\/wp-content\/uploads\/2025\/06\/star-wars-outlaws-world-of-warcraft-the-war-within-and-black-myth-wukong-150x150.jpg",150,150,true],"medium":["https:\/\/playersforlife.com\/wp-content\/uploads\/2025\/06\/star-wars-outlaws-world-of-warcraft-the-war-within-and-black-myth-wukong-300x150.jpg",300,150,true],"medium_large":["https:\/\/playersforlife.com\/wp-content\/uploads\/2025\/06\/star-wars-outlaws-world-of-warcraft-the-war-within-and-black-myth-wukong-768x384.jpg",768,384,true],"large":["https:\/\/playersforlife.com\/wp-content\/uploads\/2025\/06\/star-wars-outlaws-world-of-warcraft-the-war-within-and-black-myth-wukong-1024x512.jpg",1024,512,true],"1536x1536":["https:\/\/playersforlife.com\/wp-content\/uploads\/2025\/06\/star-wars-outlaws-world-of-warcraft-the-war-within-and-black-myth-wukong-1536x768.jpg",1536,768,true],"2048x2048":["https:\/\/playersforlife.com\/wp-content\/uploads\/2025\/06\/star-wars-outlaws-world-of-warcraft-the-war-within-and-black-myth-wukong-2048x1024.jpg",2048,1024,true],"penci-single-full":["https:\/\/playersforlife.com\/wp-content\/uploads\/2025\/06\/star-wars-outlaws-world-of-warcraft-the-war-within-and-black-myth-wukong.jpg",1920,960,false],"penci-slider-full-thumb":["https:\/\/playersforlife.com\/wp-content\/uploads\/2025\/06\/star-wars-outlaws-world-of-warcraft-the-war-within-and-black-myth-wukong.jpg",1600,800,false],"penci-full-thumb":["https:\/\/playersforlife.com\/wp-content\/uploads\/2025\/06\/star-wars-outlaws-world-of-warcraft-the-war-within-and-black-myth-wukong.jpg",1170,585,false],"penci-slider-thumb":["https:\/\/playersforlife.com\/wp-content\/uploads\/2025\/06\/star-wars-outlaws-world-of-warcraft-the-war-within-and-black-myth-wukong.jpg",1170,585,false],"penci-magazine-slider":["https:\/\/playersforlife.com\/wp-content\/uploads\/2025\/06\/star-wars-outlaws-world-of-warcraft-the-war-within-and-black-myth-wukong.jpg",780,390,false],"penci-thumb":["https:\/\/playersforlife.com\/wp-content\/uploads\/2025\/06\/star-wars-outlaws-world-of-warcraft-the-war-within-and-black-myth-wukong.jpg",585,293,false],"penci-masonry-thumb":["https:\/\/playersforlife.com\/wp-content\/uploads\/2025\/06\/star-wars-outlaws-world-of-warcraft-the-war-within-and-black-myth-wukong.jpg",585,293,false],"penci-thumb-square":["https:\/\/playersforlife.com\/wp-content\/uploads\/2025\/06\/star-wars-outlaws-world-of-warcraft-the-war-within-and-black-myth-wukong.jpg",585,293,false],"penci-thumb-vertical":["https:\/\/playersforlife.com\/wp-content\/uploads\/2025\/06\/star-wars-outlaws-world-of-warcraft-the-war-within-and-black-myth-wukong.jpg",480,240,false],"penci-thumb-small":["https:\/\/playersforlife.com\/wp-content\/uploads\/2025\/06\/star-wars-outlaws-world-of-warcraft-the-war-within-and-black-myth-wukong.jpg",263,132,false],"penci-recipe-1200x1200":["https:\/\/playersforlife.com\/wp-content\/uploads\/2025\/06\/star-wars-outlaws-world-of-warcraft-the-war-within-and-black-myth-wukong.jpg",1200,600,false],"penci-recipe-1200x900":["https:\/\/playersforlife.com\/wp-content\/uploads\/2025\/06\/star-wars-outlaws-world-of-warcraft-the-war-within-and-black-myth-wukong.jpg",1200,600,false],"penci-recipe-1200x675":["https:\/\/playersforlife.com\/wp-content\/uploads\/2025\/06\/star-wars-outlaws-world-of-warcraft-the-war-within-and-black-myth-wukong.jpg",1200,600,false]},"author_info":{"info":["Joakim Bergstr\u00f6m"]},"category_info":"<a href=\"https:\/\/playersforlife.com\/category\/platforms\/\" rel=\"category tag\">Platforms<\/a>","tag_info":"Platforms","comment_count":"0","_links":{"self":[{"href":"https:\/\/playersforlife.com\/sv\/wp-json\/wp\/v2\/posts\/25333","targetHints":{"allow":["GET"]}}],"collection":[{"href":"https:\/\/playersforlife.com\/sv\/wp-json\/wp\/v2\/posts"}],"about":[{"href":"https:\/\/playersforlife.com\/sv\/wp-json\/wp\/v2\/types\/post"}],"author":[{"embeddable":true,"href":"https:\/\/playersforlife.com\/sv\/wp-json\/wp\/v2\/users\/19"}],"replies":[{"embeddable":true,"href":"https:\/\/playersforlife.com\/sv\/wp-json\/wp\/v2\/comments?post=25333"}],"version-history":[{"count":1,"href":"https:\/\/playersforlife.com\/sv\/wp-json\/wp\/v2\/posts\/25333\/revisions"}],"predecessor-version":[{"id":25334,"href":"https:\/\/playersforlife.com\/sv\/wp-json\/wp\/v2\/posts\/25333\/revisions\/25334"}],"wp:featuredmedia":[{"embeddable":true,"href":"https:\/\/playersforlife.com\/sv\/wp-json\/wp\/v2\/media\/2733"}],"wp:attachment":[{"href":"https:\/\/playersforlife.com\/sv\/wp-json\/wp\/v2\/media?parent=25333"}],"wp:term":[{"taxonomy":"category","embeddable":true,"href":"https:\/\/playersforlife.com\/sv\/wp-json\/wp\/v2\/categories?post=25333"},{"taxonomy":"post_tag","embeddable":true,"href":"https:\/\/playersforlife.com\/sv\/wp-json\/wp\/v2\/tags?post=25333"}],"curies":[{"name":"wp","href":"https:\/\/api.w.org\/{rel}","templated":true}]}}