{"id":142950,"date":"2026-04-27T08:00:19","date_gmt":"2026-04-27T08:00:19","guid":{"rendered":"https:\/\/playersforlife.com\/2026\/04\/27\/sao-paulos-virada-cultural-visar-over-tusen-attraktioner-fordelade-pa-22-scenar\/"},"modified":"2026-04-27T08:09:05","modified_gmt":"2026-04-27T08:09:05","slug":"sao-paulos-virada-cultural-visar-over-tusen-attraktioner-fordelade-pa-22-scenar","status":"publish","type":"post","link":"https:\/\/playersforlife.com\/sv\/2026\/04\/27\/sao-paulos-virada-cultural-visar-over-tusen-attraktioner-fordelade-pa-22-scenar\/","title":{"rendered":"Sao Paulos Virada Cultural visar \u00f6ver tusen attraktioner f\u00f6rdelade p\u00e5 22 scenar"},"content":{"rendered":"<p><div class=\"key-takeaways\"><h3>Viktiga punkter<\/h3><p>Skapad med AI - vi experimenterar fortfarande! Urs\u00e4kta om det inte riktigt motsvarar dina f\u00f6rv\u00e4ntningar.<\/p><ul><li style=\"margin-bottom: 8px;\">S\u00e3o Paulos Kulturella Ombildning 2026 kommer att inneh\u00e5lla en enorm m\u00e4ngd kulturella attraktioner, d\u00e4ribland musikupptr\u00e4danden av popul\u00e4ra artister, spritt \u00f6ver mer \u00e4n 22 scener f\u00f6rutom i staden, med fokus p\u00e5 decentralisering.<\/li><li style=\"margin-bottom: 8px;\">Arrangemanget syftar till att f\u00f6rse musik och aktiviteter med olika delar av S\u00e3o Paulo, \u00e4ven under tidig morgontid, och kommer att inneh\u00e5lla speciella scener f\u00f6r kvinnliga, Brega och Rock-genrer, samt omr\u00e5den f\u00f6r gospelmusik.<\/li><li style=\"margin-bottom: 8px;\">Den \u00e5r 2026-upplagan kommer ocks\u00e5 att inneh\u00e5lla nya tematiserade omr\u00e5den samt samarbete med \u00f6ver hundra kulturinstitutioner, med syfte att f\u00f6rst\u00e4rka en kulturell korridor som ska stimulera allm\u00e4nna r\u00f6relser under helgen.<\/li><li style=\"margin-bottom: 8px;\">\u00c5ret innan lockade Virada Cultural cirka 4,7 miljoner bes\u00f6kare, vilket h\u00e5llit till fr\u00e5n f\u00f6reg\u00e5ende \u00e5rs deltagande p\u00e5 4,5 miljoner personer. Detta gjorde festivalen till en av Brasiliens st\u00f6rsta gratis kulturfestivaler. Programmet f\u00f6r den kommande utg\u00e5van 2026 kommer att offentliggas av Kommunalmyndigheten i maj.<\/li><\/ul><\/div><br \/>\n<h3>Recommended products<\/h3><p class=\"aws-affiliate-disclaimer\">This page contains affiliate links. As an Amazon Associate, we earn a commission from purchases made through these links.<\/p><div class=\"aws-product-grid\"><div class=\"aws-product-card\"><div class=\"aws-discount-badge\">-58%<\/div><div class=\"aws-product-image\"><a href=\"https:\/\/www.amazon.com\/Hearprotek-Reduction-Protection-Musicians-Nightclub\/dp\/B08PBQFQH6\/ref=sr_1_1?tag=playersforlif-20\" target=\"_blank\" rel=\"nofollow noopener noreferrer\"><img decoding=\"async\" src=\"https:\/\/m.media-amazon.com\/images\/I\/71fUNemtqhL._AC_SX569_PIbundle-2,TopRight,0,0_SH20_.jpg\" alt=\"Hearprotek Concert Ear Plugs, 2Pairs Reusable high Fidelity Musician Ear Plugs for Concerts Loud Music-Noise Reduction Ear Protection earplugs for Rave,Festival,Music,Tinnitus Relief\" title=\"\"><\/a><\/div><div class=\"aws-product-content\"><h4><a href=\"https:\/\/www.amazon.com\/Hearprotek-Reduction-Protection-Musicians-Nightclub\/dp\/B08PBQFQH6\/ref=sr_1_1?tag=playersforlif-20\" target=\"_blank\" rel=\"nofollow noopener noreferrer\">Hearprotek Concert Ear Plugs, 2Pairs Reusable high Fidelity Musician Ear Plugs for Concerts Loud Music-Noise Reduction Ear Protection earplugs for Rave,Festival,Music,Tinnitus Relief<\/a><\/h4><div class=\"aws-product-prices\"><span class=\"aws-original-price\">$17.99<\/span><span class=\"aws-discounted-price\">$7.50<\/span><\/div><\/div><\/div><div class=\"aws-product-card\"><div class=\"aws-discount-badge\">-62%<\/div><div class=\"aws-product-image\"><a href=\"https:\/\/www.amazon.com\/Reure-Cancelling-Musicians-Motorcycles-Protection\/dp\/B0CG9F5W3Q\/ref=sr_1_2?tag=playersforlif-20\" target=\"_blank\" rel=\"nofollow noopener noreferrer\"><img decoding=\"async\" src=\"https:\/\/m.media-amazon.com\/images\/I\/71QCYc-KxIL._AC_SX569_.jpg\" alt=\"Reure High Fidelity Concert Ear Plugs, Noise Cancelling Silicone Ear Plugs 2 Pairs Great for Concerts Loud Music, Musicians, Motorcycles, Airplanes, Raves, Hearing Protection -23 dB\" title=\"\"><\/a><\/div><div class=\"aws-product-content\"><h4><a href=\"https:\/\/www.amazon.com\/Reure-Cancelling-Musicians-Motorcycles-Protection\/dp\/B0CG9F5W3Q\/ref=sr_1_2?tag=playersforlif-20\" target=\"_blank\" rel=\"nofollow noopener noreferrer\">Reure High Fidelity Concert Ear Plugs, Noise Cancelling Silicone Ear Plugs 2 Pairs Great for Concerts Loud Music, Musicians, Motorcycles, Airplanes, Raves, Hearing Protection -23 dB<\/a><\/h4><div class=\"aws-product-prices\"><span class=\"aws-original-price\">$12.99<\/span><span class=\"aws-discounted-price\">$5.00<\/span><\/div><\/div><\/div><div class=\"aws-product-card\"><div class=\"aws-product-image\"><a href=\"https:\/\/www.amazon.com\/Eargasm-Festivals-Night-Life-Motorcycle-Protection\/dp\/B019M576XW\/ref=sr_1_3?tag=playersforlif-20\" target=\"_blank\" rel=\"nofollow noopener noreferrer\"><img decoding=\"async\" src=\"https:\/\/m.media-amazon.com\/images\/I\/51+5U7Qo-XL._AC_SX569_.jpg\" alt=\"Eargasm High Fidelity Blue Earplugs for Concerts, Festivals, Musicians, DJs, Night-Life, Motorcycle Hearing Protection - Reusable Ear Plugs for High Fidelity Noise Reduction up to 21 dB\" title=\"\"><\/a><\/div><div class=\"aws-product-content\"><h4><a href=\"https:\/\/www.amazon.com\/Eargasm-Festivals-Night-Life-Motorcycle-Protection\/dp\/B019M576XW\/ref=sr_1_3?tag=playersforlif-20\" target=\"_blank\" rel=\"nofollow noopener noreferrer\">Eargasm High Fidelity Blue Earplugs for Concerts, Festivals, Musicians, DJs, Night-Life, Motorcycle Hearing Protection - Reusable Ear Plugs for High Fidelity Noise Reduction up to 21 dB<\/a><\/h4><div class=\"aws-product-prices\"><span class=\"aws-current-price\">$43.95<\/span><\/div><\/div><\/div><\/div>\n        <style>\n            .aws-affiliate-disclaimer {\n                font-size: 13px;\n                color: #666;\n                margin: 4px 0 16px 0;\n            }\n\n            .aws-product-grid {\n                display: grid;\n                grid-template-columns: repeat(3, 1fr);\n                gap: 20px;\n                margin: 20px 0;\n            }\n            \n            .aws-product-card {\n                border: 1px solid #e0e0e0;\n                border-radius: 8px;\n                overflow: hidden;\n                background: #fff;\n                box-shadow: 0 2px 4px rgba(0,0,0,0.1);\n                transition: transform 0.2s ease, box-shadow 0.2s ease;\n                position: relative;\n            }\n            \n            .aws-product-card:hover {\n                transform: translateY(-2px);\n                box-shadow: 0 4px 8px rgba(0,0,0,0.15);\n            }\n            \n            .aws-discount-badge {\n                position: absolute;\n                top: 10px;\n                right: 10px;\n                background: #ff4444;\n                color: white;\n                padding: 4px 8px;\n                border-radius: 4px;\n                font-size: 12px;\n                font-weight: bold;\n                z-index: 2;\n            }\n            \n            .aws-product-image {\n                width: 100%;\n                height: 200px;\n                overflow: hidden;\n                background: #f5f5f5;\n            }\n            \n            .aws-product-image img {\n                width: 100%;\n                height: 100%;\n                object-fit: contain;\n                transition: transform 0.2s ease;\n            }\n            \n            .aws-product-image:hover img {\n                transform: scale(1.05);\n            }\n            \n            .aws-product-image a {\n                display: block;\n                width: 100%;\n                height: 100%;\n            }\n            \n            .aws-product-content {\n                padding: 15px;\n            }\n            \n            .aws-product-content h4 {\n                margin: 0 0 10px 0;\n                font-size: 16px;\n                line-height: 1.3;\n            }\n            \n            .aws-product-content h4 a {\n                color: #333;\n                text-decoration: none;\n                transition: color 0.2s ease;\n            }\n            \n            .aws-product-content h4 a:hover {\n                color: #0073aa;\n            }\n            \n            .aws-product-prices {\n                display: flex;\n                align-items: center;\n                gap: 8px;\n                font-weight: bold;\n            }\n            \n            .aws-original-price {\n                text-decoration: line-through;\n                color: #999;\n                font-size: 14px;\n            }\n            \n            .aws-discounted-price {\n                color: #ff4444;\n                font-size: 16px;\n            }\n            \n            .aws-current-price {\n                color: #333;\n                font-size: 16px;\n            }\n            \n            \/* Tablet styles - 2 columns *\/\n            @media (max-width: 768px) {\n                .aws-product-grid {\n                    grid-template-columns: repeat(2, 1fr);\n                    gap: 15px;\n                }\n                \n                .aws-product-image {\n                    height: 180px;\n                }\n            }\n            \n            \/* Mobile styles - 1 column *\/\n            @media (max-width: 480px) {\n                .aws-product-grid {\n                    grid-template-columns: 1fr;\n                    gap: 15px;\n                }\n                \n                .aws-product-image {\n                    height: 220px;\n                }\n                \n                .aws-product-content {\n                    padding: 12px;\n                }\n            }\n        <\/style><\/p>\n<p>S\u00e3o Paulo&#8217;s Virada Cultural 2026 \u00e4ger rum den 23 och 24 maj och kommer att inneh\u00e5lla upptr\u00e4danden av Thiaguinho, Marina Sena, Joelma, Gustavo Mioto, Gaby Amarantos, Alexandre Pires och Luiza Sonza. Enligt f\u00f6rl\u00e4ggande information fr\u00e5n kommunen \u00e4r h\u00e4ndelsen t\u00e4nkt att erbjuda \u00f6ver tusen kulturella attraktioner utspridda \u00f6ver 22 scenplatser runt staden, med syfte att ge musik och aktiviteter till olika delar av S\u00e3o Paulo \u00e4ven under tidiga morgontimmar. Denna \u00e5rs Virada Cultural har som m\u00e5l att dezentralisera h\u00e4ndelsen, med endast fem scenplatser bel\u00e4gna i det centrala Paulistanomr\u00e5det. Detta \u00e4r en avvikelse fr\u00e5n tidigare upplagor som prioriterade staden centrum. Denna f\u00f6r\u00e4ndring har skapat kritik d\u00e5 den ursprungliga id\u00e9n med Virada Cultural var att fr\u00e4mja allm\u00e4n deltagande i stadens centrum. Till exempel fanns det 27 scenplatser i stadscentret \u00e5r 2019, men bara en s\u00e5dan kvarstod \u00e5r 2023. Programmet kommer att inneh\u00e5lla en till\u00e4gnad Womens Stage (Palco Mulheres), och Brega- och Rockscenplatserna kommer att \u00e5terv\u00e4nda. Till traditionella scenplatser h\u00f6r nya tematiska platser som Palco Brega och Palco Mulheres, samt omr\u00e5den f\u00f6r gospel- och rockmusik. Detaljerad schemal\u00e4ggning med tid och plats kommer att offentligg\u00f6ras vid en presskonferens i maj.<\/p>\n<h2>Utvidgar Virada Cultural 2026 \u00f6ver S\u00e3o Paulo med tusentals attraktioner och avvikande scenplatser i olika zoner<\/h2>\n<p>Virada Cultural \u00e4r ett av Brasiliens st\u00f6rsta gratis kulturfestivaler, som erbjuder en 24-timmarsprogram med teater, dans, stadskonstn\u00e4rlig interveneringar, bildkonst, litteratur och mycket annat. H\u00e4ndelser arrangeras p\u00e5 kulturella institutioner inklusive Sesc S\u00e3o Paulo, MASP, Pinacoteca de S\u00e3o Paulo samt Museu da L\u00edngua Portuguesa. Mer \u00e4n hundra partner, inklusive Sesc, MASP, Fiesp, Instituto Moreira Salles, Pinacoteca och Museu da L\u00edngua Portuguesa, samarbetar om detta \u00e5rs festival. Den kommunala f\u00f6rvaltningen har uttalat att de kvarvarande scenplatserna kommer att installeras i s\u00f6dra, \u00f6stra, norra och v\u00e4stra zonerna, som st\u00e4rker en kulturell korridor t\u00e4nkt att stimulera allm\u00e4n resa \u00f6ver helgen. Senast \u00e5rs Virada Cultural lockade 4,7 miljoner bes\u00f6kare, med ett deltagande p\u00e5 4,5 miljoner deltagare som fortsatte fr\u00e5n f\u00f6reg\u00e5ende \u00e5rs festival. Det kompletta programmet f\u00f6r Virada-upplagan \u00e5r 2026 ska offentligg\u00f6ras av kommunen i maj. Denna text uttrycker inte n\u00f6dv\u00e4ndigtvis Portal Uais mening.<\/p>\n<div class=\"external-references\"><h2>Det pratas ocks\u00e5 om det i utl\u00e4ndsk press<\/h2><p class=\"external-references__disclaimer\">Om du f\u00f6rst\u00e5r engelska, h\u00e4r \u00e4r l\u00e4nkar till externa k\u00e4llor<\/p><ul class=\"external-references__list\"><li class=\"external-references__item\" data-index=\"1\"><span class=\"external-references__title\">Evento vai acontecer nos dias 23 e 24 de maio, com mais de mil atra\u00e7\u00f5es se apresentando em 22 palcos nas v\u00e1rias regi\u00f5es da cidade. Ao menos cinco palcos ser\u00e3o na regi\u00e3o central.<\/span><a href=\"https:\/\/g1.globo.com\/sp\/sao-paulo\/noticia\/2026\/04\/23\/virada-cultural-em-sp-tera-shows-de-thiaguinho-marina-sena-joelma-alexandre-pires-gustavo-mioto-e-luiza-sonza.ghtml\" target=\"_blank\" rel=\"noopener noreferrer nofollow\" class=\"external-references__link\"><span class=\"external-references__title\">Evento vai acontecer nos dias 23 e 24 de maio, com mais de mil atra\u00e7\u00f5es se apresentando em 22 palcos nas v\u00e1rias regi\u00f5es da cidade. Ao menos cinco palcos ser\u00e3o na regi\u00e3o central.<\/span><span class=\"external-references__domain\">g1.globo.com<\/span><\/a><\/li><li class=\"external-references__item\" data-index=\"2\"><span class=\"external-references__title\">Virada Cultural em SP ter\u00e1 mais de mil atra\u00e7\u00f5es em 22 palcos<\/span><a href=\"https:\/\/agenciabrasil.ebc.com.br\/cultura\/noticia\/2026-04\/virada-cultural-em-sp-tera-mais-de-mil-atracoes-em-22-palcos\" target=\"_blank\" rel=\"noopener noreferrer nofollow\" class=\"external-references__link\"><span class=\"external-references__title\">Virada Cultural em SP ter\u00e1 mais de mil atra\u00e7\u00f5es em 22 palcos<\/span><span class=\"external-references__domain\">agenciabrasil.ebc.com.br<\/span><\/a><\/li><li class=\"external-references__item\" data-index=\"3\"><span class=\"external-references__title\">Virada Cultural 2026 Schedule: What We Know So Far<\/span><a href=\"https:\/\/www.band.com.br\/entretenimento\/virada-cultural-de-sp-anuncia-thiaguinho-marina-sena-e-mais-mil-atracoes-202604230854\" target=\"_blank\" rel=\"noopener noreferrer nofollow\" class=\"external-references__link\"><span class=\"external-references__title\">Virada Cultural 2026 Schedule: What We Know So Far<\/span><span class=\"external-references__domain\">band.com.br<\/span><\/a><\/li><li class=\"external-references__item\" data-index=\"4\"><span class=\"external-references__title\">Virada Cultural 2026 ter\u00e1 shows de Thiaguinho, Marina Sena, Joelma e mais de mil atra\u00e7\u00f5es em SP<\/span><a href=\"https:\/\/saopaulosecreto.com\/en\/virada-cultural-sao-paulo-2026-en\/\" target=\"_blank\" rel=\"noopener noreferrer nofollow\" class=\"external-references__link\"><span class=\"external-references__title\">Virada Cultural 2026 ter\u00e1 shows de Thiaguinho, Marina Sena, Joelma e mais de mil atra\u00e7\u00f5es em SP<\/span><span class=\"external-references__domain\">saopaulosecreto.com<\/span><\/a><\/li><\/ul><\/div>\n","protected":false},"excerpt":{"rendered":"<p>F\u00f6rbered dig p\u00e5 en levande kulturell spektakel med Virada Cultural, som erbjuder tusentals attraktioner \u00f6ver 22 scenar och leds av traditionella Brega-scen och rockkonserter, \u00e5terkommer fr\u00e5n den 23 maj till 24 maj i S\u00e3o Paulo.<\/p>\n","protected":false},"author":18,"featured_media":142939,"comment_status":"closed","ping_status":"open","sticky":false,"template":"","format":"standard","meta":{"content-type":"","_lmt_disableupdate":"","_lmt_disable":"","movie_schema":"","tvshow_schema":"","videogame_schema":"","meta_description":"\"S\u00e3o Paulo's Virada Cultural returns May 23-24 with over a thousand attractions across 22 stages, aiming to maintain last year's record of 4.7 million attendees despite criticism over scenic changes.\"","meta_keywords":"seo-copywriting, saopaulo-cultural-events, virada-cultural, cultural-attractions, city-scene-venues","meta_author":"Jesper Lundgren","meta_robots":"index, follow","meta_language":"en","twitter_card":"summary_large_image","twitter_title":"\"Uppt\u00e4ck Sao Paulos Virada Cultural: \u00d6ver tusen attraktioner p\u00e5 22 scener!\"","twitter_description":"\"Uppt\u00e4ck Sao Paulos Virada Cultural! Den 23-24 maj med \u00f6ver tusen attraktioner p\u00e5 22 scenar runt hela staden. Kom och se de b\u00e4sta kulturella evenemanget! \ud83c\udf89\"","twitter_site":"","twitter_site_id":"","twitter_creator":"","twitter_creator_id":"","twitter_image":"https:\/\/jornalpolopaulistano.com.br\/wp-content\/uploads\/2025\/05\/Virada-Cultural-Foto-PMSP.jpeg","twitter_image_alt":"","twitter_app_name_iphone":"","twitter_app_id_iphone":"","twitter_app_url_iphone":"","twitter_app_name_ipad":"","twitter_app_id_ipad":"","twitter_app_url_ipad":"","twitter_app_name_googleplay":"","twitter_app_id_googleplay":"","twitter_app_url_googleplay":"","twitter_player":"","twitter_player_width":0,"twitter_player_height":0,"twitter_player_stream":"","og_title":"\"Uppt\u00e4ck Sao Paulos Virada Cultural: \u00d6ver tusen attraktioner p\u00e5 22 scener!\"","og_type":"article","og_url":"https:\/\/playersforlife.com\/sv\/2026\/04\/27\/sao-paulos-virada-cultural-visar-over-tusen-attraktioner-fordelade-pa-22-scenar\/","og_image":"https:\/\/jornalpolopaulistano.com.br\/wp-content\/uploads\/2025\/05\/Virada-Cultural-Foto-PMSP.jpeg","og_image_secure_url":"https:\/\/jornalpolopaulistano.com.br\/wp-content\/uploads\/2025\/05\/Virada-Cultural-Foto-PMSP.jpeg","og_image_type":"image\/jpeg","og_image_width":0,"og_image_height":0,"og_image_alt":"","og_description":"\"Uppt\u00e4ck Sao Paulos Virada Cultural! Den 23-24 maj med \u00f6ver tusen attraktioner p\u00e5 22 scenar runt hela staden. Kom och se de b\u00e4sta kulturella evenemanget! \ud83c\udf89\"","og_site_name":"PlayersForLife.com","og_locale":"en_US","og_article_published_time":"2026-04-27T08:00:19","og_article_modified_time":"2026-04-27T08:00:19","og_article_author":"Jesper Lundgren","og_article_section":"Events","og_article_tag":["MMORPG"],"og_video":"https:\/\/www.youtube.com\/embed\/WHxLrEA65TQ","og_video_secure_url":"https:\/\/www.youtube.com\/embed\/WHxLrEA65TQ","og_video_type":"","og_video_width":0,"og_video_height":0,"og_audio":"","og_audio_secure_url":"","og_audio_type":"","footnotes":""},"categories":[36],"tags":[46],"class_list":["post-142950","post","type-post","status-publish","format-standard","has-post-thumbnail","hentry","category-events","tag-mmorpg"],"lang":"sv","original_post_id":null,"featured_image_urls":{"full":["https:\/\/playersforlife.com\/wp-content\/uploads\/2026\/04\/image_2026-04-Apr-27-2026_04-07-23.jpg",1300,1065,false],"thumbnail":["https:\/\/playersforlife.com\/wp-content\/uploads\/2026\/04\/image_2026-04-Apr-27-2026_04-07-23-150x150.jpg",150,150,true],"medium":["https:\/\/playersforlife.com\/wp-content\/uploads\/2026\/04\/image_2026-04-Apr-27-2026_04-07-23-300x246.jpg",300,246,true],"medium_large":["https:\/\/playersforlife.com\/wp-content\/uploads\/2026\/04\/image_2026-04-Apr-27-2026_04-07-23-768x629.jpg",768,629,true],"large":["https:\/\/playersforlife.com\/wp-content\/uploads\/2026\/04\/image_2026-04-Apr-27-2026_04-07-23-1024x839.jpg",1024,839,true],"1536x1536":["https:\/\/playersforlife.com\/wp-content\/uploads\/2026\/04\/image_2026-04-Apr-27-2026_04-07-23.jpg",1300,1065,false],"2048x2048":["https:\/\/playersforlife.com\/wp-content\/uploads\/2026\/04\/image_2026-04-Apr-27-2026_04-07-23.jpg",1300,1065,false],"penci-single-full":["https:\/\/playersforlife.com\/wp-content\/uploads\/2026\/04\/image_2026-04-Apr-27-2026_04-07-23.jpg",1300,1065,false],"penci-slider-full-thumb":["https:\/\/playersforlife.com\/wp-content\/uploads\/2026\/04\/image_2026-04-Apr-27-2026_04-07-23-1300x800.jpg",1300,800,true],"penci-full-thumb":["https:\/\/playersforlife.com\/wp-content\/uploads\/2026\/04\/image_2026-04-Apr-27-2026_04-07-23-1170x959.jpg",1170,959,true],"penci-slider-thumb":["https:\/\/playersforlife.com\/wp-content\/uploads\/2026\/04\/image_2026-04-Apr-27-2026_04-07-23-1170x663.jpg",1170,663,true],"penci-magazine-slider":["https:\/\/playersforlife.com\/wp-content\/uploads\/2026\/04\/image_2026-04-Apr-27-2026_04-07-23-780x516.jpg",780,516,true],"penci-thumb":["https:\/\/playersforlife.com\/wp-content\/uploads\/2026\/04\/image_2026-04-Apr-27-2026_04-07-23-585x390.jpg",585,390,true],"penci-masonry-thumb":["https:\/\/playersforlife.com\/wp-content\/uploads\/2026\/04\/image_2026-04-Apr-27-2026_04-07-23-585x479.jpg",585,479,true],"penci-thumb-square":["https:\/\/playersforlife.com\/wp-content\/uploads\/2026\/04\/image_2026-04-Apr-27-2026_04-07-23-585x585.jpg",585,585,true],"penci-thumb-vertical":["https:\/\/playersforlife.com\/wp-content\/uploads\/2026\/04\/image_2026-04-Apr-27-2026_04-07-23-480x650.jpg",480,650,true],"penci-thumb-small":["https:\/\/playersforlife.com\/wp-content\/uploads\/2026\/04\/image_2026-04-Apr-27-2026_04-07-23-263x175.jpg",263,175,true],"penci-recipe-1200x1200":["https:\/\/playersforlife.com\/wp-content\/uploads\/2026\/04\/image_2026-04-Apr-27-2026_04-07-23-1200x1065.jpg",1200,1065,true],"penci-recipe-1200x900":["https:\/\/playersforlife.com\/wp-content\/uploads\/2026\/04\/image_2026-04-Apr-27-2026_04-07-23-1200x900.jpg",1200,900,true],"penci-recipe-1200x675":["https:\/\/playersforlife.com\/wp-content\/uploads\/2026\/04\/image_2026-04-Apr-27-2026_04-07-23-1200x675.jpg",1200,675,true]},"author_info":{"info":["Jesper Lundgren"]},"category_info":"<a href=\"https:\/\/playersforlife.com\/category\/events\/\" rel=\"category tag\">Events<\/a>","tag_info":"Events","comment_count":"0","_links":{"self":[{"href":"https:\/\/playersforlife.com\/sv\/wp-json\/wp\/v2\/posts\/142950","targetHints":{"allow":["GET"]}}],"collection":[{"href":"https:\/\/playersforlife.com\/sv\/wp-json\/wp\/v2\/posts"}],"about":[{"href":"https:\/\/playersforlife.com\/sv\/wp-json\/wp\/v2\/types\/post"}],"author":[{"embeddable":true,"href":"https:\/\/playersforlife.com\/sv\/wp-json\/wp\/v2\/users\/18"}],"replies":[{"embeddable":true,"href":"https:\/\/playersforlife.com\/sv\/wp-json\/wp\/v2\/comments?post=142950"}],"version-history":[{"count":1,"href":"https:\/\/playersforlife.com\/sv\/wp-json\/wp\/v2\/posts\/142950\/revisions"}],"predecessor-version":[{"id":142951,"href":"https:\/\/playersforlife.com\/sv\/wp-json\/wp\/v2\/posts\/142950\/revisions\/142951"}],"wp:featuredmedia":[{"embeddable":true,"href":"https:\/\/playersforlife.com\/sv\/wp-json\/wp\/v2\/media\/142939"}],"wp:attachment":[{"href":"https:\/\/playersforlife.com\/sv\/wp-json\/wp\/v2\/media?parent=142950"}],"wp:term":[{"taxonomy":"category","embeddable":true,"href":"https:\/\/playersforlife.com\/sv\/wp-json\/wp\/v2\/categories?post=142950"},{"taxonomy":"post_tag","embeddable":true,"href":"https:\/\/playersforlife.com\/sv\/wp-json\/wp\/v2\/tags?post=142950"}],"curies":[{"name":"wp","href":"https:\/\/api.w.org\/{rel}","templated":true}]}}