{"id":142920,"date":"2026-04-27T04:00:07","date_gmt":"2026-04-27T04:00:07","guid":{"rendered":"https:\/\/playersforlife.com\/2026\/04\/27\/indigenouskulturens-identitet-lyser-i-tv-brasils-utvalda-produktion\/"},"modified":"2026-04-27T04:12:04","modified_gmt":"2026-04-27T04:12:04","slug":"indigenouskulturens-identitet-lyser-i-tv-brasils-utvalda-produktion","status":"publish","type":"post","link":"https:\/\/playersforlife.com\/sv\/2026\/04\/27\/indigenouskulturens-identitet-lyser-i-tv-brasils-utvalda-produktion\/","title":{"rendered":"Indigenouskulturens identitet lyser i TV Brasils utvalda produktion"},"content":{"rendered":"<p><div class=\"key-takeaways\"><h3>Viktiga punkter<\/h3><p>Skapad med AI - vi experimenterar fortfarande! Urs\u00e4kta om det inte riktigt motsvarar dina f\u00f6rv\u00e4ntningar.<\/p><ul><li style=\"margin-bottom: 8px;\">Gente de Verdade \u00e4r en dokument\u00e4rserie som f\u00f6ljer uppk\u00e4mpandet av Paiter Surui-folket f\u00f6r att bevara sin stamhistoria i Amazonomr\u00e5det. Den producerades som en del av MINC och ANCINE PRODAV-programmet.<\/li><li style=\"margin-bottom: 8px;\">Serien f\u00f6ljer fyra individer fr\u00e5n tre generationer som str\u00e4var efter att beh\u00e5lla sin identitet i konflikt med p\u00e5tryckningar fr\u00e5n kristendomen, staden och nya tekniker.<\/li><li style=\"margin-bottom: 8px;\">Filmat i Sete de Setembros urinvalsomr\u00e5de g\u00e5r djupare in i teman som h\u00e4rstamning och kontrasten mellan tradition och nutid, ramar av en omstridd arkiv fr\u00e5n deras f\u00f6rsta kontakt med utomst\u00e5ende under 1970-talet.<\/li><li style=\"margin-bottom: 8px;\">S\u00e4ndningen av Gente de Verdade p\u00e5 TV Brasil ger en betydande nationell n\u00e5gotal, vilket m\u00f6jligg\u00f6r ett bredare f\u00f6rst\u00e5nd f\u00f6r urfolksber\u00e4ttelser, styrker dialog, respekt och erk\u00e4nsla f\u00f6r historiskt f\u00f6rsummade samh\u00e4llen.<\/li><\/ul><\/div><br \/>\n<h3>Recommended products<\/h3><p class=\"aws-affiliate-disclaimer\">This page contains affiliate links. As an Amazon Associate, we earn a commission from purchases made through these links.<\/p><div class=\"aws-product-grid\"><div class=\"aws-product-card\"><div class=\"aws-product-image\"><a href=\"https:\/\/www.amazon.com\/LuciPaw-Historical-Education-Decoration-Halloween\/dp\/B0F9Y2RLCC\/ref=sr_1_2?tag=playersforlif-20\" target=\"_blank\" rel=\"nofollow noopener noreferrer\"><img decoding=\"async\" src=\"https:\/\/m.media-amazon.com\/images\/I\/81xcBGDt-ZL._AC_SY450_.jpg\" alt=\"28 PCS Native American Indians Figures Toys Set, Include Plastic Figurine Toys Trees Moss Sand Stones, Kids Historical Education School Project Decoration Birthday Halloween\" title=\"\"><\/a><\/div><div class=\"aws-product-content\"><h4><a href=\"https:\/\/www.amazon.com\/LuciPaw-Historical-Education-Decoration-Halloween\/dp\/B0F9Y2RLCC\/ref=sr_1_2?tag=playersforlif-20\" target=\"_blank\" rel=\"nofollow noopener noreferrer\">28 PCS Native American Indians Figures Toys Set, Include Plastic Figurine Toys Trees Moss Sand Stones, Kids Historical Education School Project Decoration Birthday Halloween<\/a><\/h4><div class=\"aws-product-prices\"><span class=\"aws-current-price\">$22.98<\/span><\/div><\/div><\/div><div class=\"aws-product-card\"><div class=\"aws-product-image\"><a href=\"https:\/\/www.amazon.com\/ONEST-Figurines-Historical-Decoration-Dollhouse\/dp\/B0DP2D2LRN\/ref=sr_1_3?tag=playersforlif-20\" target=\"_blank\" rel=\"nofollow noopener noreferrer\"><img decoding=\"async\" src=\"https:\/\/m.media-amazon.com\/images\/I\/818xqgJR4xL._AC_SY450_.jpg\" alt=\"ONEST 22 Pieces Native American Figurines Indian Figurines Indians Historical Plastic Action Figures for Projects Decoration Birthday Gift Dollhouse Cake Toppers\" title=\"\"><\/a><\/div><div class=\"aws-product-content\"><h4><a href=\"https:\/\/www.amazon.com\/ONEST-Figurines-Historical-Decoration-Dollhouse\/dp\/B0DP2D2LRN\/ref=sr_1_3?tag=playersforlif-20\" target=\"_blank\" rel=\"nofollow noopener noreferrer\">ONEST 22 Pieces Native American Figurines Indian Figurines Indians Historical Plastic Action Figures for Projects Decoration Birthday Gift Dollhouse Cake Toppers<\/a><\/h4><div class=\"aws-product-prices\"><span class=\"aws-current-price\">$9.99<\/span><\/div><\/div><\/div><\/div>\n        <style>\n            .aws-affiliate-disclaimer {\n                font-size: 13px;\n                color: #666;\n                margin: 4px 0 16px 0;\n            }\n\n            .aws-product-grid {\n                display: grid;\n                grid-template-columns: repeat(3, 1fr);\n                gap: 20px;\n                margin: 20px 0;\n            }\n            \n            .aws-product-card {\n                border: 1px solid #e0e0e0;\n                border-radius: 8px;\n                overflow: hidden;\n                background: #fff;\n                box-shadow: 0 2px 4px rgba(0,0,0,0.1);\n                transition: transform 0.2s ease, box-shadow 0.2s ease;\n                position: relative;\n            }\n            \n            .aws-product-card:hover {\n                transform: translateY(-2px);\n                box-shadow: 0 4px 8px rgba(0,0,0,0.15);\n            }\n            \n            .aws-discount-badge {\n                position: absolute;\n                top: 10px;\n                right: 10px;\n                background: #ff4444;\n                color: white;\n                padding: 4px 8px;\n                border-radius: 4px;\n                font-size: 12px;\n                font-weight: bold;\n                z-index: 2;\n            }\n            \n            .aws-product-image {\n                width: 100%;\n                height: 200px;\n                overflow: hidden;\n                background: #f5f5f5;\n            }\n            \n            .aws-product-image img {\n                width: 100%;\n                height: 100%;\n                object-fit: contain;\n                transition: transform 0.2s ease;\n            }\n            \n            .aws-product-image:hover img {\n                transform: scale(1.05);\n            }\n            \n            .aws-product-image a {\n                display: block;\n                width: 100%;\n                height: 100%;\n            }\n            \n            .aws-product-content {\n                padding: 15px;\n            }\n            \n            .aws-product-content h4 {\n                margin: 0 0 10px 0;\n                font-size: 16px;\n                line-height: 1.3;\n            }\n            \n            .aws-product-content h4 a {\n                color: #333;\n                text-decoration: none;\n                transition: color 0.2s ease;\n            }\n            \n            .aws-product-content h4 a:hover {\n                color: #0073aa;\n            }\n            \n            .aws-product-prices {\n                display: flex;\n                align-items: center;\n                gap: 8px;\n                font-weight: bold;\n            }\n            \n            .aws-original-price {\n                text-decoration: line-through;\n                color: #999;\n                font-size: 14px;\n            }\n            \n            .aws-discounted-price {\n                color: #ff4444;\n                font-size: 16px;\n            }\n            \n            .aws-current-price {\n                color: #333;\n                font-size: 16px;\n            }\n            \n            \/* Tablet styles - 2 columns *\/\n            @media (max-width: 768px) {\n                .aws-product-grid {\n                    grid-template-columns: repeat(2, 1fr);\n                    gap: 15px;\n                }\n                \n                .aws-product-image {\n                    height: 180px;\n                }\n            }\n            \n            \/* Mobile styles - 1 column *\/\n            @media (max-width: 480px) {\n                .aws-product-grid {\n                    grid-template-columns: 1fr;\n                    gap: 15px;\n                }\n                \n                .aws-product-image {\n                    height: 220px;\n                }\n                \n                .aws-product-content {\n                    padding: 12px;\n                }\n            }\n        <\/style><\/p>\n<p>EBC:s TV Brasil har valt ut &#8221;Gente de Verdade&#8221;, en dokument\u00e4rserie som f\u00f6ljer Paiter Suruis folks kamp f\u00f6r att h\u00e5lla deras stamhistoria levande i Amazonomr\u00e5det. Projektet var ett av 39 produktioner som valdes av EBC, med en total investering p\u00e5 R109,889,224,78 &#8211; det st\u00f6rsta n\u00e5gonsin fr\u00e5n den brasilianska regeringen f\u00f6r offentlig TV-inneh\u00e5ll. &#8221;Gente de Verdade&#8221; ing\u00e5r i Minist\u00e4rens kulturprogram (MINC) och Nationella Filminstansens (ANCINE) PRODAV-program och valdes in under kategorin Samh\u00e4lle och Kultur tillsammans med sju andra produktioner. Serien \u00e4r placerad p\u00e5 Sete de Setembro ursprungsfolksomr\u00e5de, som str\u00e4cker sig \u00f6ver delstaterna Rond\u00f4nia och Mato Grosso, hem f\u00f6r Paiter Surui-folket. Detta samh\u00e4lle tr\u00e4ffade f\u00f6rst icke-ursprungsfolk under mindre \u00e4n 50 \u00e5r sedan. Sedan dess har samh\u00e4llet genomg\u00e5tt omfattande f\u00f6r\u00e4ndringar: traditionerna har minskat, med kyrkor som ersatt skamans och ceremonier som fallit bort, och det ursprungliga TupiMonde-spr\u00e5ket har gl\u00f6mt avs de yngre generationerna.<\/p>\n<p>&#8221;Gente de Verdade&#8221; f\u00f6ljer fyra Suruiindivider \u2013 Ubiratan, Agamenon, Celesty och Kennedy \u2013 fr\u00e5n tre olika generationer. De str\u00e4var efter att bevara sin identitet i en v\u00e4rld d\u00e4r de st\u00e5r inf\u00f6r tryck fr\u00e5n kristendom, stadsliv och nya teknologier. Temat \u00e4r arv, tillh\u00f6righet och den sp\u00e4nning som uppst\u00e5r mellan tradition och modernitet. Serien omfattar \u00e5tta avsnitt, varje 26 minuter l\u00e5ngt, och leds av urinv\u00e5nare, vilket ger en insidervy och ett perspektiv p\u00e5 Surui-livet. Handlingen koncentrerar sig kring ett avg\u00f6rande uppt\u00e4ckt \u2013 gamla fotografier tagna av en tysk fotograf under Paiter Suruis f\u00f6rsta m\u00f6te med yttre v\u00e4rlden i 1970-talet. Dessa bilder ledde till en debatt om minne, andlighet och identitet, eftersom de oroade sig f\u00f6r att de kunde granskas utan att ha brutit mot religi\u00f6sa regler eller traditioner som f\u00f6rbjuder n\u00e4mning av de d\u00f6da.<\/p>\n<p>Antonia Pellegrino, tidigare chefsansvarig f\u00f6r inneh\u00e5ll och programmering hos TV Brasil, valde &#8221;Gente de Verdade&#8221;. Hon trodde att serien hade potential att vinna varje t\u00e4vling, men dess skapare valde en allm\u00e4n kanal f\u00f6r att ge r\u00f6st till tidigare of\u00f6rh\u00f6rda befolkningar. Pellegrino uttryckte sig: &#8221;Serien placerar slutligen fokus p\u00e5 historier som helt ignorerats \u00e4nda sedan b\u00f6rjan.&#8221; Serien visar fyra individer av stammen Paiter Surui fr\u00e5n tre generationer som str\u00e4var efter att bevara sin identitet i ett v\u00e4rldssamh\u00e4lle d\u00e4r de st\u00e5r inf\u00f6r tryck fr\u00e5n kristendom, stadsliv och nya teknologier. Filmat p\u00e5 Sete de Setembro-indigena landomr\u00e5de, ber\u00e4ttar den historier om arv och mots\u00e4gelse mellan tradition och modernitet, baserade p\u00e5 en debatterad arkivsamling fr\u00e5n deras f\u00f6rsta kontakt med utsida i 1970-talet.<\/p>\n<p>&#8221;Gente de Verdade&#8221;, ibland kallat &#8221;Sanna m\u00e4nniskor&#8221;, h\u00f6jer indigenous filmmakare. Ubiratan Surui, en urfolkslig filmare, regiserar dokuserialserien, med Natalia Tupi, en urfotograf, som bidrar till manuset. Serien delar ut ber\u00e4ttelser direkt fr\u00e5n samh\u00e4llets levande erfarenheter. Ubiratan f\u00f6rklarade: &#8221;Detta projekt handlar om v\u00e5r egen perspektiv. L\u00e4nge har ber\u00e4ttelser om oss ber\u00e4ttats av utomst\u00e5ende. Nu ber\u00e4ttar vi dem sj\u00e4lva.&#8221; Placerad i Brazilians Sete de Setembro urfolksland, \u00e4r serien en \u00e5ttadelad serie som utforskar anor och tillh\u00f6righet, medan tradition balanseras mot modernitet. EBC-presidenten Antonia Pellegrino hyllade projektets potentiell och valde att s\u00e4nda det i offentlig TV f\u00f6r att ge r\u00f6st \u00e5t historiskt \u00f6verkikade urfolkskommuner. S\u00e4ndningen av en urfolkslig dokument\u00e4r som &#8221;Gente de Verdade&#8221; p\u00e5 TV Brasil ger betydande nationell n\u00e5dd och st\u00f6rre f\u00f6rst\u00e5else f\u00f6r urfolkshistorier. Denna plattform f\u00f6der dialog, respekt och erk\u00e4nnande. Enligt Surui: &#8221;N\u00e4r vi visas upp d\u00e4r slutar invisibiliteten och g\u00f6r att Brasilien riktigt h\u00f6r oss Originala m\u00e4nniskorna.&#8221;<\/p>\n<h2>Utst\u00e4llning fokuserar p\u00e5 Paiter Suruis resa genom objektivet av tiden<\/h2>\n<p>N\u00e5gon m\u00e5nad senare visade Moreira Salles-institutet i S\u00e3o Paulo en utst\u00e4llning med titeln &#8221;Sanna m\u00e4nniskor&#8221;, som inneh\u00f6ll 800 fotografier av Paiter Surui-folket tagna sedan kamerorna kom till deras land f\u00f6rsta g\u00e5ngen p\u00e5 1970-talet. Utst\u00e4llningen fokuserade p\u00e5 deras ber\u00e4ttelser, traditioner och vanliga liv. Mer information finns p\u00e5 IMS:s webbplats. Denna inneh\u00e5llsf\u00f6rteckning \u00e4r oberoende och uttrycker inte n\u00f6dv\u00e4ndigtvis institutionens \u00e5sikter.<\/p>\n<p><img decoding=\"async\" style=\"width: 100%\" src=\"https:\/\/ecopore.org.br\/wp-content\/uploads\/2025\/12\/image-21.png\" alt=\"\" title=\"\"><\/p>\n","protected":false},"excerpt":{"rendered":"<p>Uppkoppa p\u00e5 den unika resan av Paiter Suru\u00ed-samh\u00e4llet i Amazonomr\u00e5det i Brasilien genom &#8217;Real People&#8217;, en dokument\u00e4rserie som autentiskt visar deras utmaningar, traditioner och dr\u00f6mmar, ger r\u00f6st till en historiskt tystad gemenskap.<\/p>\n","protected":false},"author":20,"featured_media":142909,"comment_status":"closed","ping_status":"open","sticky":false,"template":"","format":"standard","meta":{"content-type":"","_lmt_disableupdate":"","_lmt_disable":"","movie_schema":"","tvshow_schema":"","videogame_schema":"","meta_description":"Indigenous culture's identity shines in TV Brazil's selected production","meta_keywords":"indigenous culture, indigenous identity, Amazon rainforest, Paiter Suru\u00ed, TV Brazil, audiovisual content, public broadcasting","meta_author":"Niklas Sundin","meta_robots":"index, follow","meta_language":"en","twitter_card":"summary_large_image","twitter_title":"Indigenous Culture Shines in TV Brazil's Selected Production","twitter_description":"Den h\u00e4r blogginl\u00e4gget \u00e4r en smygvis uppm\u00e4rksammad historia om \"Sant Mannen\", en indianfilmare fr\u00e5n Amazonregnskogen i Brasilien som har blivit utvald f\u00f6r offentlig TV. Den dokumentariska serien, ledd av medlemmar fr\u00e5n det etniska Paiter Suru\u00ed-folket och koordinator av EBC:s president Antonia Pellegrino, \u00e4r en del av en stor investering fr\u00e5n den brasilianska staten och str\u00e4var efter att bevara minnet och identiteten hos Surui-folket. Med en djup personlig syn p\u00e5 Surui-liv och \u00e5tta avsnitt som fokuserar p\u00e5 autentiska ber\u00e4ttelser byggda p\u00e5 de levde erfarenheterna inom f\u00f6rsamlingen, \u00e4r \"Sant Mannen\" ett kraftfullt framr\u00f6stande av historien till alla.","twitter_site":"","twitter_site_id":"","twitter_creator":"","twitter_creator_id":"","twitter_image":"https:\/\/dmp5lmf6xm59p.cloudfront.net\/121512\/montagem-paiter-surui_ims-paulista_26_1920x1280.jpg","twitter_image_alt":"","twitter_app_name_iphone":"","twitter_app_id_iphone":"","twitter_app_url_iphone":"","twitter_app_name_ipad":"","twitter_app_id_ipad":"","twitter_app_url_ipad":"","twitter_app_name_googleplay":"","twitter_app_id_googleplay":"","twitter_app_url_googleplay":"","twitter_player":"","twitter_player_width":0,"twitter_player_height":0,"twitter_player_stream":"","og_title":"Indigenous Culture Shines in TV Brazil's Selected Production","og_type":"article","og_url":"https:\/\/playersforlife.com\/sv\/2026\/04\/27\/indigenouskulturens-identitet-lyser-i-tv-brasils-utvalda-produktion\/","og_image":"https:\/\/dmp5lmf6xm59p.cloudfront.net\/121512\/montagem-paiter-surui_ims-paulista_26_1920x1280.jpg","og_image_secure_url":"https:\/\/dmp5lmf6xm59p.cloudfront.net\/121512\/montagem-paiter-surui_ims-paulista_26_1920x1280.jpg","og_image_type":"image\/jpeg","og_image_width":0,"og_image_height":0,"og_image_alt":"","og_description":"Den h\u00e4r blogginl\u00e4gget \u00e4r en smygvis uppm\u00e4rksammad historia om \"Sant Mannen\", en indianfilmare fr\u00e5n Amazonregnskogen i Brasilien som har blivit utvald f\u00f6r offentlig TV. Den dokumentariska serien, ledd av medlemmar fr\u00e5n det etniska Paiter Suru\u00ed-folket och koordinator av EBC:s president Antonia Pellegrino, \u00e4r en del av en stor investering fr\u00e5n den brasilianska staten och str\u00e4var efter att bevara minnet och identiteten hos Surui-folket. Med en djup personlig syn p\u00e5 Surui-liv och \u00e5tta avsnitt som fokuserar p\u00e5 autentiska ber\u00e4ttelser byggda p\u00e5 de levde erfarenheterna inom f\u00f6rsamlingen, \u00e4r \"Sant Mannen\" ett kraftfullt framr\u00f6stande av historien till alla.","og_site_name":"PlayersForLife.com","og_locale":"en_US","og_article_published_time":"2026-04-27T04:00:07","og_article_modified_time":"2026-04-27T04:00:07","og_article_author":"Niklas Sundin","og_article_section":"Community","og_article_tag":["Mixed"],"og_video":"https:\/\/www.youtube.com\/embed\/HZOSBQJM1Mc","og_video_secure_url":"https:\/\/www.youtube.com\/embed\/HZOSBQJM1Mc","og_video_type":"","og_video_width":0,"og_video_height":0,"og_audio":"","og_audio_secure_url":"","og_audio_type":"","footnotes":""},"categories":[34],"tags":[43,45],"class_list":["post-142920","post","type-post","status-publish","format-standard","has-post-thumbnail","hentry","category-community","tag-adventure","tag-mixed"],"lang":"sv","original_post_id":null,"featured_image_urls":{"full":["https:\/\/playersforlife.com\/wp-content\/uploads\/2026\/04\/image_2026-04-Apr-27-2026_00-09-49.jpg",1200,733,false],"thumbnail":["https:\/\/playersforlife.com\/wp-content\/uploads\/2026\/04\/image_2026-04-Apr-27-2026_00-09-49-150x150.jpg",150,150,true],"medium":["https:\/\/playersforlife.com\/wp-content\/uploads\/2026\/04\/image_2026-04-Apr-27-2026_00-09-49-300x183.jpg",300,183,true],"medium_large":["https:\/\/playersforlife.com\/wp-content\/uploads\/2026\/04\/image_2026-04-Apr-27-2026_00-09-49-768x469.jpg",768,469,true],"large":["https:\/\/playersforlife.com\/wp-content\/uploads\/2026\/04\/image_2026-04-Apr-27-2026_00-09-49-1024x625.jpg",1024,625,true],"1536x1536":["https:\/\/playersforlife.com\/wp-content\/uploads\/2026\/04\/image_2026-04-Apr-27-2026_00-09-49.jpg",1200,733,false],"2048x2048":["https:\/\/playersforlife.com\/wp-content\/uploads\/2026\/04\/image_2026-04-Apr-27-2026_00-09-49.jpg",1200,733,false],"penci-single-full":["https:\/\/playersforlife.com\/wp-content\/uploads\/2026\/04\/image_2026-04-Apr-27-2026_00-09-49.jpg",1200,733,false],"penci-slider-full-thumb":["https:\/\/playersforlife.com\/wp-content\/uploads\/2026\/04\/image_2026-04-Apr-27-2026_00-09-49.jpg",1200,733,false],"penci-full-thumb":["https:\/\/playersforlife.com\/wp-content\/uploads\/2026\/04\/image_2026-04-Apr-27-2026_00-09-49-1170x715.jpg",1170,715,true],"penci-slider-thumb":["https:\/\/playersforlife.com\/wp-content\/uploads\/2026\/04\/image_2026-04-Apr-27-2026_00-09-49-1170x663.jpg",1170,663,true],"penci-magazine-slider":["https:\/\/playersforlife.com\/wp-content\/uploads\/2026\/04\/image_2026-04-Apr-27-2026_00-09-49-780x516.jpg",780,516,true],"penci-thumb":["https:\/\/playersforlife.com\/wp-content\/uploads\/2026\/04\/image_2026-04-Apr-27-2026_00-09-49-585x390.jpg",585,390,true],"penci-masonry-thumb":["https:\/\/playersforlife.com\/wp-content\/uploads\/2026\/04\/image_2026-04-Apr-27-2026_00-09-49-585x357.jpg",585,357,true],"penci-thumb-square":["https:\/\/playersforlife.com\/wp-content\/uploads\/2026\/04\/image_2026-04-Apr-27-2026_00-09-49-585x585.jpg",585,585,true],"penci-thumb-vertical":["https:\/\/playersforlife.com\/wp-content\/uploads\/2026\/04\/image_2026-04-Apr-27-2026_00-09-49-480x650.jpg",480,650,true],"penci-thumb-small":["https:\/\/playersforlife.com\/wp-content\/uploads\/2026\/04\/image_2026-04-Apr-27-2026_00-09-49-263x175.jpg",263,175,true],"penci-recipe-1200x1200":["https:\/\/playersforlife.com\/wp-content\/uploads\/2026\/04\/image_2026-04-Apr-27-2026_00-09-49.jpg",1200,733,false],"penci-recipe-1200x900":["https:\/\/playersforlife.com\/wp-content\/uploads\/2026\/04\/image_2026-04-Apr-27-2026_00-09-49.jpg",1200,733,false],"penci-recipe-1200x675":["https:\/\/playersforlife.com\/wp-content\/uploads\/2026\/04\/image_2026-04-Apr-27-2026_00-09-49-1200x675.jpg",1200,675,true]},"author_info":{"info":["Niklas Sundin"]},"category_info":"<a href=\"https:\/\/playersforlife.com\/category\/community\/\" rel=\"category tag\">Community<\/a>","tag_info":"Community","comment_count":"0","_links":{"self":[{"href":"https:\/\/playersforlife.com\/sv\/wp-json\/wp\/v2\/posts\/142920","targetHints":{"allow":["GET"]}}],"collection":[{"href":"https:\/\/playersforlife.com\/sv\/wp-json\/wp\/v2\/posts"}],"about":[{"href":"https:\/\/playersforlife.com\/sv\/wp-json\/wp\/v2\/types\/post"}],"author":[{"embeddable":true,"href":"https:\/\/playersforlife.com\/sv\/wp-json\/wp\/v2\/users\/20"}],"replies":[{"embeddable":true,"href":"https:\/\/playersforlife.com\/sv\/wp-json\/wp\/v2\/comments?post=142920"}],"version-history":[{"count":1,"href":"https:\/\/playersforlife.com\/sv\/wp-json\/wp\/v2\/posts\/142920\/revisions"}],"predecessor-version":[{"id":142921,"href":"https:\/\/playersforlife.com\/sv\/wp-json\/wp\/v2\/posts\/142920\/revisions\/142921"}],"wp:featuredmedia":[{"embeddable":true,"href":"https:\/\/playersforlife.com\/sv\/wp-json\/wp\/v2\/media\/142909"}],"wp:attachment":[{"href":"https:\/\/playersforlife.com\/sv\/wp-json\/wp\/v2\/media?parent=142920"}],"wp:term":[{"taxonomy":"category","embeddable":true,"href":"https:\/\/playersforlife.com\/sv\/wp-json\/wp\/v2\/categories?post=142920"},{"taxonomy":"post_tag","embeddable":true,"href":"https:\/\/playersforlife.com\/sv\/wp-json\/wp\/v2\/tags?post=142920"}],"curies":[{"name":"wp","href":"https:\/\/api.w.org\/{rel}","templated":true}]}}