{"id":127407,"date":"2026-03-15T03:00:43","date_gmt":"2026-03-15T03:00:43","guid":{"rendered":"https:\/\/playersforlife.com\/2026\/03\/15\/buffys-aterstart-skjuts-upp\/"},"modified":"2026-03-15T03:10:29","modified_gmt":"2026-03-15T03:10:29","slug":"buffys-aterstart-skjuts-upp","status":"publish","type":"post","link":"https:\/\/playersforlife.com\/sv\/2026\/03\/15\/buffys-aterstart-skjuts-upp\/","title":{"rendered":"Buffys \u00e5terstart skjuts upp"},"content":{"rendered":"<p><div class=\"key-takeaways\"><h3>Viktiga punkter<\/h3><p>Skapad med AI - vi experimenterar fortfarande! Urs\u00e4kta om det inte riktigt motsvarar dina f\u00f6rv\u00e4ntningar.<\/p><ul><li style=\"margin-bottom: 8px;\">Buffys vampyrj\u00e4gare-omstart, med Sarah Michelle Gellar i huvudrollen, har avbrutits av Hulu p\u00e5 grund av sammansatta menings- och synvissa brister.<\/li><li style=\"margin-bottom: 8px;\">Enligt Deadline var Hulu olycklig \u00f6ver det ursprungliga manuskriptet och hade begr\u00e4nsningar vad g\u00e4ller Chloe Zhaos syn p\u00e5 projektet.<\/li><li style=\"margin-bottom: 8px;\">Trots avslaget p\u00e5 det nuvarande omstartet, kan Hulu fortfarande ha intresse f\u00f6r att granska alternativa metoder f\u00f6r en potentiell \u00e5terkomst av Buffy.<\/li><li style=\"margin-bottom: 8px;\">Sarah Michelle Gellar uttryckte sitt tack till regiss\u00f6ren Chlo\u00e9 Zhao och erk\u00e4nde Hulu i sin offentliga meddelande om avskr\u00e4ckningen av \u00e5terstarten.<\/li><\/ul><\/div><br \/>\n<h3>Recommended products<\/h3><p class=\"aws-affiliate-disclaimer\">This page contains affiliate links. As an Amazon Associate, we earn a commission from purchases made through these links.<\/p><div class=\"aws-product-grid\"><div class=\"aws-product-card\"><div class=\"aws-discount-badge\">-5%<\/div><div class=\"aws-product-image\"><a href=\"https:\/\/www.amazon.com\/Funko-Pop-TV-Collectable-Merchandise\/dp\/B0DSWJF552\/ref=sr_1_3?tag=playersforlif-20\" target=\"_blank\" rel=\"nofollow noopener noreferrer\"><img decoding=\"async\" src=\"https:\/\/m.media-amazon.com\/images\/I\/71jwU97YbqL._AC_SX679_.jpg\" alt=\"Funko\" title=\"\"><\/a><\/div><div class=\"aws-product-content\"><h4><a href=\"https:\/\/www.amazon.com\/Funko-Pop-TV-Collectable-Merchandise\/dp\/B0DSWJF552\/ref=sr_1_3?tag=playersforlif-20\" target=\"_blank\" rel=\"nofollow noopener noreferrer\">Funko<\/a><\/h4><div class=\"aws-product-prices\"><span class=\"aws-original-price\">$14.99<\/span><span class=\"aws-discounted-price\">$14.24<\/span><\/div><\/div><\/div><div class=\"aws-product-card\"><div class=\"aws-product-image\"><a href=\"https:\/\/www.amazon.com\/BST-AXN-Buffy-Vampire-Slayer\/dp\/B08ZC8T2FM\/ref=sr_1_1?tag=playersforlif-20\" target=\"_blank\" rel=\"nofollow noopener noreferrer\"><img decoding=\"async\" src=\"https:\/\/m.media-amazon.com\/images\/I\/51Iv5lLla2L._AC_SX679_.jpg\" alt=\"The Loyal Subjects BST AXN Buffy The Vampire Slayer Angel 5 Inch Action Figure\" title=\"\"><\/a><\/div><div class=\"aws-product-content\"><h4><a href=\"https:\/\/www.amazon.com\/BST-AXN-Buffy-Vampire-Slayer\/dp\/B08ZC8T2FM\/ref=sr_1_1?tag=playersforlif-20\" target=\"_blank\" rel=\"nofollow noopener noreferrer\">The Loyal Subjects BST AXN Buffy The Vampire Slayer Angel 5 Inch Action Figure<\/a><\/h4><div class=\"aws-product-prices\"><span class=\"aws-current-price\">$6.95<\/span><\/div><\/div><\/div><div class=\"aws-product-card\"><div class=\"aws-product-image\"><a href=\"https:\/\/www.amazon.com\/Funko-Pop-TV-Vampire-Slayer\/dp\/B0CV7SGJZF\/ref=sr_1_3?tag=playersforlif-20\" target=\"_blank\" rel=\"nofollow noopener noreferrer\"><img decoding=\"async\" src=\"https:\/\/m.media-amazon.com\/images\/I\/71T-E9tOGmL._AC_SX679_.jpg\" alt=\"Funko POP TV: BTVS \u2013 Spike - (Vampire) - Buffy The Vampire Slayer - Collectable Vinyl Figure - Gift Idea - Official Merchandise - for Kids &amp; Adults - Horror Fans - Model Figure for Collectors\" title=\"\"><\/a><\/div><div class=\"aws-product-content\"><h4><a href=\"https:\/\/www.amazon.com\/Funko-Pop-TV-Vampire-Slayer\/dp\/B0CV7SGJZF\/ref=sr_1_3?tag=playersforlif-20\" target=\"_blank\" rel=\"nofollow noopener noreferrer\">Funko POP TV: BTVS \u2013 Spike - (Vampire) - Buffy The Vampire Slayer - Collectable Vinyl Figure - Gift Idea - Official Merchandise - for Kids &amp; Adults - Horror Fans - Model Figure for Collectors<\/a><\/h4><div class=\"aws-product-prices\"><span class=\"aws-current-price\">$11.98<\/span><\/div><\/div><\/div><\/div>\n        <style>\n            .aws-affiliate-disclaimer {\n                font-size: 13px;\n                color: #666;\n                margin: 4px 0 16px 0;\n            }\n\n            .aws-product-grid {\n                display: grid;\n                grid-template-columns: repeat(3, 1fr);\n                gap: 20px;\n                margin: 20px 0;\n            }\n            \n            .aws-product-card {\n                border: 1px solid #e0e0e0;\n                border-radius: 8px;\n                overflow: hidden;\n                background: #fff;\n                box-shadow: 0 2px 4px rgba(0,0,0,0.1);\n                transition: transform 0.2s ease, box-shadow 0.2s ease;\n                position: relative;\n            }\n            \n            .aws-product-card:hover {\n                transform: translateY(-2px);\n                box-shadow: 0 4px 8px rgba(0,0,0,0.15);\n            }\n            \n            .aws-discount-badge {\n                position: absolute;\n                top: 10px;\n                right: 10px;\n                background: #ff4444;\n                color: white;\n                padding: 4px 8px;\n                border-radius: 4px;\n                font-size: 12px;\n                font-weight: bold;\n                z-index: 2;\n            }\n            \n            .aws-product-image {\n                width: 100%;\n                height: 200px;\n                overflow: hidden;\n                background: #f5f5f5;\n            }\n            \n            .aws-product-image img {\n                width: 100%;\n                height: 100%;\n                object-fit: contain;\n                transition: transform 0.2s ease;\n            }\n            \n            .aws-product-image:hover img {\n                transform: scale(1.05);\n            }\n            \n            .aws-product-image a {\n                display: block;\n                width: 100%;\n                height: 100%;\n            }\n            \n            .aws-product-content {\n                padding: 15px;\n            }\n            \n            .aws-product-content h4 {\n                margin: 0 0 10px 0;\n                font-size: 16px;\n                line-height: 1.3;\n            }\n            \n            .aws-product-content h4 a {\n                color: #333;\n                text-decoration: none;\n                transition: color 0.2s ease;\n            }\n            \n            .aws-product-content h4 a:hover {\n                color: #0073aa;\n            }\n            \n            .aws-product-prices {\n                display: flex;\n                align-items: center;\n                gap: 8px;\n                font-weight: bold;\n            }\n            \n            .aws-original-price {\n                text-decoration: line-through;\n                color: #999;\n                font-size: 14px;\n            }\n            \n            .aws-discounted-price {\n                color: #ff4444;\n                font-size: 16px;\n            }\n            \n            .aws-current-price {\n                color: #333;\n                font-size: 16px;\n            }\n            \n            \/* Tablet styles - 2 columns *\/\n            @media (max-width: 768px) {\n                .aws-product-grid {\n                    grid-template-columns: repeat(2, 1fr);\n                    gap: 15px;\n                }\n                \n                .aws-product-image {\n                    height: 180px;\n                }\n            }\n            \n            \/* Mobile styles - 1 column *\/\n            @media (max-width: 480px) {\n                .aws-product-grid {\n                    grid-template-columns: 1fr;\n                    gap: 15px;\n                }\n                \n                .aws-product-image {\n                    height: 220px;\n                }\n                \n                .aws-product-content {\n                    padding: 12px;\n                }\n            }\n        <\/style><\/p>\n<p>Planerad omarbetning av tv-serien &#8221;Buffy, ett vampyrdj\u00e4vul&#8221; stannar nu i halt, eftersom Hulu har beslutat att avskeda projektet. Sarah Michelle Gellar, som hade setts som huvudrollsinnehavare och exekutiv producent, meddelade avskrottet p\u00e5 sociala medier den 14 mars. I sin meddelande tackade hon regiss\u00f6ren Chlo\u00e9 Zhao f\u00f6r samarbete och erk\u00e4nde Hulu. Hon n\u00e4mnde inte s\u00e4rskilda sk\u00e4l till Hulus beslut, men enligt Deadline var det tv-str\u00f6mmen missn\u00f6jd med manus och utanf\u00f6r skilda anledningar inte helt p\u00e5 sin plats i Zhaos vision. I sitt slutvideo meddelande tackade hon till ett k\u00e4nt citat fr\u00e5n originalserien &#8221;Buffy&#8221;. D\u00e5 hade det r\u00e5tt rykten om att pilotavsnittets manus skulle revideras som ett slutf\u00f6rs\u00f6k att r\u00e4dda Nya Sunnydale, men Hulu avvisade id\u00e9n, vilket \u00f6verraskade Gellar. Trots denna hinder kom Deadlines k\u00e4llor att ange att Hulu inte har gett upp p\u00e5 Buffy helt och h\u00e5llet och ska utv\u00e4rdera olika alternativ.<\/p>\n<p><iframe title=\"Sarah Michelle Gellar Reveals \u2018Buffy\u2019 Reboot Is Canceled at Hulu\" width=\"1170\" height=\"658\" src=\"https:\/\/www.youtube.com\/embed\/11_1CIsiEjM?feature=oembed\" frameborder=\"0\" allow=\"accelerometer; autoplay; clipboard-write; encrypted-media; gyroscope; picture-in-picture; web-share\" referrerpolicy=\"strict-origin-when-cross-origin\" allowfullscreen><\/iframe><br \/>\n<div class=\"specifications\"><h2><\/h2><p class=\"specifications__disclaimer\"><\/p><div class=\"pcrstb-wrap\"><table class=\"specifications__table\"><thead><tr><th class=\"specifications__key-header\">Specification<\/th><th class=\"specifications__value-header\"><\/th><\/tr><\/thead><tbody><tr class=\"specifications__row\" data-index=\"1\"><td class=\"specifications__key\">Official Name<\/td><td class=\"specifications__value\">Buffy the Vampire Slayer: Season 8 Motion Comic<\/td><\/tr><tr class=\"specifications__row\" data-index=\"2\"><td class=\"specifications__key\">Brief Summary<\/td><td class=\"specifications__value\">Buffy's adventures continue with new threats, old friends and brand new stories that await the Slayer.<\/td><\/tr><tr class=\"specifications__row\" data-index=\"3\"><td class=\"specifications__key\">Released<\/td><td class=\"specifications__value\">July 19, 2010<\/td><\/tr><tr class=\"specifications__row\" data-index=\"4\"><td class=\"specifications__key\">Genre<\/td><td class=\"specifications__value\">Animation, Action &amp; Adventure, Sci-Fi &amp; Fantasy<\/td><\/tr><tr class=\"specifications__row\" data-index=\"5\"><td class=\"specifications__key\">Countries of Origin<\/td><td class=\"specifications__value\">US<\/td><\/tr><tr class=\"specifications__row\" data-index=\"6\"><td class=\"specifications__key\">Actors<\/td><td class=\"specifications__value\">Kelly Albanese, Natalie Lander, J. Anthony McCarthy, Julie O'Connor, Daniel Taylor<\/td><\/tr><tr class=\"specifications__row\" data-index=\"7\"><td class=\"specifications__key\">Authors<\/td><td class=\"specifications__value\">Joss Whedon<\/td><\/tr><tr class=\"specifications__row\" data-index=\"8\"><td class=\"specifications__key\">Producers<\/td><td class=\"specifications__value\">Jeff Shuter<\/td><\/tr><tr class=\"specifications__row\" data-index=\"9\"><td class=\"specifications__key\">Ratings<\/td><td class=\"specifications__value\">7.429\/10 (14 reviews)<\/td><\/tr><tr class=\"specifications__row\" data-index=\"10\"><td class=\"specifications__key\">Number of episodes<\/td><td class=\"specifications__value\">19<\/td><\/tr><tr class=\"specifications__row\" data-index=\"11\"><td class=\"specifications__key\">Number of seasons<\/td><td class=\"specifications__value\">1<\/td><\/tr><\/tbody><\/table><\/div><\/div><br \/>\n<div class=\"external-references\"><h2>Det pratas ocks\u00e5 om det i utl\u00e4ndsk press<\/h2><p class=\"external-references__disclaimer\">Om du f\u00f6rst\u00e5r engelska, h\u00e4r \u00e4r l\u00e4nkar till externa k\u00e4llor<\/p><ul class=\"external-references__list\"><li class=\"external-references__item\" data-index=\"1\"><span class=\"external-references__title\">Sarah Michelle Gellar Says &#039;Buffy The Vampire Slayer&#039; Reboot Is Canceled<\/span><a href=\"https:\/\/www.huffpost.com\/entry\/sarah-michelle-gellar-buffy-reboot-updatge_n_69b5be65e4b049fcc8808ee8\" target=\"_blank\" rel=\"noopener noreferrer nofollow\" class=\"external-references__link\"><span class=\"external-references__title\">Sarah Michelle Gellar Says &#039;Buffy The Vampire Slayer&#039; Reboot Is Canceled<\/span><span class=\"external-references__domain\">huffpost.com<\/span><\/a><\/li><li class=\"external-references__item\" data-index=\"2\"><span class=\"external-references__title\">NEED TO KNOW<\/span><a href=\"https:\/\/people.com\/buffy-the-vampire-slayer-reboot-is-canceled-sarah-michelle-gellar-confirms-11926420\" target=\"_blank\" rel=\"noopener noreferrer nofollow\" class=\"external-references__link\"><span class=\"external-references__title\">NEED TO KNOW<\/span><span class=\"external-references__domain\">people.com<\/span><\/a><\/li><li class=\"external-references__item\" data-index=\"3\"><span class=\"external-references__title\">https:\/\/movieweb.com\/buffy-reboot-cancelled-hulu\/<\/span><a href=\"https:\/\/movieweb.com\/buffy-reboot-cancelled-hulu\/\" target=\"_blank\" rel=\"noopener noreferrer nofollow\" class=\"external-references__link\"><span class=\"external-references__title\">https:\/\/movieweb.com\/buffy-reboot-cancelled-hulu\/<\/span><span class=\"external-references__domain\">movieweb.com<\/span><\/a><\/li><li class=\"external-references__item\" data-index=\"4\"><span class=\"external-references__title\">https:\/\/collider.com\/buffy-the-vampire-slayer-hulu-reboot-cancelled-sarah-michelle-gellar\/<\/span><a href=\"https:\/\/collider.com\/buffy-the-vampire-slayer-hulu-reboot-cancelled-sarah-michelle-gellar\/\" target=\"_blank\" rel=\"noopener noreferrer nofollow\" class=\"external-references__link\"><span class=\"external-references__title\">https:\/\/collider.com\/buffy-the-vampire-slayer-hulu-reboot-cancelled-sarah-michelle-gellar\/<\/span><span class=\"external-references__domain\">collider.com<\/span><\/a><\/li><li class=\"external-references__item\" data-index=\"5\"><span class=\"external-references__title\">https:\/\/screenrant.com\/buffy-vampire-slayer-sequel-series-hulu-cancelled-sarah-michelle-gellar\/<\/span><a href=\"https:\/\/screenrant.com\/buffy-vampire-slayer-sequel-series-hulu-cancelled-sarah-michelle-gellar\/\" target=\"_blank\" rel=\"noopener noreferrer nofollow\" class=\"external-references__link\"><span class=\"external-references__title\">https:\/\/screenrant.com\/buffy-vampire-slayer-sequel-series-hulu-cancelled-sarah-michelle-gellar\/<\/span><span class=\"external-references__domain\">screenrant.com<\/span><\/a><\/li><\/ul><\/div><\/p>\n","protected":false},"excerpt":{"rendered":"<p>Tyckligt att \u00e5terstarten av Buffy the Vampire Slayer, som hette Buffy: New Sunnydale, har st\u00e4llts in av Hulu efter en \u00e5rskurs av utvecklingsarbete, enligt Sarah Michelle Gellar, som var planerad att spela och producera.<\/p>\n","protected":false},"author":21,"featured_media":127395,"comment_status":"closed","ping_status":"open","sticky":false,"template":"","format":"standard","meta":{"content-type":"","_lmt_disableupdate":"","_lmt_disable":"","movie_schema":"","tvshow_schema":"{\"name\":\"Buffy the Vampire Slayer: Season 8 Motion Comic\",\"@type\":\"TVSeries\",\"actor\":[{\"name\":\"Kelly Albanese\",\"@type\":\"Person\"},{\"name\":\"Natalie Lander\",\"@type\":\"Person\"},{\"name\":\"J. Anthony McCarthy\",\"@type\":\"Person\"},{\"name\":\"Julie O'Connor\",\"@type\":\"Person\"},{\"name\":\"Daniel Taylor\",\"@type\":\"Person\"}],\"genre\":[\"Animation\",\"Action & Adventure\",\"Sci-Fi & Fantasy\"],\"author\":[{\"name\":\"Joss Whedon\",\"@type\":\"Person\"}],\"@context\":\"https:\/\/schema.org\",\"producer\":[{\"name\":\"Jeff Shuter\",\"@type\":\"Person\"}],\"inLanguage\":\"en\",\"description\":\"Buffy's adventures continue with new threats, old friends and brand new stories that await the Slayer.\",\"datePublished\":\"2010-07-19\",\"aggregateRating\":{\"@type\":\"AggregateRating\",\"bestRating\":10,\"ratingCount\":14,\"ratingValue\":7.429},\"countryOfOrigin\":[{\"name\":\"US\",\"@type\":\"Country\"}],\"numberOfSeasons\":1,\"numberOfEpisodes\":19}","videogame_schema":"","meta_description":"Buffy fans v\u00e4ntar p\u00e5 ytterligare skjutning","meta_keywords":"seo-keywords: buffy, hulu, sunnydale, new buffy series, cancelled, delayed","meta_author":"Simon Eklund","meta_robots":"index, follow","meta_language":"en","twitter_card":"summary_large_image","twitter_title":"Buffy's Comeback Delayed by Hulu","twitter_description":"\"Buffy's comeback delayed after a year of development by Hulu \u2013 fans disappointed but hopeful for future episodes.\"","twitter_site":"","twitter_site_id":"","twitter_creator":"","twitter_creator_id":"","twitter_image":"https:\/\/assetsio.gnwcdn.com\/buffy.webp","twitter_image_alt":"","twitter_app_name_iphone":"","twitter_app_id_iphone":"","twitter_app_url_iphone":"","twitter_app_name_ipad":"","twitter_app_id_ipad":"","twitter_app_url_ipad":"","twitter_app_name_googleplay":"","twitter_app_id_googleplay":"","twitter_app_url_googleplay":"","twitter_player":"","twitter_player_width":0,"twitter_player_height":0,"twitter_player_stream":"","og_title":"Buffy's Comeback Delayed by Hulu","og_type":"article","og_url":"https:\/\/playersforlife.com\/sv\/2026\/03\/15\/buffys-aterstart-skjuts-upp\/","og_image":"https:\/\/assetsio.gnwcdn.com\/buffy.webp","og_image_secure_url":"https:\/\/assetsio.gnwcdn.com\/buffy.webp","og_image_type":"image\/webp","og_image_width":0,"og_image_height":0,"og_image_alt":"","og_description":"\"Buffy's comeback delayed after a year of development by Hulu \u2013 fans disappointed but hopeful for future episodes.\"","og_site_name":"PlayersForLife.com","og_locale":"en_US","og_article_published_time":"2026-03-15T03:00:43","og_article_modified_time":"2026-03-15T03:00:43","og_article_author":"Simon Eklund","og_article_section":"Movies","og_article_tag":["MMORPG"],"og_video":"https:\/\/www.youtube.com\/embed\/11_1CIsiEjM","og_video_secure_url":"https:\/\/www.youtube.com\/embed\/11_1CIsiEjM","og_video_type":"","og_video_width":0,"og_video_height":0,"og_audio":"","og_audio_secure_url":"","og_audio_type":"","footnotes":""},"categories":[54],"tags":[46],"class_list":["post-127407","post","type-post","status-publish","format-standard","has-post-thumbnail","hentry","category-movies","tag-mmorpg"],"lang":"sv","original_post_id":null,"featured_image_urls":{"full":["https:\/\/playersforlife.com\/wp-content\/uploads\/2026\/03\/image_2026-03-Mar-14-2026_23-07-52.webp",1920,1004,false],"thumbnail":["https:\/\/playersforlife.com\/wp-content\/uploads\/2026\/03\/image_2026-03-Mar-14-2026_23-07-52-150x150.webp",150,150,true],"medium":["https:\/\/playersforlife.com\/wp-content\/uploads\/2026\/03\/image_2026-03-Mar-14-2026_23-07-52-300x157.webp",300,157,true],"medium_large":["https:\/\/playersforlife.com\/wp-content\/uploads\/2026\/03\/image_2026-03-Mar-14-2026_23-07-52-768x402.webp",768,402,true],"large":["https:\/\/playersforlife.com\/wp-content\/uploads\/2026\/03\/image_2026-03-Mar-14-2026_23-07-52-1024x535.webp",1024,535,true],"1536x1536":["https:\/\/playersforlife.com\/wp-content\/uploads\/2026\/03\/image_2026-03-Mar-14-2026_23-07-52-1536x803.webp",1536,803,true],"2048x2048":["https:\/\/playersforlife.com\/wp-content\/uploads\/2026\/03\/image_2026-03-Mar-14-2026_23-07-52.webp",1920,1004,false],"penci-single-full":["https:\/\/playersforlife.com\/wp-content\/uploads\/2026\/03\/image_2026-03-Mar-14-2026_23-07-52.webp",1920,1004,false],"penci-slider-full-thumb":["https:\/\/playersforlife.com\/wp-content\/uploads\/2026\/03\/image_2026-03-Mar-14-2026_23-07-52-1920x800.webp",1920,800,true],"penci-full-thumb":["https:\/\/playersforlife.com\/wp-content\/uploads\/2026\/03\/image_2026-03-Mar-14-2026_23-07-52-1170x612.webp",1170,612,true],"penci-slider-thumb":["https:\/\/playersforlife.com\/wp-content\/uploads\/2026\/03\/image_2026-03-Mar-14-2026_23-07-52-1170x663.webp",1170,663,true],"penci-magazine-slider":["https:\/\/playersforlife.com\/wp-content\/uploads\/2026\/03\/image_2026-03-Mar-14-2026_23-07-52-780x516.webp",780,516,true],"penci-thumb":["https:\/\/playersforlife.com\/wp-content\/uploads\/2026\/03\/image_2026-03-Mar-14-2026_23-07-52-585x390.webp",585,390,true],"penci-masonry-thumb":["https:\/\/playersforlife.com\/wp-content\/uploads\/2026\/03\/image_2026-03-Mar-14-2026_23-07-52-585x306.webp",585,306,true],"penci-thumb-square":["https:\/\/playersforlife.com\/wp-content\/uploads\/2026\/03\/image_2026-03-Mar-14-2026_23-07-52-585x585.webp",585,585,true],"penci-thumb-vertical":["https:\/\/playersforlife.com\/wp-content\/uploads\/2026\/03\/image_2026-03-Mar-14-2026_23-07-52-480x650.webp",480,650,true],"penci-thumb-small":["https:\/\/playersforlife.com\/wp-content\/uploads\/2026\/03\/image_2026-03-Mar-14-2026_23-07-52-263x175.webp",263,175,true],"penci-recipe-1200x1200":["https:\/\/playersforlife.com\/wp-content\/uploads\/2026\/03\/image_2026-03-Mar-14-2026_23-07-52-1200x1004.webp",1200,1004,true],"penci-recipe-1200x900":["https:\/\/playersforlife.com\/wp-content\/uploads\/2026\/03\/image_2026-03-Mar-14-2026_23-07-52-1200x900.webp",1200,900,true],"penci-recipe-1200x675":["https:\/\/playersforlife.com\/wp-content\/uploads\/2026\/03\/image_2026-03-Mar-14-2026_23-07-52-1200x675.webp",1200,675,true]},"author_info":{"info":["Simon Eklund"]},"category_info":"<a href=\"https:\/\/playersforlife.com\/category\/movies\/\" rel=\"category tag\">Movies<\/a>","tag_info":"Movies","comment_count":"0","_links":{"self":[{"href":"https:\/\/playersforlife.com\/sv\/wp-json\/wp\/v2\/posts\/127407","targetHints":{"allow":["GET"]}}],"collection":[{"href":"https:\/\/playersforlife.com\/sv\/wp-json\/wp\/v2\/posts"}],"about":[{"href":"https:\/\/playersforlife.com\/sv\/wp-json\/wp\/v2\/types\/post"}],"author":[{"embeddable":true,"href":"https:\/\/playersforlife.com\/sv\/wp-json\/wp\/v2\/users\/21"}],"replies":[{"embeddable":true,"href":"https:\/\/playersforlife.com\/sv\/wp-json\/wp\/v2\/comments?post=127407"}],"version-history":[{"count":1,"href":"https:\/\/playersforlife.com\/sv\/wp-json\/wp\/v2\/posts\/127407\/revisions"}],"predecessor-version":[{"id":127408,"href":"https:\/\/playersforlife.com\/sv\/wp-json\/wp\/v2\/posts\/127407\/revisions\/127408"}],"wp:featuredmedia":[{"embeddable":true,"href":"https:\/\/playersforlife.com\/sv\/wp-json\/wp\/v2\/media\/127395"}],"wp:attachment":[{"href":"https:\/\/playersforlife.com\/sv\/wp-json\/wp\/v2\/media?parent=127407"}],"wp:term":[{"taxonomy":"category","embeddable":true,"href":"https:\/\/playersforlife.com\/sv\/wp-json\/wp\/v2\/categories?post=127407"},{"taxonomy":"post_tag","embeddable":true,"href":"https:\/\/playersforlife.com\/sv\/wp-json\/wp\/v2\/tags?post=127407"}],"curies":[{"name":"wp","href":"https:\/\/api.w.org\/{rel}","templated":true}]}}