{"id":127300,"date":"2026-03-14T23:01:08","date_gmt":"2026-03-14T23:01:08","guid":{"rendered":"https:\/\/playersforlife.com\/2026\/03\/14\/internets-anvandare-begar-pedro-bials-aterkomst-till-big-brother-brasil-pga-anna-paulas-renault\/"},"modified":"2026-03-14T23:16:12","modified_gmt":"2026-03-14T23:16:12","slug":"internets-anvandare-begar-pedro-bials-aterkomst-till-big-brother-brasil-pga-anna-paulas-renault","status":"publish","type":"post","link":"https:\/\/playersforlife.com\/sv\/2026\/03\/14\/internets-anvandare-begar-pedro-bials-aterkomst-till-big-brother-brasil-pga-anna-paulas-renault\/","title":{"rendered":"Internets anv\u00e4ndare beg\u00e4r Pedro Bials \u00e5terkomst till Big Brother Brasil pga. Anna-Paulas Renault"},"content":{"rendered":"<p><div class=\"key-takeaways\"><h3>Viktiga punkter<\/h3><p>Skapad med AI - vi experimenterar fortfarande! Urs\u00e4kta om det inte riktigt motsvarar dina f\u00f6rv\u00e4ntningar.<\/p><ul><li style=\"margin-bottom: 8px;\">Fans av Big Brother Brasil kr\u00e4ver Pedro Bials \u00e5terkomst i finalen, speciellt som ett medel att krona Ana Paula Renault till segrare.<\/li><li style=\"margin-bottom: 8px;\">Social medias kommentarer \u00e4r fyllda av \u00f6nskningar om att Pedro Bial ska offentligg\u00f6ra vinnaren, eftersom han har en l\u00e5ngvarig f\u00f6rknippling med programmet.<\/li><li style=\"margin-bottom: 8px;\">N\u00e5gra tittare har f\u00f6reslagit alternativa scenarier f\u00f6r Bials \u00e5terkomst, som till exempel hans presentation av nuvarande v\u00e4rden Tadeu Schmidt som en erfaren v\u00e4rd som festerar den f\u00f6rsta veteranupplagan.<\/li><li style=\"margin-bottom: 8px;\">\u00c4ven nu har Pedros deltagande i finalen officiellt inte bekr\u00e4ftats (upplysning fr\u00e5n Correio).<\/li><\/ul><\/div><br \/>\n<h3>Recommended products<\/h3><p class=\"aws-affiliate-disclaimer\">This page contains affiliate links. As an Amazon Associate, we earn a commission from purchases made through these links.<\/p><div class=\"aws-product-grid\"><div class=\"aws-product-card\"><div class=\"aws-product-image\"><a href=\"https:\/\/www.amazon.com\/WZMPA-Bag-Souvenir-Janeiro-Merchandise\/dp\/B0CCDXWVFX\/ref=sr_1_1?tag=playersforlif-20\" target=\"_blank\" rel=\"nofollow noopener noreferrer\"><img decoding=\"async\" src=\"https:\/\/m.media-amazon.com\/images\/I\/71Ic5khSdIL._AC_SX466_.jpg\" alt=\"WZMPA\" title=\"\"><\/a><\/div><div class=\"aws-product-content\"><h4><a href=\"https:\/\/www.amazon.com\/WZMPA-Bag-Souvenir-Janeiro-Merchandise\/dp\/B0CCDXWVFX\/ref=sr_1_1?tag=playersforlif-20\" target=\"_blank\" rel=\"nofollow noopener noreferrer\">WZMPA<\/a><\/h4><div class=\"aws-product-prices\"><span class=\"aws-current-price\">$13.89<\/span><\/div><\/div><\/div><\/div>\n        <style>\n            .aws-affiliate-disclaimer {\n                font-size: 13px;\n                color: #666;\n                margin: 4px 0 16px 0;\n            }\n\n            .aws-product-grid {\n                display: grid;\n                grid-template-columns: repeat(3, 1fr);\n                gap: 20px;\n                margin: 20px 0;\n            }\n            \n            .aws-product-card {\n                border: 1px solid #e0e0e0;\n                border-radius: 8px;\n                overflow: hidden;\n                background: #fff;\n                box-shadow: 0 2px 4px rgba(0,0,0,0.1);\n                transition: transform 0.2s ease, box-shadow 0.2s ease;\n                position: relative;\n            }\n            \n            .aws-product-card:hover {\n                transform: translateY(-2px);\n                box-shadow: 0 4px 8px rgba(0,0,0,0.15);\n            }\n            \n            .aws-discount-badge {\n                position: absolute;\n                top: 10px;\n                right: 10px;\n                background: #ff4444;\n                color: white;\n                padding: 4px 8px;\n                border-radius: 4px;\n                font-size: 12px;\n                font-weight: bold;\n                z-index: 2;\n            }\n            \n            .aws-product-image {\n                width: 100%;\n                height: 200px;\n                overflow: hidden;\n                background: #f5f5f5;\n            }\n            \n            .aws-product-image img {\n                width: 100%;\n                height: 100%;\n                object-fit: contain;\n                transition: transform 0.2s ease;\n            }\n            \n            .aws-product-image:hover img {\n                transform: scale(1.05);\n            }\n            \n            .aws-product-image a {\n                display: block;\n                width: 100%;\n                height: 100%;\n            }\n            \n            .aws-product-content {\n                padding: 15px;\n            }\n            \n            .aws-product-content h4 {\n                margin: 0 0 10px 0;\n                font-size: 16px;\n                line-height: 1.3;\n            }\n            \n            .aws-product-content h4 a {\n                color: #333;\n                text-decoration: none;\n                transition: color 0.2s ease;\n            }\n            \n            .aws-product-content h4 a:hover {\n                color: #0073aa;\n            }\n            \n            .aws-product-prices {\n                display: flex;\n                align-items: center;\n                gap: 8px;\n                font-weight: bold;\n            }\n            \n            .aws-original-price {\n                text-decoration: line-through;\n                color: #999;\n                font-size: 14px;\n            }\n            \n            .aws-discounted-price {\n                color: #ff4444;\n                font-size: 16px;\n            }\n            \n            .aws-current-price {\n                color: #333;\n                font-size: 16px;\n            }\n            \n            \/* Tablet styles - 2 columns *\/\n            @media (max-width: 768px) {\n                .aws-product-grid {\n                    grid-template-columns: repeat(2, 1fr);\n                    gap: 15px;\n                }\n                \n                .aws-product-image {\n                    height: 180px;\n                }\n            }\n            \n            \/* Mobile styles - 1 column *\/\n            @media (max-width: 480px) {\n                .aws-product-grid {\n                    grid-template-columns: 1fr;\n                    gap: 15px;\n                }\n                \n                .aws-product-image {\n                    height: 220px;\n                }\n                \n                .aws-product-content {\n                    padding: 12px;\n                }\n            }\n        <\/style><\/p>\n<p>I Big Brother Brasil 26 p\u00e5 Globo v\u00e4cker Ana Paula Renaults deltagande minnen av hennes omstridda avg\u00e5ng fr\u00e5n s\u00e4songen 2016, och inspirerar n\u00e5gra tittare att st\u00e4mpla f\u00f6r Pedro Bials \u00e5terkomst i finalen. M\u00e5nga fans beg\u00e4r konkret ett tillbakat\u00e5gande av Pedro Bial, programmets tidigare v\u00e4rd. Sociala medier fylls upp av kommentarer p\u00e5 Pedros Instagram d\u00e4r han uppmanas att kung\u00f6randet av segraren denna \u00e5r. Hoppet \u00e4r att Bial, som presenterade programmet \u00e5ren 2002-2016, ska krona Renault till m\u00e4stare. Kommentarerna inneh\u00e5ller tankeg\u00e5ngar som &#8221;Vi vill ha dig d\u00e4r vid finalen och talar om Ana Paula som m\u00e4stare&#8221;, och &#8221;Big Brother Brasil 26-finalen beh\u00f6ver att ha dig&#8221;. Tittarna har ocks\u00e5 f\u00f6reslagit andra scenarier f\u00f6r Bials \u00e5terkomst. En id\u00e9 som vinner mark online f\u00f6rest\u00e4ller sig att nuvarande v\u00e4rd, Tadeu Schmidt, presenterar Bial som en erfaren v\u00e4rd som anlitats f\u00f6r att fira programmets f\u00f6rsta veteran-version. Bial, k\u00e4nd f\u00f6r sina stora och tankefulla avskedstal, ersattes av Tiago Leifert 2017. Som det st\u00e5r just nu har inte Pedro Bials deltagande i finalen bekr\u00e4ftats. Information fr\u00e5n Correio.<\/p>\n<h2>Om du missade det<\/h2>\n<p>Ta upp ditt potatissnack, reality-TV-fans! Carlos Mendoza har h\u00e5llit \u00f6gonen p\u00e5 Big Brother Brazil f\u00f6r oss. F\u00f6rsta uppgiften g\u00e5r han in i den explodiva utvisningen av Sol Veiga efter att hon v\u00e5ldtagit Ana Paula Renault \u2013 ja, du l\u00e4ste det r\u00e4tt! Med k\u00e4nslor som sprang h\u00f6gt och regler som br\u00f6ts, var detta h\u00e4ndelse som orsakade en massmedial uppsj\u00f6 som du inte vill missa. Se hans senaste inl\u00e4gg, &#8221;Sol utvisad fr\u00e5n BBB 26 efter v\u00e5ld mot Ana Paula Renault p\u00e5 Globo&#8221;, f\u00f6r alla de juicy detaljerna (<a href=\"https:\/\/playersforlife.com\/sv\/2026\/02\/11\/sol-utvisad-fran-bbb-26-efter-att-ha-overfallit-ana-paula-renault-hos-globo\/\" target=\"_blank\" rel=\"noopener noreferrer\">Sol utvisad fr\u00e5n BBB 26 efter att ha \u00f6verfallit Ana Paula Renault hos Globo<\/a>). Men det \u00e4r inte allt, v\u00e4nner! Babu kom p\u00e5 brandol i s\u00f6ndagens avsnitt, vilket ledde Jonathan Dubinski att granska deras heta debatt och dess potentiella speletv\u00e5ndande konsekvenser i sin inl\u00e4gg, &#8221;Babu om Ana Paula Renault i BBB 26: &#8217;Jag ska inte vara p\u00e5 samma b\u00e5t'&#8221; (<a href=\"https:\/\/playersforlife.com\/sv\/2026\/02\/23\/babu-i-forhallande-till-ana-paula-renault-i-bbb-26-jag-kommer-inte-att-vara-i-samma-bat\/\" target=\"_blank\" rel=\"noopener noreferrer\">Babu i f\u00f6rh\u00e5llande till Ana Paula Renault i BBB 26: Jag kommer inte att vara i samma b\u00e5t<\/a>). D\u00e4remot tog Dubinski ett djupdyk i den omstridda bakgrunden och nuvarande tillst\u00e5ndet av deltagaren La\u00e9cio de Moura. F\u00f6rbereda dig att bli utsatt n\u00e4r han avsl\u00f6jar La\u00e9rcios historia statutsrappa brottslighet och granskar samh\u00e4llsekonomiska fr\u00e5gorna kring ungdomshypersexualisering \u2013 det \u00e4r en must-l\u00e4sning (<a href=\"https:\/\/playersforlife.com\/sv\/2026\/01\/22\/lararecio-den-tidigare-deltagaren-i-big-brother-brasil-16-som-domdes-och-satt-fangelse-for-valdtakt-pa-en-utsatt-person\/\" target=\"_blank\" rel=\"noopener noreferrer\">L\u00e4rarecio &#8211; den tidigare deltagaren i Big Brother Brasil 16 som d\u00f6mdes och satt f\u00e4ngelse f\u00f6r v\u00e5ldt\u00e4kt p\u00e5 en utsatt person<\/a>).<\/p>\n<p><img decoding=\"async\" style=\"width: 100%\" src=\"https:\/\/caras.com.br\/wp-content\/uploads\/2025\/09\/REDETV-COMPANHIA-CERTA-1-1536x1105.jpg\" alt=\"\" title=\"\"><br \/>\n<div class=\"external-references\"><h2>Det pratas ocks\u00e5 om det i utl\u00e4ndsk press<\/h2><p class=\"external-references__disclaimer\">Om du f\u00f6rst\u00e5r engelska, h\u00e4r \u00e4r l\u00e4nkar till externa k\u00e4llor<\/p><ul class=\"external-references__list\"><li class=\"external-references__item\" data-index=\"1\"><span class=\"external-references__title\">Compartilhar not\u00edcia<\/span><a href=\"https:\/\/www.metropoles.com\/colunas\/lucas-pasin\/bbb-26-saiba-por-que-fas-do-reality-pedem-a-volta-de-pedro-bial\" target=\"_blank\" rel=\"noopener noreferrer nofollow\" class=\"external-references__link\"><span class=\"external-references__title\">Compartilhar not\u00edcia<\/span><span class=\"external-references__domain\">metropoles.com<\/span><\/a><\/li><li class=\"external-references__item\" data-index=\"2\"><span class=\"external-references__title\">F\u00e3s invadem redes de Pedro Bial pedindo que ele escreva discurso final para Ana Paula<\/span><a href=\"https:\/\/f5.folha.uol.com.br\/televisao\/bbb26\/2026\/03\/trajetoria-de-ana-paula-renault-no-bbb-26-reacende-nostalgia-e-fas-pedem-volta-de-pedro-bial.shtml\" target=\"_blank\" rel=\"noopener noreferrer nofollow\" class=\"external-references__link\"><span class=\"external-references__title\">F\u00e3s invadem redes de Pedro Bial pedindo que ele escreva discurso final para Ana Paula<\/span><span class=\"external-references__domain\">f5.folha.uol.com.br<\/span><\/a><\/li><li class=\"external-references__item\" data-index=\"3\"><span class=\"external-references__title\">Folha Uol<\/span><a href=\"https:\/\/www.reporterpb.com.br\/noticia-extra\/2026\/03\/11\/trajetoria-de-ana-paula-renault-no-bbb-26-reacende-nostalgia-e-fas-pedem-volta-de-pedro-bial\/114759.html\" target=\"_blank\" rel=\"noopener noreferrer nofollow\" class=\"external-references__link\"><span class=\"external-references__title\">Folha Uol<\/span><span class=\"external-references__domain\">reporterpb.com.br<\/span><\/a><\/li><\/ul><\/div><\/p>\n","protected":false},"excerpt":{"rendered":"<p>Fans vill ivrigt se Pedro Bial tillbaka som kommentator eller presentat\u00f6r i Big Brother Brasil 26, och hyllar hans v\u00e4lk\u00e4nde detaljrika kommentarer fr\u00e5n hans tid som v\u00e4rd.<\/p>\n","protected":false},"author":20,"featured_media":127289,"comment_status":"closed","ping_status":"open","sticky":false,"template":"","format":"standard","meta":{"content-type":"","_lmt_disableupdate":"","_lmt_disable":"","movie_schema":"","tvshow_schema":"","videogame_schema":"","meta_description":"Pedro Bial uppmanas \u00e5terv\u00e4nda till Big Brother Brasilien efter beg\u00e4r fr\u00e5n anv\u00e4ndare.","meta_keywords":"pedro_bial, big_brasil, globo, instagram, bb26","meta_author":"Niklas Sundin","meta_robots":"index, follow","meta_language":"en","twitter_card":"summary_large_image","twitter_title":"\"Pedro Bial wanted back to BBB finale!\"","twitter_description":"\"Fans f\u00f6rl\u00e4ngs sin h\u00e4lsning till Pedro Bial: Beg\u00e4r hans \u00e5terkomst till Big Brother Brasil i finalen av s\u00e4song 26 p\u00e5 Globo.\"","twitter_site":"","twitter_site_id":"","twitter_creator":"","twitter_creator_id":"","twitter_image":"https:\/\/caras.com.br\/wp-content\/uploads\/2025\/09\/pedro-bial.jpg","twitter_image_alt":"","twitter_app_name_iphone":"","twitter_app_id_iphone":"","twitter_app_url_iphone":"","twitter_app_name_ipad":"","twitter_app_id_ipad":"","twitter_app_url_ipad":"","twitter_app_name_googleplay":"","twitter_app_id_googleplay":"","twitter_app_url_googleplay":"","twitter_player":"","twitter_player_width":0,"twitter_player_height":0,"twitter_player_stream":"","og_title":"\"Pedro Bial wanted back to BBB finale!\"","og_type":"article","og_url":"https:\/\/playersforlife.com\/sv\/2026\/03\/14\/internets-anvandare-begar-pedro-bials-aterkomst-till-big-brother-brasil-pga-anna-paulas-renault\/","og_image":"https:\/\/caras.com.br\/wp-content\/uploads\/2025\/09\/pedro-bial.jpg","og_image_secure_url":"https:\/\/caras.com.br\/wp-content\/uploads\/2025\/09\/pedro-bial.jpg","og_image_type":"image\/jpeg","og_image_width":0,"og_image_height":0,"og_image_alt":"","og_description":"\"Fans f\u00f6rl\u00e4ngs sin h\u00e4lsning till Pedro Bial: Beg\u00e4r hans \u00e5terkomst till Big Brother Brasil i finalen av s\u00e4song 26 p\u00e5 Globo.\"","og_site_name":"PlayersForLife.com","og_locale":"en_US","og_article_published_time":"2026-03-14T23:01:08","og_article_modified_time":"2026-03-14T23:01:08","og_article_author":"Niklas Sundin","og_article_section":"News","og_article_tag":["Adventure"],"og_video":"https:\/\/www.youtube.com\/embed\/-pPTT8dFy5U","og_video_secure_url":"https:\/\/www.youtube.com\/embed\/-pPTT8dFy5U","og_video_type":"","og_video_width":0,"og_video_height":0,"og_audio":"","og_audio_secure_url":"","og_audio_type":"","footnotes":""},"categories":[38],"tags":[43,45],"class_list":["post-127300","post","type-post","status-publish","format-standard","has-post-thumbnail","hentry","category-news","tag-adventure","tag-mixed"],"lang":"sv","original_post_id":null,"featured_image_urls":{"full":["https:\/\/playersforlife.com\/wp-content\/uploads\/2026\/03\/image_2026-03-Mar-14-2026_19-11-26.png",768,515,false],"thumbnail":["https:\/\/playersforlife.com\/wp-content\/uploads\/2026\/03\/image_2026-03-Mar-14-2026_19-11-26-150x150.png",150,150,true],"medium":["https:\/\/playersforlife.com\/wp-content\/uploads\/2026\/03\/image_2026-03-Mar-14-2026_19-11-26-300x201.png",300,201,true],"medium_large":["https:\/\/playersforlife.com\/wp-content\/uploads\/2026\/03\/image_2026-03-Mar-14-2026_19-11-26.png",768,515,false],"large":["https:\/\/playersforlife.com\/wp-content\/uploads\/2026\/03\/image_2026-03-Mar-14-2026_19-11-26.png",768,515,false],"1536x1536":["https:\/\/playersforlife.com\/wp-content\/uploads\/2026\/03\/image_2026-03-Mar-14-2026_19-11-26.png",768,515,false],"2048x2048":["https:\/\/playersforlife.com\/wp-content\/uploads\/2026\/03\/image_2026-03-Mar-14-2026_19-11-26.png",768,515,false],"penci-single-full":["https:\/\/playersforlife.com\/wp-content\/uploads\/2026\/03\/image_2026-03-Mar-14-2026_19-11-26.png",768,515,false],"penci-slider-full-thumb":["https:\/\/playersforlife.com\/wp-content\/uploads\/2026\/03\/image_2026-03-Mar-14-2026_19-11-26.png",768,515,false],"penci-full-thumb":["https:\/\/playersforlife.com\/wp-content\/uploads\/2026\/03\/image_2026-03-Mar-14-2026_19-11-26.png",768,515,false],"penci-slider-thumb":["https:\/\/playersforlife.com\/wp-content\/uploads\/2026\/03\/image_2026-03-Mar-14-2026_19-11-26.png",768,515,false],"penci-magazine-slider":["https:\/\/playersforlife.com\/wp-content\/uploads\/2026\/03\/image_2026-03-Mar-14-2026_19-11-26.png",768,515,false],"penci-thumb":["https:\/\/playersforlife.com\/wp-content\/uploads\/2026\/03\/image_2026-03-Mar-14-2026_19-11-26-585x390.png",585,390,true],"penci-masonry-thumb":["https:\/\/playersforlife.com\/wp-content\/uploads\/2026\/03\/image_2026-03-Mar-14-2026_19-11-26-585x392.png",585,392,true],"penci-thumb-square":["https:\/\/playersforlife.com\/wp-content\/uploads\/2026\/03\/image_2026-03-Mar-14-2026_19-11-26-585x515.png",585,515,true],"penci-thumb-vertical":["https:\/\/playersforlife.com\/wp-content\/uploads\/2026\/03\/image_2026-03-Mar-14-2026_19-11-26-480x515.png",480,515,true],"penci-thumb-small":["https:\/\/playersforlife.com\/wp-content\/uploads\/2026\/03\/image_2026-03-Mar-14-2026_19-11-26-263x175.png",263,175,true],"penci-recipe-1200x1200":["https:\/\/playersforlife.com\/wp-content\/uploads\/2026\/03\/image_2026-03-Mar-14-2026_19-11-26.png",768,515,false],"penci-recipe-1200x900":["https:\/\/playersforlife.com\/wp-content\/uploads\/2026\/03\/image_2026-03-Mar-14-2026_19-11-26.png",768,515,false],"penci-recipe-1200x675":["https:\/\/playersforlife.com\/wp-content\/uploads\/2026\/03\/image_2026-03-Mar-14-2026_19-11-26.png",768,515,false]},"author_info":{"info":["Niklas Sundin"]},"category_info":"<a href=\"https:\/\/playersforlife.com\/category\/news\/\" rel=\"category tag\">News<\/a>","tag_info":"News","comment_count":"0","_links":{"self":[{"href":"https:\/\/playersforlife.com\/sv\/wp-json\/wp\/v2\/posts\/127300","targetHints":{"allow":["GET"]}}],"collection":[{"href":"https:\/\/playersforlife.com\/sv\/wp-json\/wp\/v2\/posts"}],"about":[{"href":"https:\/\/playersforlife.com\/sv\/wp-json\/wp\/v2\/types\/post"}],"author":[{"embeddable":true,"href":"https:\/\/playersforlife.com\/sv\/wp-json\/wp\/v2\/users\/20"}],"replies":[{"embeddable":true,"href":"https:\/\/playersforlife.com\/sv\/wp-json\/wp\/v2\/comments?post=127300"}],"version-history":[{"count":1,"href":"https:\/\/playersforlife.com\/sv\/wp-json\/wp\/v2\/posts\/127300\/revisions"}],"predecessor-version":[{"id":127301,"href":"https:\/\/playersforlife.com\/sv\/wp-json\/wp\/v2\/posts\/127300\/revisions\/127301"}],"wp:featuredmedia":[{"embeddable":true,"href":"https:\/\/playersforlife.com\/sv\/wp-json\/wp\/v2\/media\/127289"}],"wp:attachment":[{"href":"https:\/\/playersforlife.com\/sv\/wp-json\/wp\/v2\/media?parent=127300"}],"wp:term":[{"taxonomy":"category","embeddable":true,"href":"https:\/\/playersforlife.com\/sv\/wp-json\/wp\/v2\/categories?post=127300"},{"taxonomy":"post_tag","embeddable":true,"href":"https:\/\/playersforlife.com\/sv\/wp-json\/wp\/v2\/tags?post=127300"}],"curies":[{"name":"wp","href":"https:\/\/api.w.org\/{rel}","templated":true}]}}