{"id":127164,"date":"2026-03-14T18:00:43","date_gmt":"2026-03-14T18:00:43","guid":{"rendered":"https:\/\/playersforlife.com\/2026\/03\/14\/tyska-filosofen-jurgen-habermas-avlider\/"},"modified":"2026-03-14T18:11:17","modified_gmt":"2026-03-14T18:11:17","slug":"tyska-filosofen-jurgen-habermas-avlider","status":"publish","type":"post","link":"https:\/\/playersforlife.com\/sv\/2026\/03\/14\/tyska-filosofen-jurgen-habermas-avlider\/","title":{"rendered":"Tyska filosofen J\u00fcrgen Habermas avlider"},"content":{"rendered":"<p><div class=\"key-takeaways\"><h3>Viktiga punkter<\/h3><p>Skapad med AI - vi experimenterar fortfarande! Urs\u00e4kta om det inte riktigt motsvarar dina f\u00f6rv\u00e4ntningar.<\/p><ul><li style=\"margin-bottom: 8px;\">J\u00fcrgen Habermas, en av Tysklands mest k\u00e4nda filosof och sociolog, dog vid 94 \u00e5rs \u00e5lder. Han var en viktig gestalt inom den andra generationen av Frankfurt-skolan och hade en inflytelserik karri\u00e4r som l\u00e4rare p\u00e5 prestigefulla institutioner.<\/li><li style=\"margin-bottom: 8px;\">Habermas \u00e4r k\u00e4nd f\u00f6r sin politiska teori som inriktar sig p\u00e5 vikten av allm\u00e4n enighet f\u00f6r att demokratier ska blomstra. Under de senaste \u00e5ren har han kritiserat Angela Merkels regering under grekisk skuldkris och Israels milit\u00e4roffensiv mot Gazan\u00e4tter efter attacker fr\u00e5n Hamas.<\/li><li style=\"margin-bottom: 8px;\">Habermass senaste bok, Saker som beh\u00f6vs f\u00f6r att bli b\u00e4ttre, sl\u00e4pptes den december senast. Hans m\u00e5ngskiftande akademiska bakgrund, inklusive studier i filosofi, historia, psykologi, tysk litteratur och nationalekonomi, bidrog starkt till hans utm\u00e4rkt karri\u00e4r.<\/li><li style=\"margin-bottom: 8px;\">I sina senare \u00e5r tj\u00e4nstgjorde Habermas som direkt\u00f6r f\u00f6r Max Planck-institutet f\u00f6r studier av levnadsf\u00f6rh\u00e5llanden i den vetenskapligt-tekniska v\u00e4rlden, baserat i Starnberg. Hans p\u00e5verkan p\u00e5 samtida filosofi och sociologi \u00f6ver hela v\u00e4rlden \u00e4r outr\u00e4ttbar.<\/li><\/ul><\/div><br \/>\n<h3>Recommended products<\/h3><p class=\"aws-affiliate-disclaimer\">This page contains affiliate links. As an Amazon Associate, we earn a commission from purchases made through these links.<\/p><div class=\"aws-product-grid\"><div class=\"aws-product-card\"><div class=\"aws-product-image\"><a href=\"https:\/\/www.amazon.com\/Shakespearean-Insults-Coffee-Mug-Shakespeares\/dp\/B0038TYV7I\/ref=sr_1_3?tag=playersforlif-20\" target=\"_blank\" rel=\"nofollow noopener noreferrer\"><img decoding=\"async\" src=\"https:\/\/m.media-amazon.com\/images\/I\/81S1z9y2UBL._AC_SX569_.jpg\" alt=\"The Unemployed Philosophers Guild Shakespearean Insults Coffee Mug - Shakespeares Wittiest and Meanest Insults - Comes in a Fun Gift Box, 14 oz.\" title=\"\"><\/a><\/div><div class=\"aws-product-content\"><h4><a href=\"https:\/\/www.amazon.com\/Shakespearean-Insults-Coffee-Mug-Shakespeares\/dp\/B0038TYV7I\/ref=sr_1_3?tag=playersforlif-20\" target=\"_blank\" rel=\"nofollow noopener noreferrer\">The Unemployed Philosophers Guild Shakespearean Insults Coffee Mug - Shakespeares Wittiest and Meanest Insults - Comes in a Fun Gift Box, 14 oz.<\/a><\/h4><div class=\"aws-product-prices\"><span class=\"aws-current-price\">$19.95<\/span><\/div><\/div><\/div><\/div>\n        <style>\n            .aws-affiliate-disclaimer {\n                font-size: 13px;\n                color: #666;\n                margin: 4px 0 16px 0;\n            }\n\n            .aws-product-grid {\n                display: grid;\n                grid-template-columns: repeat(3, 1fr);\n                gap: 20px;\n                margin: 20px 0;\n            }\n            \n            .aws-product-card {\n                border: 1px solid #e0e0e0;\n                border-radius: 8px;\n                overflow: hidden;\n                background: #fff;\n                box-shadow: 0 2px 4px rgba(0,0,0,0.1);\n                transition: transform 0.2s ease, box-shadow 0.2s ease;\n                position: relative;\n            }\n            \n            .aws-product-card:hover {\n                transform: translateY(-2px);\n                box-shadow: 0 4px 8px rgba(0,0,0,0.15);\n            }\n            \n            .aws-discount-badge {\n                position: absolute;\n                top: 10px;\n                right: 10px;\n                background: #ff4444;\n                color: white;\n                padding: 4px 8px;\n                border-radius: 4px;\n                font-size: 12px;\n                font-weight: bold;\n                z-index: 2;\n            }\n            \n            .aws-product-image {\n                width: 100%;\n                height: 200px;\n                overflow: hidden;\n                background: #f5f5f5;\n            }\n            \n            .aws-product-image img {\n                width: 100%;\n                height: 100%;\n                object-fit: contain;\n                transition: transform 0.2s ease;\n            }\n            \n            .aws-product-image:hover img {\n                transform: scale(1.05);\n            }\n            \n            .aws-product-image a {\n                display: block;\n                width: 100%;\n                height: 100%;\n            }\n            \n            .aws-product-content {\n                padding: 15px;\n            }\n            \n            .aws-product-content h4 {\n                margin: 0 0 10px 0;\n                font-size: 16px;\n                line-height: 1.3;\n            }\n            \n            .aws-product-content h4 a {\n                color: #333;\n                text-decoration: none;\n                transition: color 0.2s ease;\n            }\n            \n            .aws-product-content h4 a:hover {\n                color: #0073aa;\n            }\n            \n            .aws-product-prices {\n                display: flex;\n                align-items: center;\n                gap: 8px;\n                font-weight: bold;\n            }\n            \n            .aws-original-price {\n                text-decoration: line-through;\n                color: #999;\n                font-size: 14px;\n            }\n            \n            .aws-discounted-price {\n                color: #ff4444;\n                font-size: 16px;\n            }\n            \n            .aws-current-price {\n                color: #333;\n                font-size: 16px;\n            }\n            \n            \/* Tablet styles - 2 columns *\/\n            @media (max-width: 768px) {\n                .aws-product-grid {\n                    grid-template-columns: repeat(2, 1fr);\n                    gap: 15px;\n                }\n                \n                .aws-product-image {\n                    height: 180px;\n                }\n            }\n            \n            \/* Mobile styles - 1 column *\/\n            @media (max-width: 480px) {\n                .aws-product-grid {\n                    grid-template-columns: 1fr;\n                    gap: 15px;\n                }\n                \n                .aws-product-image {\n                    height: 220px;\n                }\n                \n                .aws-product-content {\n                    padding: 12px;\n                }\n            }\n        <\/style><\/p>\n<p>J\u00fcrgen Habermas, den inflytelserike tyske filosofen och sociologen, avled i sitt hem i Starnberg den 14 april p\u00e5 94 \u00e5rs \u00e5lder. Hans f\u00f6rlag, Suhrkamp Verlag, meddelade hans d\u00f6d med familjens till\u00e5telse. Han f\u00f6ddes i D\u00fcsseldorf \u00e5r 1929 och \u00e4r v\u00f6rdad som en av Tysklands mest betydande tankarbetare och en av de mest inflytelserika samtidiga filosoferna och sociologerna v\u00e4rlden \u00f6ver. Som ledande gestalt f\u00f6r den andra generationen av Frankfurt-skolan utvecklade han fortsatt teorin som utvecklats av intellektuella som Max Horkheimer och Theodor Adorno. Fr\u00e5n 1949 till 1954 studerade Habermas filosofi, historia, psykologi, tyska litteratur och nationalekonomi vid universiteten i G\u00f6ttingen, Z\u00fcrich och Bonn. Hans m\u00e5ngsidiga akademiska bakgrund gjorde honom redan till en framst\u00e5ende l\u00e4rare p\u00e5 prestigefyllda institutioner, inklusive universiteten i Heidelberg och Frankfurt am Main i Tyskland samt UC Berkeley i USA. Han var ocks\u00e5 verkst\u00e4llande direkt\u00f6r f\u00f6r Max Planck-institutet f\u00f6r studier av levnadsvillkoren i den vetenskapsteknologiska v\u00e4rlden, bel\u00e4get i Starnberg. Filosofen J\u00fcrgen Habermas kritiserade regeringsst\u00e4llningar och tog st\u00e4llning i Israel-Gaza-konflikten i senaste intervjuerna<\/p>\n<p>Som politisk teoretiker trodde Habermas att allm\u00e4n enighet \u00e4r viktig f\u00f6r demokratierna ska fungera bra. I ett intervju med The Guardian \u00e5r 2015 kritiserade han regeringen ledd av Angela Merkel f\u00f6r sin h\u00e5rda st\u00e4llning under Greklands skuldsituation. \u00c5r 2023 uttryckte han att Israels krig mot Gaza efter Hamas anfall den 7 oktober var logiskt, en uppgift som \u00f6verraskade m\u00e5nga filosofer. Hans senaste bok, N\u00f6dv\u00e4ndigheter f\u00f6r f\u00f6rb\u00e4ttringar, kom ut n\u00e4stan ett \u00e5r sedan. Artiklens information h\u00e4mtades fr\u00e5n advokatbyr\u00e5n Conjur, enligt Uai.<\/p>\n<p><img decoding=\"async\" style=\"width: 100%\" src=\"https:\/\/images.impresa.pt\/expresso\/2025-09-16-juergen-habermas_t-_idp.jpg-3d0fd800\/original\" alt=\"\" title=\"\"><br \/>\n<div class=\"external-references\"><h2>Det pratas ocks\u00e5 om det i utl\u00e4ndsk press<\/h2><p class=\"external-references__disclaimer\">Om du f\u00f6rst\u00e5r engelska, h\u00e4r \u00e4r l\u00e4nkar till externa k\u00e4llor<\/p><ul class=\"external-references__list\"><li class=\"external-references__item\" data-index=\"1\"><span class=\"external-references__title\">J\u00fcrgen Habermas, German philosopher and sociologist, dies aged 96<\/span><a href=\"https:\/\/www.nytimes.com\/2026\/03\/14\/books\/jurgen-habermas-dead.html\" target=\"_blank\" rel=\"noopener noreferrer nofollow\" class=\"external-references__link\"><span class=\"external-references__title\">J\u00fcrgen Habermas, German philosopher and sociologist, dies aged 96<\/span><span class=\"external-references__domain\">nytimes.com<\/span><\/a><\/li><\/ul><\/div><\/p>\n","protected":false},"excerpt":{"rendered":"<p>G\u00e5 med oss i minnesh\u00f6gtid f\u00f6r livet och arbetet av den tyske filosofen och sociologen J\u00fcrgen Habermas, vars p\u00e5verkan p\u00e5 nutida tankar som en del av Frankfurter Skolan \u00e4r o\u00e4ktlig.<\/p>\n","protected":false},"author":19,"featured_media":127153,"comment_status":"closed","ping_status":"open","sticky":false,"template":"","format":"standard","meta":{"content-type":"","_lmt_disableupdate":"","_lmt_disable":"","movie_schema":"","tvshow_schema":"","videogame_schema":"","meta_description":"\"Tyska filosofen J\u00fcrgen Habermas avlider vid 96 \u00e5rs \u00e5lder.\"","meta_keywords":"dialogiska rationalitet, kritik av instrumentell f\u00f6rnuft, kommunikativ handling, demokratisering, filosofi, frankfurt school, germanistik, habermas, intersubjecutivitet, kritisk teori","meta_author":"Joakim Bergstr\u00f6m","meta_robots":"index, follow","meta_language":"en","twitter_card":"summary_large_image","twitter_title":"Habermas, den mest betydelsefulla tyska filosofen sedan Kant","twitter_description":"\"Tyska filosofen J\u00fcrgen Habermas avlider vid 96 \u00e5rs \u00e5lder. En tongivande medlem av Frankfurt School, han p\u00e5verkade den samtida filosofin och sociologin.\"","twitter_site":"","twitter_site_id":"","twitter_creator":"","twitter_creator_id":"","twitter_image":"https:\/\/images.t-online.de\/2026\/01\/OhXKxieBl2r8\/0x0:2048x1152\/fit-in\/1920x0\/juergen-habermas-deutscher-philosoph-spricht-im-zdf-hauptstadtstudio-zu-dpa-habermas-vorlass-jetzt-vollstaendig-in-frankfurt.jpg","twitter_image_alt":"","twitter_app_name_iphone":"","twitter_app_id_iphone":"","twitter_app_url_iphone":"","twitter_app_name_ipad":"","twitter_app_id_ipad":"","twitter_app_url_ipad":"","twitter_app_name_googleplay":"","twitter_app_id_googleplay":"","twitter_app_url_googleplay":"","twitter_player":"","twitter_player_width":0,"twitter_player_height":0,"twitter_player_stream":"","og_title":"Habermas, den mest betydelsefulla tyska filosofen sedan Kant","og_type":"article","og_url":"https:\/\/playersforlife.com\/sv\/2026\/03\/14\/tyska-filosofen-jurgen-habermas-avlider\/","og_image":"https:\/\/images.t-online.de\/2026\/01\/OhXKxieBl2r8\/0x0:2048x1152\/fit-in\/1920x0\/juergen-habermas-deutscher-philosoph-spricht-im-zdf-hauptstadtstudio-zu-dpa-habermas-vorlass-jetzt-vollstaendig-in-frankfurt.jpg","og_image_secure_url":"https:\/\/images.t-online.de\/2026\/01\/OhXKxieBl2r8\/0x0:2048x1152\/fit-in\/1920x0\/juergen-habermas-deutscher-philosoph-spricht-im-zdf-hauptstadtstudio-zu-dpa-habermas-vorlass-jetzt-vollstaendig-in-frankfurt.jpg","og_image_type":"image\/jpeg","og_image_width":0,"og_image_height":0,"og_image_alt":"","og_description":"\"Tyska filosofen J\u00fcrgen Habermas avlider vid 96 \u00e5rs \u00e5lder. En tongivande medlem av Frankfurt School, han p\u00e5verkade den samtida filosofin och sociologin.\"","og_site_name":"PlayersForLife.com","og_locale":"en_US","og_article_published_time":"2026-03-14T18:00:43","og_article_modified_time":"2026-03-14T18:00:43","og_article_author":"Joakim Bergstr\u00f6m","og_article_section":"News","og_article_tag":[],"og_video":"","og_video_secure_url":"","og_video_type":"","og_video_width":0,"og_video_height":0,"og_audio":"","og_audio_secure_url":"","og_audio_type":"","footnotes":""},"categories":[38],"tags":[],"class_list":["post-127164","post","type-post","status-publish","format-standard","has-post-thumbnail","hentry","category-news"],"lang":"sv","original_post_id":null,"featured_image_urls":{"full":["https:\/\/playersforlife.com\/wp-content\/uploads\/2026\/03\/image_2026-03-Mar-14-2026_14-08-24.png",1536,1024,false],"thumbnail":["https:\/\/playersforlife.com\/wp-content\/uploads\/2026\/03\/image_2026-03-Mar-14-2026_14-08-24-150x150.png",150,150,true],"medium":["https:\/\/playersforlife.com\/wp-content\/uploads\/2026\/03\/image_2026-03-Mar-14-2026_14-08-24-300x200.png",300,200,true],"medium_large":["https:\/\/playersforlife.com\/wp-content\/uploads\/2026\/03\/image_2026-03-Mar-14-2026_14-08-24-768x512.png",768,512,true],"large":["https:\/\/playersforlife.com\/wp-content\/uploads\/2026\/03\/image_2026-03-Mar-14-2026_14-08-24-1024x683.png",1024,683,true],"1536x1536":["https:\/\/playersforlife.com\/wp-content\/uploads\/2026\/03\/image_2026-03-Mar-14-2026_14-08-24.png",1536,1024,false],"2048x2048":["https:\/\/playersforlife.com\/wp-content\/uploads\/2026\/03\/image_2026-03-Mar-14-2026_14-08-24.png",1536,1024,false],"penci-single-full":["https:\/\/playersforlife.com\/wp-content\/uploads\/2026\/03\/image_2026-03-Mar-14-2026_14-08-24.png",1536,1024,false],"penci-slider-full-thumb":["https:\/\/playersforlife.com\/wp-content\/uploads\/2026\/03\/image_2026-03-Mar-14-2026_14-08-24-1536x800.png",1536,800,true],"penci-full-thumb":["https:\/\/playersforlife.com\/wp-content\/uploads\/2026\/03\/image_2026-03-Mar-14-2026_14-08-24-1170x780.png",1170,780,true],"penci-slider-thumb":["https:\/\/playersforlife.com\/wp-content\/uploads\/2026\/03\/image_2026-03-Mar-14-2026_14-08-24-1170x663.png",1170,663,true],"penci-magazine-slider":["https:\/\/playersforlife.com\/wp-content\/uploads\/2026\/03\/image_2026-03-Mar-14-2026_14-08-24-780x516.png",780,516,true],"penci-thumb":["https:\/\/playersforlife.com\/wp-content\/uploads\/2026\/03\/image_2026-03-Mar-14-2026_14-08-24-585x390.png",585,390,true],"penci-masonry-thumb":["https:\/\/playersforlife.com\/wp-content\/uploads\/2026\/03\/image_2026-03-Mar-14-2026_14-08-24-585x390.png",585,390,true],"penci-thumb-square":["https:\/\/playersforlife.com\/wp-content\/uploads\/2026\/03\/image_2026-03-Mar-14-2026_14-08-24-585x585.png",585,585,true],"penci-thumb-vertical":["https:\/\/playersforlife.com\/wp-content\/uploads\/2026\/03\/image_2026-03-Mar-14-2026_14-08-24-480x650.png",480,650,true],"penci-thumb-small":["https:\/\/playersforlife.com\/wp-content\/uploads\/2026\/03\/image_2026-03-Mar-14-2026_14-08-24-263x175.png",263,175,true],"penci-recipe-1200x1200":["https:\/\/playersforlife.com\/wp-content\/uploads\/2026\/03\/image_2026-03-Mar-14-2026_14-08-24-1200x1024.png",1200,1024,true],"penci-recipe-1200x900":["https:\/\/playersforlife.com\/wp-content\/uploads\/2026\/03\/image_2026-03-Mar-14-2026_14-08-24-1200x900.png",1200,900,true],"penci-recipe-1200x675":["https:\/\/playersforlife.com\/wp-content\/uploads\/2026\/03\/image_2026-03-Mar-14-2026_14-08-24-1200x675.png",1200,675,true]},"author_info":{"info":["Joakim Bergstr\u00f6m"]},"category_info":"<a href=\"https:\/\/playersforlife.com\/category\/news\/\" rel=\"category tag\">News<\/a>","tag_info":"News","comment_count":"0","_links":{"self":[{"href":"https:\/\/playersforlife.com\/sv\/wp-json\/wp\/v2\/posts\/127164","targetHints":{"allow":["GET"]}}],"collection":[{"href":"https:\/\/playersforlife.com\/sv\/wp-json\/wp\/v2\/posts"}],"about":[{"href":"https:\/\/playersforlife.com\/sv\/wp-json\/wp\/v2\/types\/post"}],"author":[{"embeddable":true,"href":"https:\/\/playersforlife.com\/sv\/wp-json\/wp\/v2\/users\/19"}],"replies":[{"embeddable":true,"href":"https:\/\/playersforlife.com\/sv\/wp-json\/wp\/v2\/comments?post=127164"}],"version-history":[{"count":1,"href":"https:\/\/playersforlife.com\/sv\/wp-json\/wp\/v2\/posts\/127164\/revisions"}],"predecessor-version":[{"id":127165,"href":"https:\/\/playersforlife.com\/sv\/wp-json\/wp\/v2\/posts\/127164\/revisions\/127165"}],"wp:featuredmedia":[{"embeddable":true,"href":"https:\/\/playersforlife.com\/sv\/wp-json\/wp\/v2\/media\/127153"}],"wp:attachment":[{"href":"https:\/\/playersforlife.com\/sv\/wp-json\/wp\/v2\/media?parent=127164"}],"wp:term":[{"taxonomy":"category","embeddable":true,"href":"https:\/\/playersforlife.com\/sv\/wp-json\/wp\/v2\/categories?post=127164"},{"taxonomy":"post_tag","embeddable":true,"href":"https:\/\/playersforlife.com\/sv\/wp-json\/wp\/v2\/tags?post=127164"}],"curies":[{"name":"wp","href":"https:\/\/api.w.org\/{rel}","templated":true}]}}