{"id":142946,"date":"2026-04-27T08:00:19","date_gmt":"2026-04-27T08:00:19","guid":{"rendered":"https:\/\/playersforlife.com\/2026\/04\/27\/virada-cultural-de-sao-paulo-plus-d-un-millier-d-attractions-reparties-sur-22-scenes\/"},"modified":"2026-04-27T08:08:09","modified_gmt":"2026-04-27T08:08:09","slug":"virada-cultural-de-sao-paulo-plus-d-un-millier-d-attractions-reparties-sur-22-scenes","status":"publish","type":"post","link":"https:\/\/playersforlife.com\/fr\/2026\/04\/27\/virada-cultural-de-sao-paulo-plus-d-un-millier-d-attractions-reparties-sur-22-scenes\/","title":{"rendered":"Virada Cultural de S\u00e3o Paulo : Plus d&rsquo;un millier d&rsquo;attractions r\u00e9parties sur 22 sc\u00e8nes"},"content":{"rendered":"<p><div class=\"key-takeaways\"><h3>En quelques mots<\/h3><p>Cr\u00e9\u00e9 avec l&#039;IA - on travaille encore dessus ! D\u00e9sol\u00e9 si \u00e7a ne correspond pas tout \u00e0 fait \u00e0 vos attentes.<\/p><ul><li style=\"margin-bottom: 8px;\">La Virada Cultural de S\u00e3o Paulo 2026 pr\u00e9sentera une grande vari\u00e9t\u00e9 d&#039;attractions culturelles, y compris des performances musicales d&#039;artistes populaires r\u00e9parties sur plus de 22 sc\u00e8nes \u00e0 travers la ville, avec un accent mis sur la d\u00e9centralisation.<\/li><li style=\"margin-bottom: 8px;\">L&#039;\u00e9v\u00e9nement vise \u00e0 apporter de la musique et des activit\u00e9s dans diff\u00e9rentes parties de S\u00e3o Paulo, m\u00eame pendant les heures matinales, et comprendra des sc\u00e8nes d\u00e9di\u00e9es aux genres Women&#039;s, Brega et Rock, ainsi que des zones pour la musique gospel.<\/li><li style=\"margin-bottom: 8px;\">La \u00e9dition de 2026 comportera \u00e9galement des espaces th\u00e9matiques neufs et des collaborations avec plus d&#039;une centaine d&#039;institutions culturelles, visant \u00e0 renforcer un corridor culturel con\u00e7u pour stimuler la circulation publique tout au long du week-end.<\/li><li style=\"margin-bottom: 8px;\">Le festival Virada Cultural de l&#039;ann\u00e9e derni\u00e8re a attir\u00e9 4,7 millions de personnes, en maintenant la fr\u00e9quentation de 4,5 millions de participants des ann\u00e9es pr\u00e9c\u00e9dentes, ce qui en fait l&#039;un des plus grands festivals culturels gratuits du Br\u00e9sil. La programmation compl\u00e8te pour l&#039;\u00e9dition de 2026 sera publi\u00e9e par la municipalit\u00e9 en mai.<\/li><\/ul><\/div><br \/>\n<h3>Recommended products<\/h3><p class=\"aws-affiliate-disclaimer\">This page contains affiliate links. As an Amazon Associate, we earn a commission from purchases made through these links.<\/p><div class=\"aws-product-grid\"><div class=\"aws-product-card\"><div class=\"aws-discount-badge\">-58%<\/div><div class=\"aws-product-image\"><a href=\"https:\/\/www.amazon.com\/Hearprotek-Reduction-Protection-Musicians-Nightclub\/dp\/B08PBQFQH6\/ref=sr_1_1?tag=playersforlif-20\" target=\"_blank\" rel=\"nofollow noopener noreferrer\"><img decoding=\"async\" src=\"https:\/\/m.media-amazon.com\/images\/I\/71fUNemtqhL._AC_SX569_PIbundle-2,TopRight,0,0_SH20_.jpg\" alt=\"Hearprotek Concert Ear Plugs, 2Pairs Reusable high Fidelity Musician Ear Plugs for Concerts Loud Music-Noise Reduction Ear Protection earplugs for Rave,Festival,Music,Tinnitus Relief\" title=\"\"><\/a><\/div><div class=\"aws-product-content\"><h4><a href=\"https:\/\/www.amazon.com\/Hearprotek-Reduction-Protection-Musicians-Nightclub\/dp\/B08PBQFQH6\/ref=sr_1_1?tag=playersforlif-20\" target=\"_blank\" rel=\"nofollow noopener noreferrer\">Hearprotek Concert Ear Plugs, 2Pairs Reusable high Fidelity Musician Ear Plugs for Concerts Loud Music-Noise Reduction Ear Protection earplugs for Rave,Festival,Music,Tinnitus Relief<\/a><\/h4><div class=\"aws-product-prices\"><span class=\"aws-original-price\">$17.99<\/span><span class=\"aws-discounted-price\">$7.50<\/span><\/div><\/div><\/div><div class=\"aws-product-card\"><div class=\"aws-discount-badge\">-62%<\/div><div class=\"aws-product-image\"><a href=\"https:\/\/www.amazon.com\/Reure-Cancelling-Musicians-Motorcycles-Protection\/dp\/B0CG9F5W3Q\/ref=sr_1_2?tag=playersforlif-20\" target=\"_blank\" rel=\"nofollow noopener noreferrer\"><img decoding=\"async\" src=\"https:\/\/m.media-amazon.com\/images\/I\/71QCYc-KxIL._AC_SX569_.jpg\" alt=\"Reure High Fidelity Concert Ear Plugs, Noise Cancelling Silicone Ear Plugs 2 Pairs Great for Concerts Loud Music, Musicians, Motorcycles, Airplanes, Raves, Hearing Protection -23 dB\" title=\"\"><\/a><\/div><div class=\"aws-product-content\"><h4><a href=\"https:\/\/www.amazon.com\/Reure-Cancelling-Musicians-Motorcycles-Protection\/dp\/B0CG9F5W3Q\/ref=sr_1_2?tag=playersforlif-20\" target=\"_blank\" rel=\"nofollow noopener noreferrer\">Reure High Fidelity Concert Ear Plugs, Noise Cancelling Silicone Ear Plugs 2 Pairs Great for Concerts Loud Music, Musicians, Motorcycles, Airplanes, Raves, Hearing Protection -23 dB<\/a><\/h4><div class=\"aws-product-prices\"><span class=\"aws-original-price\">$12.99<\/span><span class=\"aws-discounted-price\">$5.00<\/span><\/div><\/div><\/div><div class=\"aws-product-card\"><div class=\"aws-product-image\"><a href=\"https:\/\/www.amazon.com\/Eargasm-Festivals-Night-Life-Motorcycle-Protection\/dp\/B019M576XW\/ref=sr_1_3?tag=playersforlif-20\" target=\"_blank\" rel=\"nofollow noopener noreferrer\"><img decoding=\"async\" src=\"https:\/\/m.media-amazon.com\/images\/I\/51+5U7Qo-XL._AC_SX569_.jpg\" alt=\"Eargasm High Fidelity Blue Earplugs for Concerts, Festivals, Musicians, DJs, Night-Life, Motorcycle Hearing Protection - Reusable Ear Plugs for High Fidelity Noise Reduction up to 21 dB\" title=\"\"><\/a><\/div><div class=\"aws-product-content\"><h4><a href=\"https:\/\/www.amazon.com\/Eargasm-Festivals-Night-Life-Motorcycle-Protection\/dp\/B019M576XW\/ref=sr_1_3?tag=playersforlif-20\" target=\"_blank\" rel=\"nofollow noopener noreferrer\">Eargasm High Fidelity Blue Earplugs for Concerts, Festivals, Musicians, DJs, Night-Life, Motorcycle Hearing Protection - Reusable Ear Plugs for High Fidelity Noise Reduction up to 21 dB<\/a><\/h4><div class=\"aws-product-prices\"><span class=\"aws-current-price\">$43.95<\/span><\/div><\/div><\/div><\/div>\n        <style>\n            .aws-affiliate-disclaimer {\n                font-size: 13px;\n                color: #666;\n                margin: 4px 0 16px 0;\n            }\n\n            .aws-product-grid {\n                display: grid;\n                grid-template-columns: repeat(3, 1fr);\n                gap: 20px;\n                margin: 20px 0;\n            }\n            \n            .aws-product-card {\n                border: 1px solid #e0e0e0;\n                border-radius: 8px;\n                overflow: hidden;\n                background: #fff;\n                box-shadow: 0 2px 4px rgba(0,0,0,0.1);\n                transition: transform 0.2s ease, box-shadow 0.2s ease;\n                position: relative;\n            }\n            \n            .aws-product-card:hover {\n                transform: translateY(-2px);\n                box-shadow: 0 4px 8px rgba(0,0,0,0.15);\n            }\n            \n            .aws-discount-badge {\n                position: absolute;\n                top: 10px;\n                right: 10px;\n                background: #ff4444;\n                color: white;\n                padding: 4px 8px;\n                border-radius: 4px;\n                font-size: 12px;\n                font-weight: bold;\n                z-index: 2;\n            }\n            \n            .aws-product-image {\n                width: 100%;\n                height: 200px;\n                overflow: hidden;\n                background: #f5f5f5;\n            }\n            \n            .aws-product-image img {\n                width: 100%;\n                height: 100%;\n                object-fit: contain;\n                transition: transform 0.2s ease;\n            }\n            \n            .aws-product-image:hover img {\n                transform: scale(1.05);\n            }\n            \n            .aws-product-image a {\n                display: block;\n                width: 100%;\n                height: 100%;\n            }\n            \n            .aws-product-content {\n                padding: 15px;\n            }\n            \n            .aws-product-content h4 {\n                margin: 0 0 10px 0;\n                font-size: 16px;\n                line-height: 1.3;\n            }\n            \n            .aws-product-content h4 a {\n                color: #333;\n                text-decoration: none;\n                transition: color 0.2s ease;\n            }\n            \n            .aws-product-content h4 a:hover {\n                color: #0073aa;\n            }\n            \n            .aws-product-prices {\n                display: flex;\n                align-items: center;\n                gap: 8px;\n                font-weight: bold;\n            }\n            \n            .aws-original-price {\n                text-decoration: line-through;\n                color: #999;\n                font-size: 14px;\n            }\n            \n            .aws-discounted-price {\n                color: #ff4444;\n                font-size: 16px;\n            }\n            \n            .aws-current-price {\n                color: #333;\n                font-size: 16px;\n            }\n            \n            \/* Tablet styles - 2 columns *\/\n            @media (max-width: 768px) {\n                .aws-product-grid {\n                    grid-template-columns: repeat(2, 1fr);\n                    gap: 15px;\n                }\n                \n                .aws-product-image {\n                    height: 180px;\n                }\n            }\n            \n            \/* Mobile styles - 1 column *\/\n            @media (max-width: 480px) {\n                .aws-product-grid {\n                    grid-template-columns: 1fr;\n                    gap: 15px;\n                }\n                \n                .aws-product-image {\n                    height: 220px;\n                }\n                \n                .aws-product-content {\n                    padding: 12px;\n                }\n            }\n        <\/style><\/p>\n<p>La Virada Cultural de S\u00e3o Paulo 2026 est pr\u00e9vue pour les 23 et 24 mai et comptera des performances de Thiaguinho, Marina Sena, Joelma, Gustavo Mioto, Gaby Amarantos, Alexandre Pires et Luiza Sonza. Selon des informations pr\u00e9liminaires de la municipalit\u00e9, l&rsquo;\u00e9v\u00e9nement proposera plus d&rsquo;un millier d&rsquo;attractions culturelles r\u00e9parties sur 22 sc\u00e8nes dans toute la ville, visant \u00e0 apporter de la musique et des activit\u00e9s dans diff\u00e9rents quartiers de S\u00e3o Paulo, m\u00eame pendant les heures matinales. Cette \u00e9dition de la Virada Cultural vise \u00e0 d\u00e9centraliser l&rsquo;\u00e9v\u00e9nement, avec seulement cinq sc\u00e8nes situ\u00e9es dans la r\u00e9gion centrale Paulistan. Cela repr\u00e9sente un changement par rapport aux \u00e9ditions pr\u00e9c\u00e9dentes qui mettaient en avant le centre-ville de la ville. Ce changement a suscit\u00e9 des critiques, car l concept original de Virada Cultural \u00e9tait d&rsquo;encourager l&rsquo;engagement du public dans la zone centrale de la ville. En 2019, par exemple, le centre-ville accueillait 27 sc\u00e8nes, un nombre r\u00e9duit \u00e0 une seule en 2023. Le programme comprendra une sc\u00e8ne d\u00e9di\u00e9e aux femmes (Palco Mulheres) et les sc\u00e8nes Brega et Rock feront leur retour. En plus des sc\u00e8nes traditionnelles, de nouveaux espaces th\u00e9matiques comme le Palco Brega et le Palco Mulheres sont pr\u00e9vus, ainsi que des zones pour la musique gospel et rock. Le programme complet avec horaires et lieux sera annonc\u00e9 lors d&rsquo;une conf\u00e9rence de presse en mai.<\/p>\n<h2>\u00c9largissement de la Virada Cultural 2026 dans toute S\u00e3o Paulo avec des milliers d&rsquo;ateliers et des sc\u00e8nes d\u00e9centralis\u00e9es dans divers secteurs<\/h2>\n<p>La Virada Cultural est l&rsquo;un des plus grands festivals culturels gratuits du Br\u00e9sil, proposant un programme de 24 heures de th\u00e9\u00e2tre, danse, interventions urbaines, arts visuels, litt\u00e9rature et bien plus encore. Des \u00e9v\u00e9nements sont pr\u00e9vus dans les institutions culturelles telles que Sesc S\u00e3o Paulo, MASP, Pinacoteca de S\u00e3o Paulo et le Mus\u00e9e de la Langue Portugaise. Plus d&rsquo;une centaine de partenaires, notamment Sesc, MASP, Fiesp, Instituto Moreira Salles, Pinacoteca et Museu da L\u00edngua Portuguesa, collaborent \u00e0 cette \u00e9dition de l&rsquo;\u00e9v\u00e9nement. L&rsquo;administration municipale indique que les sc\u00e8nes restantes seront install\u00e9es dans les zones sud, est, nord et ouest, renfor\u00e7ant une all\u00e9e culturelle con\u00e7ue pour stimuler la circulation du public tout au long du week-end. L&rsquo;an dernier, la Virada Cultural a attir\u00e9 4,7 millions de personnes, mainten<\/p>\n<div class=\"external-references\"><h2>Ils en parlent aussi dans la presse \u00e9trang\u00e8re<\/h2><p class=\"external-references__disclaimer\">Si vous comprenez l&#039;anglais, voici des liens vers des sources externes<\/p><ul class=\"external-references__list\"><li class=\"external-references__item\" data-index=\"1\"><span class=\"external-references__title\">Evento vai acontecer nos dias 23 e 24 de maio, com mais de mil atra\u00e7\u00f5es se apresentando em 22 palcos nas v\u00e1rias regi\u00f5es da cidade. Ao menos cinco palcos ser\u00e3o na regi\u00e3o central.<\/span><a href=\"https:\/\/g1.globo.com\/sp\/sao-paulo\/noticia\/2026\/04\/23\/virada-cultural-em-sp-tera-shows-de-thiaguinho-marina-sena-joelma-alexandre-pires-gustavo-mioto-e-luiza-sonza.ghtml\" target=\"_blank\" rel=\"noopener noreferrer nofollow\" class=\"external-references__link\"><span class=\"external-references__title\">Evento vai acontecer nos dias 23 e 24 de maio, com mais de mil atra\u00e7\u00f5es se apresentando em 22 palcos nas v\u00e1rias regi\u00f5es da cidade. Ao menos cinco palcos ser\u00e3o na regi\u00e3o central.<\/span><span class=\"external-references__domain\">g1.globo.com<\/span><\/a><\/li><li class=\"external-references__item\" data-index=\"2\"><span class=\"external-references__title\">Virada Cultural em SP ter\u00e1 mais de mil atra\u00e7\u00f5es em 22 palcos<\/span><a href=\"https:\/\/agenciabrasil.ebc.com.br\/cultura\/noticia\/2026-04\/virada-cultural-em-sp-tera-mais-de-mil-atracoes-em-22-palcos\" target=\"_blank\" rel=\"noopener noreferrer nofollow\" class=\"external-references__link\"><span class=\"external-references__title\">Virada Cultural em SP ter\u00e1 mais de mil atra\u00e7\u00f5es em 22 palcos<\/span><span class=\"external-references__domain\">agenciabrasil.ebc.com.br<\/span><\/a><\/li><li class=\"external-references__item\" data-index=\"3\"><span class=\"external-references__title\">Virada Cultural 2026 Schedule: What We Know So Far<\/span><a href=\"https:\/\/www.band.com.br\/entretenimento\/virada-cultural-de-sp-anuncia-thiaguinho-marina-sena-e-mais-mil-atracoes-202604230854\" target=\"_blank\" rel=\"noopener noreferrer nofollow\" class=\"external-references__link\"><span class=\"external-references__title\">Virada Cultural 2026 Schedule: What We Know So Far<\/span><span class=\"external-references__domain\">band.com.br<\/span><\/a><\/li><li class=\"external-references__item\" data-index=\"4\"><span class=\"external-references__title\">Virada Cultural 2026 ter\u00e1 shows de Thiaguinho, Marina Sena, Joelma e mais de mil atra\u00e7\u00f5es em SP<\/span><a href=\"https:\/\/saopaulosecreto.com\/en\/virada-cultural-sao-paulo-2026-en\/\" target=\"_blank\" rel=\"noopener noreferrer nofollow\" class=\"external-references__link\"><span class=\"external-references__title\">Virada Cultural 2026 ter\u00e1 shows de Thiaguinho, Marina Sena, Joelma e mais de mil atra\u00e7\u00f5es em SP<\/span><span class=\"external-references__domain\">saopaulosecreto.com<\/span><\/a><\/li><\/ul><\/div>\n","protected":false},"excerpt":{"rendered":"<p>Pr\u00e9parez-vous \u00e0 une f\u00eate culturelle vibrante avec Virada Cultural, qui pr\u00e9sente des milliers d&rsquo;attractions sur 22 sc\u00e8nes et est anim\u00e9e par des performances de sc\u00e8ne traditionnelle Brega et de rock en t\u00eate d&rsquo;affiche, du 23 au 24 mai \u00e0 S\u00e3o Paulo.<\/p>\n","protected":false},"author":12,"featured_media":142939,"comment_status":"closed","ping_status":"open","sticky":false,"template":"","format":"standard","meta":{"content-type":"","_lmt_disableupdate":"","_lmt_disable":"","movie_schema":"","tvshow_schema":"","videogame_schema":"","meta_description":"Virada Cultural de S\u00e3o Paulo : Plus d'un millier d'attractions sur 22 sc\u00e8nes, retour de la sc\u00e8ne Brega et performances rock.","meta_keywords":"Virada Cultural Sao Paulo; \u00e9v\u00e9nements culturels Sao Paulo; sc\u00e8ne traditionnelle Brega; rock performances; artistes femmes; circulation publique centrale Paulistan; changements culturels corridors Sao Paulo; programmation compl\u00e8te annon","meta_author":"Gabriel Sutton","meta_robots":"index, follow","meta_language":"en","twitter_card":"summary_large_image","twitter_title":"Virada Cultural : 1000 attractions sur 22 sc\u00e8nes \u00e0 S\u00e3o Paulo","twitter_description":"\"Plus d'un millier d'attractions \u00e0 ne pas manquer lors de la Virada Cultural de S\u00e3o Paulo du 23 au 24 mai ! Retour de la sc\u00e8ne Brega, rock et une sc\u00e8ne d\u00e9di\u00e9e aux artistes femmes. Ne ratez pas cet \u00e9v\u00e9nement culturel incontournable avec des changements controvers\u00e9s pour renforcer les corridors culturels.\"","twitter_site":"","twitter_site_id":"","twitter_creator":"","twitter_creator_id":"","twitter_image":"https:\/\/jornalpolopaulistano.com.br\/wp-content\/uploads\/2025\/05\/Virada-Cultural-Foto-PMSP.jpeg","twitter_image_alt":"","twitter_app_name_iphone":"","twitter_app_id_iphone":"","twitter_app_url_iphone":"","twitter_app_name_ipad":"","twitter_app_id_ipad":"","twitter_app_url_ipad":"","twitter_app_name_googleplay":"","twitter_app_id_googleplay":"","twitter_app_url_googleplay":"","twitter_player":"","twitter_player_width":0,"twitter_player_height":0,"twitter_player_stream":"","og_title":"Virada Cultural : 1000 attractions sur 22 sc\u00e8nes \u00e0 S\u00e3o Paulo","og_type":"article","og_url":"https:\/\/playersforlife.com\/fr\/2026\/04\/27\/virada-cultural-de-sao-paulo-plus-d-un-millier-d-attractions-reparties-sur-22-scenes\/","og_image":"https:\/\/jornalpolopaulistano.com.br\/wp-content\/uploads\/2025\/05\/Virada-Cultural-Foto-PMSP.jpeg","og_image_secure_url":"https:\/\/jornalpolopaulistano.com.br\/wp-content\/uploads\/2025\/05\/Virada-Cultural-Foto-PMSP.jpeg","og_image_type":"image\/jpeg","og_image_width":0,"og_image_height":0,"og_image_alt":"","og_description":"\"Plus d'un millier d'attractions \u00e0 ne pas manquer lors de la Virada Cultural de S\u00e3o Paulo du 23 au 24 mai ! Retour de la sc\u00e8ne Brega, rock et une sc\u00e8ne d\u00e9di\u00e9e aux artistes femmes. Ne ratez pas cet \u00e9v\u00e9nement culturel incontournable avec des changements controvers\u00e9s pour renforcer les corridors culturels.\"","og_site_name":"PlayersForLife.com","og_locale":"en_US","og_article_published_time":"2026-04-27T08:00:19","og_article_modified_time":"2026-04-27T08:00:19","og_article_author":"Gabriel Sutton","og_article_section":"Events","og_article_tag":["MMORPG"],"og_video":"https:\/\/www.youtube.com\/embed\/WHxLrEA65TQ","og_video_secure_url":"https:\/\/www.youtube.com\/embed\/WHxLrEA65TQ","og_video_type":"","og_video_width":0,"og_video_height":0,"og_audio":"","og_audio_secure_url":"","og_audio_type":"","footnotes":""},"categories":[36],"tags":[46],"class_list":["post-142946","post","type-post","status-publish","format-standard","has-post-thumbnail","hentry","category-events","tag-mmorpg"],"lang":"fr","original_post_id":null,"featured_image_urls":{"full":["https:\/\/playersforlife.com\/wp-content\/uploads\/2026\/04\/image_2026-04-Apr-27-2026_04-07-23.jpg",1300,1065,false],"thumbnail":["https:\/\/playersforlife.com\/wp-content\/uploads\/2026\/04\/image_2026-04-Apr-27-2026_04-07-23-150x150.jpg",150,150,true],"medium":["https:\/\/playersforlife.com\/wp-content\/uploads\/2026\/04\/image_2026-04-Apr-27-2026_04-07-23-300x246.jpg",300,246,true],"medium_large":["https:\/\/playersforlife.com\/wp-content\/uploads\/2026\/04\/image_2026-04-Apr-27-2026_04-07-23-768x629.jpg",768,629,true],"large":["https:\/\/playersforlife.com\/wp-content\/uploads\/2026\/04\/image_2026-04-Apr-27-2026_04-07-23-1024x839.jpg",1024,839,true],"1536x1536":["https:\/\/playersforlife.com\/wp-content\/uploads\/2026\/04\/image_2026-04-Apr-27-2026_04-07-23.jpg",1300,1065,false],"2048x2048":["https:\/\/playersforlife.com\/wp-content\/uploads\/2026\/04\/image_2026-04-Apr-27-2026_04-07-23.jpg",1300,1065,false],"penci-single-full":["https:\/\/playersforlife.com\/wp-content\/uploads\/2026\/04\/image_2026-04-Apr-27-2026_04-07-23.jpg",1300,1065,false],"penci-slider-full-thumb":["https:\/\/playersforlife.com\/wp-content\/uploads\/2026\/04\/image_2026-04-Apr-27-2026_04-07-23-1300x800.jpg",1300,800,true],"penci-full-thumb":["https:\/\/playersforlife.com\/wp-content\/uploads\/2026\/04\/image_2026-04-Apr-27-2026_04-07-23-1170x959.jpg",1170,959,true],"penci-slider-thumb":["https:\/\/playersforlife.com\/wp-content\/uploads\/2026\/04\/image_2026-04-Apr-27-2026_04-07-23-1170x663.jpg",1170,663,true],"penci-magazine-slider":["https:\/\/playersforlife.com\/wp-content\/uploads\/2026\/04\/image_2026-04-Apr-27-2026_04-07-23-780x516.jpg",780,516,true],"penci-thumb":["https:\/\/playersforlife.com\/wp-content\/uploads\/2026\/04\/image_2026-04-Apr-27-2026_04-07-23-585x390.jpg",585,390,true],"penci-masonry-thumb":["https:\/\/playersforlife.com\/wp-content\/uploads\/2026\/04\/image_2026-04-Apr-27-2026_04-07-23-585x479.jpg",585,479,true],"penci-thumb-square":["https:\/\/playersforlife.com\/wp-content\/uploads\/2026\/04\/image_2026-04-Apr-27-2026_04-07-23-585x585.jpg",585,585,true],"penci-thumb-vertical":["https:\/\/playersforlife.com\/wp-content\/uploads\/2026\/04\/image_2026-04-Apr-27-2026_04-07-23-480x650.jpg",480,650,true],"penci-thumb-small":["https:\/\/playersforlife.com\/wp-content\/uploads\/2026\/04\/image_2026-04-Apr-27-2026_04-07-23-263x175.jpg",263,175,true],"penci-recipe-1200x1200":["https:\/\/playersforlife.com\/wp-content\/uploads\/2026\/04\/image_2026-04-Apr-27-2026_04-07-23-1200x1065.jpg",1200,1065,true],"penci-recipe-1200x900":["https:\/\/playersforlife.com\/wp-content\/uploads\/2026\/04\/image_2026-04-Apr-27-2026_04-07-23-1200x900.jpg",1200,900,true],"penci-recipe-1200x675":["https:\/\/playersforlife.com\/wp-content\/uploads\/2026\/04\/image_2026-04-Apr-27-2026_04-07-23-1200x675.jpg",1200,675,true]},"author_info":{"info":["Gabriel Sutton"]},"category_info":"<a href=\"https:\/\/playersforlife.com\/category\/events\/\" rel=\"category tag\">Events<\/a>","tag_info":"Events","comment_count":"0","_links":{"self":[{"href":"https:\/\/playersforlife.com\/fr\/wp-json\/wp\/v2\/posts\/142946","targetHints":{"allow":["GET"]}}],"collection":[{"href":"https:\/\/playersforlife.com\/fr\/wp-json\/wp\/v2\/posts"}],"about":[{"href":"https:\/\/playersforlife.com\/fr\/wp-json\/wp\/v2\/types\/post"}],"author":[{"embeddable":true,"href":"https:\/\/playersforlife.com\/fr\/wp-json\/wp\/v2\/users\/12"}],"replies":[{"embeddable":true,"href":"https:\/\/playersforlife.com\/fr\/wp-json\/wp\/v2\/comments?post=142946"}],"version-history":[{"count":1,"href":"https:\/\/playersforlife.com\/fr\/wp-json\/wp\/v2\/posts\/142946\/revisions"}],"predecessor-version":[{"id":142947,"href":"https:\/\/playersforlife.com\/fr\/wp-json\/wp\/v2\/posts\/142946\/revisions\/142947"}],"wp:featuredmedia":[{"embeddable":true,"href":"https:\/\/playersforlife.com\/fr\/wp-json\/wp\/v2\/media\/142939"}],"wp:attachment":[{"href":"https:\/\/playersforlife.com\/fr\/wp-json\/wp\/v2\/media?parent=142946"}],"wp:term":[{"taxonomy":"category","embeddable":true,"href":"https:\/\/playersforlife.com\/fr\/wp-json\/wp\/v2\/categories?post=142946"},{"taxonomy":"post_tag","embeddable":true,"href":"https:\/\/playersforlife.com\/fr\/wp-json\/wp\/v2\/tags?post=142946"}],"curies":[{"name":"wp","href":"https:\/\/api.w.org\/{rel}","templated":true}]}}