{"id":127403,"date":"2026-03-15T03:00:43","date_gmt":"2026-03-15T03:00:43","guid":{"rendered":"https:\/\/playersforlife.com\/2026\/03\/15\/annule-le-reboot-buffy\/"},"modified":"2026-03-15T03:09:16","modified_gmt":"2026-03-15T03:09:16","slug":"annule-le-reboot-buffy","status":"publish","type":"post","link":"https:\/\/playersforlife.com\/fr\/2026\/03\/15\/annule-le-reboot-buffy\/","title":{"rendered":"Annul\u00e9 : le reboot Buffy"},"content":{"rendered":"<p><div class=\"key-takeaways\"><h3>En quelques mots<\/h3><p>Cr\u00e9\u00e9 avec l&#039;IA - on travaille encore dessus ! D\u00e9sol\u00e9 si \u00e7a ne correspond pas tout \u00e0 fait \u00e0 vos attentes.<\/p><ul><li style=\"margin-bottom: 8px;\">Le red\u00e9marrage de Buffy contre les vampires avec Sarah Michelle Gellar a \u00e9t\u00e9 annul\u00e9 par Hulu en raison de d\u00e9saccords sur le sc\u00e9nario et la vision.<\/li><li style=\"margin-bottom: 8px;\">Selon Deadline, Hulu \u00e9tait insatisfait du premier jet et avait des doutes concernant la vision de Chlo\u00e9 Zhao pour le projet.<\/li><li style=\"margin-bottom: 8px;\">Malgr\u00e9 l&#039;annulation du remake actuel, Hulu pourrait toujours \u00eatre int\u00e9ress\u00e9 \u00e0 explorer des approches alternatives pour un \u00e9ventuel retour de Buffy.<\/li><li style=\"margin-bottom: 8px;\">Sarah Michelle Gellar a exprim\u00e9 sa reconnaissance envers la r\u00e9alisatrice Chlo\u00e9 Zhao et a mentionn\u00e9 Hulu dans son annonce sur les r\u00e9seaux sociaux concernant l&#039;annulation du remake.<\/li><\/ul><\/div><br \/>\n<h3>Recommended products<\/h3><p class=\"aws-affiliate-disclaimer\">This page contains affiliate links. As an Amazon Associate, we earn a commission from purchases made through these links.<\/p><div class=\"aws-product-grid\"><div class=\"aws-product-card\"><div class=\"aws-discount-badge\">-5%<\/div><div class=\"aws-product-image\"><a href=\"https:\/\/www.amazon.com\/Funko-Pop-TV-Collectable-Merchandise\/dp\/B0DSWJF552\/ref=sr_1_3?tag=playersforlif-20\" target=\"_blank\" rel=\"nofollow noopener noreferrer\"><img decoding=\"async\" src=\"https:\/\/m.media-amazon.com\/images\/I\/71jwU97YbqL._AC_SX679_.jpg\" alt=\"Funko\" title=\"\"><\/a><\/div><div class=\"aws-product-content\"><h4><a href=\"https:\/\/www.amazon.com\/Funko-Pop-TV-Collectable-Merchandise\/dp\/B0DSWJF552\/ref=sr_1_3?tag=playersforlif-20\" target=\"_blank\" rel=\"nofollow noopener noreferrer\">Funko<\/a><\/h4><div class=\"aws-product-prices\"><span class=\"aws-original-price\">$14.99<\/span><span class=\"aws-discounted-price\">$14.24<\/span><\/div><\/div><\/div><div class=\"aws-product-card\"><div class=\"aws-product-image\"><a href=\"https:\/\/www.amazon.com\/BST-AXN-Buffy-Vampire-Slayer\/dp\/B08ZC8T2FM\/ref=sr_1_1?tag=playersforlif-20\" target=\"_blank\" rel=\"nofollow noopener noreferrer\"><img decoding=\"async\" src=\"https:\/\/m.media-amazon.com\/images\/I\/51Iv5lLla2L._AC_SX679_.jpg\" alt=\"The Loyal Subjects BST AXN Buffy The Vampire Slayer Angel 5 Inch Action Figure\" title=\"\"><\/a><\/div><div class=\"aws-product-content\"><h4><a href=\"https:\/\/www.amazon.com\/BST-AXN-Buffy-Vampire-Slayer\/dp\/B08ZC8T2FM\/ref=sr_1_1?tag=playersforlif-20\" target=\"_blank\" rel=\"nofollow noopener noreferrer\">The Loyal Subjects BST AXN Buffy The Vampire Slayer Angel 5 Inch Action Figure<\/a><\/h4><div class=\"aws-product-prices\"><span class=\"aws-current-price\">$6.95<\/span><\/div><\/div><\/div><div class=\"aws-product-card\"><div class=\"aws-product-image\"><a href=\"https:\/\/www.amazon.com\/Funko-Pop-TV-Vampire-Slayer\/dp\/B0CV7SGJZF\/ref=sr_1_3?tag=playersforlif-20\" target=\"_blank\" rel=\"nofollow noopener noreferrer\"><img decoding=\"async\" src=\"https:\/\/m.media-amazon.com\/images\/I\/71T-E9tOGmL._AC_SX679_.jpg\" alt=\"Funko POP TV: BTVS \u2013 Spike - (Vampire) - Buffy The Vampire Slayer - Collectable Vinyl Figure - Gift Idea - Official Merchandise - for Kids &amp; Adults - Horror Fans - Model Figure for Collectors\" title=\"\"><\/a><\/div><div class=\"aws-product-content\"><h4><a href=\"https:\/\/www.amazon.com\/Funko-Pop-TV-Vampire-Slayer\/dp\/B0CV7SGJZF\/ref=sr_1_3?tag=playersforlif-20\" target=\"_blank\" rel=\"nofollow noopener noreferrer\">Funko POP TV: BTVS \u2013 Spike - (Vampire) - Buffy The Vampire Slayer - Collectable Vinyl Figure - Gift Idea - Official Merchandise - for Kids &amp; Adults - Horror Fans - Model Figure for Collectors<\/a><\/h4><div class=\"aws-product-prices\"><span class=\"aws-current-price\">$11.98<\/span><\/div><\/div><\/div><\/div>\n        <style>\n            .aws-affiliate-disclaimer {\n                font-size: 13px;\n                color: #666;\n                margin: 4px 0 16px 0;\n            }\n\n            .aws-product-grid {\n                display: grid;\n                grid-template-columns: repeat(3, 1fr);\n                gap: 20px;\n                margin: 20px 0;\n            }\n            \n            .aws-product-card {\n                border: 1px solid #e0e0e0;\n                border-radius: 8px;\n                overflow: hidden;\n                background: #fff;\n                box-shadow: 0 2px 4px rgba(0,0,0,0.1);\n                transition: transform 0.2s ease, box-shadow 0.2s ease;\n                position: relative;\n            }\n            \n            .aws-product-card:hover {\n                transform: translateY(-2px);\n                box-shadow: 0 4px 8px rgba(0,0,0,0.15);\n            }\n            \n            .aws-discount-badge {\n                position: absolute;\n                top: 10px;\n                right: 10px;\n                background: #ff4444;\n                color: white;\n                padding: 4px 8px;\n                border-radius: 4px;\n                font-size: 12px;\n                font-weight: bold;\n                z-index: 2;\n            }\n            \n            .aws-product-image {\n                width: 100%;\n                height: 200px;\n                overflow: hidden;\n                background: #f5f5f5;\n            }\n            \n            .aws-product-image img {\n                width: 100%;\n                height: 100%;\n                object-fit: contain;\n                transition: transform 0.2s ease;\n            }\n            \n            .aws-product-image:hover img {\n                transform: scale(1.05);\n            }\n            \n            .aws-product-image a {\n                display: block;\n                width: 100%;\n                height: 100%;\n            }\n            \n            .aws-product-content {\n                padding: 15px;\n            }\n            \n            .aws-product-content h4 {\n                margin: 0 0 10px 0;\n                font-size: 16px;\n                line-height: 1.3;\n            }\n            \n            .aws-product-content h4 a {\n                color: #333;\n                text-decoration: none;\n                transition: color 0.2s ease;\n            }\n            \n            .aws-product-content h4 a:hover {\n                color: #0073aa;\n            }\n            \n            .aws-product-prices {\n                display: flex;\n                align-items: center;\n                gap: 8px;\n                font-weight: bold;\n            }\n            \n            .aws-original-price {\n                text-decoration: line-through;\n                color: #999;\n                font-size: 14px;\n            }\n            \n            .aws-discounted-price {\n                color: #ff4444;\n                font-size: 16px;\n            }\n            \n            .aws-current-price {\n                color: #333;\n                font-size: 16px;\n            }\n            \n            \/* Tablet styles - 2 columns *\/\n            @media (max-width: 768px) {\n                .aws-product-grid {\n                    grid-template-columns: repeat(2, 1fr);\n                    gap: 15px;\n                }\n                \n                .aws-product-image {\n                    height: 180px;\n                }\n            }\n            \n            \/* Mobile styles - 1 column *\/\n            @media (max-width: 480px) {\n                .aws-product-grid {\n                    grid-template-columns: 1fr;\n                    gap: 15px;\n                }\n                \n                .aws-product-image {\n                    height: 220px;\n                }\n                \n                .aws-product-content {\n                    padding: 12px;\n                }\n            }\n        <\/style><\/p>\n<h2>Reboot de Buffy stopp\u00e9 net : Hulu abandonne le projet en raison de divergences sur le script et la vision<\/h2>\n<p>Le projet de reboot de Buffy contre les vampires est annul\u00e9, Hulu ayant d\u00e9cid\u00e9 d&rsquo;abandonner le projet. Sarah Michelle Gellar, qui devait tenir le r\u00f4le principal et produire ex\u00e9cutivement, a annonc\u00e9 l&rsquo;annulation sur les r\u00e9seaux sociaux le 14 mars. Dans son annonce, Gellar remercie la r\u00e9alisatrice Chlo\u00e9 Zhao, avec laquelle elle a collabor\u00e9 pour donner vie \u00e0 Buffy dans une nouvelle phase de sa vie, et souligne Hulu. Elle n&rsquo;a cependant pas donn\u00e9 de raisons sp\u00e9cifiques quant \u00e0 la d\u00e9cision d&rsquo;Hulu. Selon Deadline, le diffuseur \u00e9tait insatisfait du script et ne partageait pas compl\u00e8tement la vision de Zhao. Gellar a termin\u00e9 son annonce vid\u00e9o en faisant un clin d&rsquo;\u0153il \u00e0 une citation c\u00e9l\u00e8bre de la s\u00e9rie originale. Des rumeurs circulaient r\u00e9cemment selon lesquelles le sc\u00e9nario du pilote serait r\u00e9vis\u00e9 dans une derni\u00e8re tentative pour sauver la nouvelle Sunnydale, mais Hulu a finalement rejet\u00e9 l&rsquo;id\u00e9e, laissant Gellar surprise. Malgr\u00e9 ce revers, les sources de Deadline indiquent qu&rsquo;Hulu n&rsquo;a pas abandonn\u00e9 Buffy et envisage des approches alternatives.<\/p>\n<p><iframe title=\"Sarah Michelle Gellar Reveals \u2018Buffy\u2019 Reboot Is Canceled at Hulu\" width=\"1170\" height=\"658\" src=\"https:\/\/www.youtube.com\/embed\/11_1CIsiEjM?feature=oembed\" frameborder=\"0\" allow=\"accelerometer; autoplay; clipboard-write; encrypted-media; gyroscope; picture-in-picture; web-share\" referrerpolicy=\"strict-origin-when-cross-origin\" allowfullscreen><\/iframe><br \/>\n<div class=\"specifications\"><h2><\/h2><p class=\"specifications__disclaimer\"><\/p><div class=\"pcrstb-wrap\"><table class=\"specifications__table\"><thead><tr><th class=\"specifications__key-header\">Specification<\/th><th class=\"specifications__value-header\"><\/th><\/tr><\/thead><tbody><tr class=\"specifications__row\" data-index=\"1\"><td class=\"specifications__key\">Official Name<\/td><td class=\"specifications__value\">Buffy the Vampire Slayer: Season 8 Motion Comic<\/td><\/tr><tr class=\"specifications__row\" data-index=\"2\"><td class=\"specifications__key\">Brief Summary<\/td><td class=\"specifications__value\">Buffy's adventures continue with new threats, old friends and brand new stories that await the Slayer.<\/td><\/tr><tr class=\"specifications__row\" data-index=\"3\"><td class=\"specifications__key\">Released<\/td><td class=\"specifications__value\">July 19, 2010<\/td><\/tr><tr class=\"specifications__row\" data-index=\"4\"><td class=\"specifications__key\">Genre<\/td><td class=\"specifications__value\">Animation, Action &amp; Adventure, Sci-Fi &amp; Fantasy<\/td><\/tr><tr class=\"specifications__row\" data-index=\"5\"><td class=\"specifications__key\">Countries of Origin<\/td><td class=\"specifications__value\">US<\/td><\/tr><tr class=\"specifications__row\" data-index=\"6\"><td class=\"specifications__key\">Actors<\/td><td class=\"specifications__value\">Kelly Albanese, Natalie Lander, J. Anthony McCarthy, Julie O'Connor, Daniel Taylor<\/td><\/tr><tr class=\"specifications__row\" data-index=\"7\"><td class=\"specifications__key\">Authors<\/td><td class=\"specifications__value\">Joss Whedon<\/td><\/tr><tr class=\"specifications__row\" data-index=\"8\"><td class=\"specifications__key\">Producers<\/td><td class=\"specifications__value\">Jeff Shuter<\/td><\/tr><tr class=\"specifications__row\" data-index=\"9\"><td class=\"specifications__key\">Ratings<\/td><td class=\"specifications__value\">7.429\/10 (14 reviews)<\/td><\/tr><tr class=\"specifications__row\" data-index=\"10\"><td class=\"specifications__key\">Number of episodes<\/td><td class=\"specifications__value\">19<\/td><\/tr><tr class=\"specifications__row\" data-index=\"11\"><td class=\"specifications__key\">Number of seasons<\/td><td class=\"specifications__value\">1<\/td><\/tr><\/tbody><\/table><\/div><\/div><br \/>\n<div class=\"external-references\"><h2>Ils en parlent aussi dans la presse \u00e9trang\u00e8re<\/h2><p class=\"external-references__disclaimer\">Si vous comprenez l&#039;anglais, voici des liens vers des sources externes<\/p><ul class=\"external-references__list\"><li class=\"external-references__item\" data-index=\"1\"><span class=\"external-references__title\">Sarah Michelle Gellar Says &#039;Buffy The Vampire Slayer&#039; Reboot Is Canceled<\/span><a href=\"https:\/\/www.huffpost.com\/entry\/sarah-michelle-gellar-buffy-reboot-updatge_n_69b5be65e4b049fcc8808ee8\" target=\"_blank\" rel=\"noopener noreferrer nofollow\" class=\"external-references__link\"><span class=\"external-references__title\">Sarah Michelle Gellar Says &#039;Buffy The Vampire Slayer&#039; Reboot Is Canceled<\/span><span class=\"external-references__domain\">huffpost.com<\/span><\/a><\/li><li class=\"external-references__item\" data-index=\"2\"><span class=\"external-references__title\">NEED TO KNOW<\/span><a href=\"https:\/\/people.com\/buffy-the-vampire-slayer-reboot-is-canceled-sarah-michelle-gellar-confirms-11926420\" target=\"_blank\" rel=\"noopener noreferrer nofollow\" class=\"external-references__link\"><span class=\"external-references__title\">NEED TO KNOW<\/span><span class=\"external-references__domain\">people.com<\/span><\/a><\/li><li class=\"external-references__item\" data-index=\"3\"><span class=\"external-references__title\">https:\/\/movieweb.com\/buffy-reboot-cancelled-hulu\/<\/span><a href=\"https:\/\/movieweb.com\/buffy-reboot-cancelled-hulu\/\" target=\"_blank\" rel=\"noopener noreferrer nofollow\" class=\"external-references__link\"><span class=\"external-references__title\">https:\/\/movieweb.com\/buffy-reboot-cancelled-hulu\/<\/span><span class=\"external-references__domain\">movieweb.com<\/span><\/a><\/li><li class=\"external-references__item\" data-index=\"4\"><span class=\"external-references__title\">https:\/\/collider.com\/buffy-the-vampire-slayer-hulu-reboot-cancelled-sarah-michelle-gellar\/<\/span><a href=\"https:\/\/collider.com\/buffy-the-vampire-slayer-hulu-reboot-cancelled-sarah-michelle-gellar\/\" target=\"_blank\" rel=\"noopener noreferrer nofollow\" class=\"external-references__link\"><span class=\"external-references__title\">https:\/\/collider.com\/buffy-the-vampire-slayer-hulu-reboot-cancelled-sarah-michelle-gellar\/<\/span><span class=\"external-references__domain\">collider.com<\/span><\/a><\/li><li class=\"external-references__item\" data-index=\"5\"><span class=\"external-references__title\">https:\/\/screenrant.com\/buffy-vampire-slayer-sequel-series-hulu-cancelled-sarah-michelle-gellar\/<\/span><a href=\"https:\/\/screenrant.com\/buffy-vampire-slayer-sequel-series-hulu-cancelled-sarah-michelle-gellar\/\" target=\"_blank\" rel=\"noopener noreferrer nofollow\" class=\"external-references__link\"><span class=\"external-references__title\">https:\/\/screenrant.com\/buffy-vampire-slayer-sequel-series-hulu-cancelled-sarah-michelle-gellar\/<\/span><span class=\"external-references__domain\">screenrant.com<\/span><\/a><\/li><\/ul><\/div><\/p>\n","protected":false},"excerpt":{"rendered":"<p>Malheureusement, le remake de Buffy contre les vampires, intitul\u00e9 Buffy : Nouvelle Sunndydale, a \u00e9t\u00e9 annul\u00e9 par Hulu apr\u00e8s une ann\u00e9e de travail de d\u00e9veloppement, selon Sarah Michelle Gellar qui devait tenir le r\u00f4le principal et \u00eatre productrice.<\/p>\n","protected":false},"author":9,"featured_media":127395,"comment_status":"closed","ping_status":"open","sticky":false,"template":"","format":"standard","meta":{"content-type":"","_lmt_disableupdate":"","_lmt_disable":"","movie_schema":"","tvshow_schema":"{\"name\":\"Buffy the Vampire Slayer: Season 8 Motion Comic\",\"@type\":\"TVSeries\",\"actor\":[{\"name\":\"Kelly Albanese\",\"@type\":\"Person\"},{\"name\":\"Natalie Lander\",\"@type\":\"Person\"},{\"name\":\"J. Anthony McCarthy\",\"@type\":\"Person\"},{\"name\":\"Julie O'Connor\",\"@type\":\"Person\"},{\"name\":\"Daniel Taylor\",\"@type\":\"Person\"}],\"genre\":[\"Animation\",\"Action & Adventure\",\"Sci-Fi & Fantasy\"],\"author\":[{\"name\":\"Joss Whedon\",\"@type\":\"Person\"}],\"@context\":\"https:\/\/schema.org\",\"producer\":[{\"name\":\"Jeff Shuter\",\"@type\":\"Person\"}],\"inLanguage\":\"en\",\"description\":\"Buffy's adventures continue with new threats, old friends and brand new stories that await the Slayer.\",\"datePublished\":\"2010-07-19\",\"aggregateRating\":{\"@type\":\"AggregateRating\",\"bestRating\":10,\"ratingCount\":14,\"ratingValue\":7.429},\"countryOfOrigin\":[{\"name\":\"US\",\"@type\":\"Country\"}],\"numberOfSeasons\":1,\"numberOfEpisodes\":19}","videogame_schema":"","meta_description":"Annul\u00e9 : reboot Buffy arr\u00eat\u00e9 apr\u00e8s un an de d\u00e9veloppement","meta_keywords":"annulation buffy, reboot annul\u00e9 buffy, buffy contre les vampires, hulu annule buffy, buffy nouvelle soleil","meta_author":"Mael Blaese","meta_robots":"index, follow","meta_language":"en","twitter_card":"summary_large_image","twitter_title":"Annul\u00e9 : le reboot Buffy","twitter_description":"\"Le reboot tant attendu de Buffy est annul\u00e9 apr\u00e8s un an de d\u00e9veloppement chez Hulu. Sarah Michelle Gellar partage les raisons detr\u00e1sri\u00e8re cette d\u00e9cision.\"","twitter_site":"","twitter_site_id":"","twitter_creator":"","twitter_creator_id":"","twitter_image":"https:\/\/assetsio.gnwcdn.com\/buffy.webp","twitter_image_alt":"","twitter_app_name_iphone":"","twitter_app_id_iphone":"","twitter_app_url_iphone":"","twitter_app_name_ipad":"","twitter_app_id_ipad":"","twitter_app_url_ipad":"","twitter_app_name_googleplay":"","twitter_app_id_googleplay":"","twitter_app_url_googleplay":"","twitter_player":"","twitter_player_width":0,"twitter_player_height":0,"twitter_player_stream":"","og_title":"Annul\u00e9 : le reboot Buffy","og_type":"article","og_url":"https:\/\/playersforlife.com\/fr\/2026\/03\/15\/annule-le-reboot-buffy\/","og_image":"https:\/\/assetsio.gnwcdn.com\/buffy.webp","og_image_secure_url":"https:\/\/assetsio.gnwcdn.com\/buffy.webp","og_image_type":"image\/webp","og_image_width":0,"og_image_height":0,"og_image_alt":"","og_description":"\"Le reboot tant attendu de Buffy est annul\u00e9 apr\u00e8s un an de d\u00e9veloppement chez Hulu. Sarah Michelle Gellar partage les raisons detr\u00e1sri\u00e8re cette d\u00e9cision.\"","og_site_name":"PlayersForLife.com","og_locale":"en_US","og_article_published_time":"2026-03-15T03:00:43","og_article_modified_time":"2026-03-15T03:00:43","og_article_author":"Mael Blaese","og_article_section":"Movies","og_article_tag":["MMORPG"],"og_video":"https:\/\/www.youtube.com\/embed\/11_1CIsiEjM","og_video_secure_url":"https:\/\/www.youtube.com\/embed\/11_1CIsiEjM","og_video_type":"","og_video_width":0,"og_video_height":0,"og_audio":"","og_audio_secure_url":"","og_audio_type":"","footnotes":""},"categories":[54],"tags":[46],"class_list":["post-127403","post","type-post","status-publish","format-standard","has-post-thumbnail","hentry","category-movies","tag-mmorpg"],"lang":"fr","original_post_id":null,"featured_image_urls":{"full":["https:\/\/playersforlife.com\/wp-content\/uploads\/2026\/03\/image_2026-03-Mar-14-2026_23-07-52.webp",1920,1004,false],"thumbnail":["https:\/\/playersforlife.com\/wp-content\/uploads\/2026\/03\/image_2026-03-Mar-14-2026_23-07-52-150x150.webp",150,150,true],"medium":["https:\/\/playersforlife.com\/wp-content\/uploads\/2026\/03\/image_2026-03-Mar-14-2026_23-07-52-300x157.webp",300,157,true],"medium_large":["https:\/\/playersforlife.com\/wp-content\/uploads\/2026\/03\/image_2026-03-Mar-14-2026_23-07-52-768x402.webp",768,402,true],"large":["https:\/\/playersforlife.com\/wp-content\/uploads\/2026\/03\/image_2026-03-Mar-14-2026_23-07-52-1024x535.webp",1024,535,true],"1536x1536":["https:\/\/playersforlife.com\/wp-content\/uploads\/2026\/03\/image_2026-03-Mar-14-2026_23-07-52-1536x803.webp",1536,803,true],"2048x2048":["https:\/\/playersforlife.com\/wp-content\/uploads\/2026\/03\/image_2026-03-Mar-14-2026_23-07-52.webp",1920,1004,false],"penci-single-full":["https:\/\/playersforlife.com\/wp-content\/uploads\/2026\/03\/image_2026-03-Mar-14-2026_23-07-52.webp",1920,1004,false],"penci-slider-full-thumb":["https:\/\/playersforlife.com\/wp-content\/uploads\/2026\/03\/image_2026-03-Mar-14-2026_23-07-52-1920x800.webp",1920,800,true],"penci-full-thumb":["https:\/\/playersforlife.com\/wp-content\/uploads\/2026\/03\/image_2026-03-Mar-14-2026_23-07-52-1170x612.webp",1170,612,true],"penci-slider-thumb":["https:\/\/playersforlife.com\/wp-content\/uploads\/2026\/03\/image_2026-03-Mar-14-2026_23-07-52-1170x663.webp",1170,663,true],"penci-magazine-slider":["https:\/\/playersforlife.com\/wp-content\/uploads\/2026\/03\/image_2026-03-Mar-14-2026_23-07-52-780x516.webp",780,516,true],"penci-thumb":["https:\/\/playersforlife.com\/wp-content\/uploads\/2026\/03\/image_2026-03-Mar-14-2026_23-07-52-585x390.webp",585,390,true],"penci-masonry-thumb":["https:\/\/playersforlife.com\/wp-content\/uploads\/2026\/03\/image_2026-03-Mar-14-2026_23-07-52-585x306.webp",585,306,true],"penci-thumb-square":["https:\/\/playersforlife.com\/wp-content\/uploads\/2026\/03\/image_2026-03-Mar-14-2026_23-07-52-585x585.webp",585,585,true],"penci-thumb-vertical":["https:\/\/playersforlife.com\/wp-content\/uploads\/2026\/03\/image_2026-03-Mar-14-2026_23-07-52-480x650.webp",480,650,true],"penci-thumb-small":["https:\/\/playersforlife.com\/wp-content\/uploads\/2026\/03\/image_2026-03-Mar-14-2026_23-07-52-263x175.webp",263,175,true],"penci-recipe-1200x1200":["https:\/\/playersforlife.com\/wp-content\/uploads\/2026\/03\/image_2026-03-Mar-14-2026_23-07-52-1200x1004.webp",1200,1004,true],"penci-recipe-1200x900":["https:\/\/playersforlife.com\/wp-content\/uploads\/2026\/03\/image_2026-03-Mar-14-2026_23-07-52-1200x900.webp",1200,900,true],"penci-recipe-1200x675":["https:\/\/playersforlife.com\/wp-content\/uploads\/2026\/03\/image_2026-03-Mar-14-2026_23-07-52-1200x675.webp",1200,675,true]},"author_info":{"info":["Ma\u00ebl Blaese"]},"category_info":"<a href=\"https:\/\/playersforlife.com\/category\/movies\/\" rel=\"category tag\">Movies<\/a>","tag_info":"Movies","comment_count":"0","_links":{"self":[{"href":"https:\/\/playersforlife.com\/fr\/wp-json\/wp\/v2\/posts\/127403","targetHints":{"allow":["GET"]}}],"collection":[{"href":"https:\/\/playersforlife.com\/fr\/wp-json\/wp\/v2\/posts"}],"about":[{"href":"https:\/\/playersforlife.com\/fr\/wp-json\/wp\/v2\/types\/post"}],"author":[{"embeddable":true,"href":"https:\/\/playersforlife.com\/fr\/wp-json\/wp\/v2\/users\/9"}],"replies":[{"embeddable":true,"href":"https:\/\/playersforlife.com\/fr\/wp-json\/wp\/v2\/comments?post=127403"}],"version-history":[{"count":1,"href":"https:\/\/playersforlife.com\/fr\/wp-json\/wp\/v2\/posts\/127403\/revisions"}],"predecessor-version":[{"id":127404,"href":"https:\/\/playersforlife.com\/fr\/wp-json\/wp\/v2\/posts\/127403\/revisions\/127404"}],"wp:featuredmedia":[{"embeddable":true,"href":"https:\/\/playersforlife.com\/fr\/wp-json\/wp\/v2\/media\/127395"}],"wp:attachment":[{"href":"https:\/\/playersforlife.com\/fr\/wp-json\/wp\/v2\/media?parent=127403"}],"wp:term":[{"taxonomy":"category","embeddable":true,"href":"https:\/\/playersforlife.com\/fr\/wp-json\/wp\/v2\/categories?post=127403"},{"taxonomy":"post_tag","embeddable":true,"href":"https:\/\/playersforlife.com\/fr\/wp-json\/wp\/v2\/tags?post=127403"}],"curies":[{"name":"wp","href":"https:\/\/api.w.org\/{rel}","templated":true}]}}