{"id":127296,"date":"2026-03-14T23:01:08","date_gmt":"2026-03-14T23:01:08","guid":{"rendered":"https:\/\/playersforlife.com\/2026\/03\/14\/internautes-demandent-le-retour-de-pedro-bial-a-big-brother-brasil-a-cause-d-ana-paula-renault\/"},"modified":"2026-03-14T23:14:09","modified_gmt":"2026-03-14T23:14:09","slug":"internautes-demandent-le-retour-de-pedro-bial-a-big-brother-brasil-a-cause-d-ana-paula-renault","status":"publish","type":"post","link":"https:\/\/playersforlife.com\/fr\/2026\/03\/14\/internautes-demandent-le-retour-de-pedro-bial-a-big-brother-brasil-a-cause-d-ana-paula-renault\/","title":{"rendered":"Internautes demandent le retour de Pedro Bial \u00e0 Big Brother Brasil \u00e0 cause d&rsquo;Ana Paula Renault"},"content":{"rendered":"<p><div class=\"key-takeaways\"><h3>En quelques mots<\/h3><p>Cr\u00e9\u00e9 avec l&#039;IA - on travaille encore dessus ! D\u00e9sol\u00e9 si \u00e7a ne correspond pas tout \u00e0 fait \u00e0 vos attentes.<\/p><ul><li style=\"margin-bottom: 8px;\">Les fans du Big Brother Br\u00e9sil r\u00e9clament le retour de Pedro Bial lors de la finale, en particulier pour couronner Ana Paula Renault comme championne.<\/li><li style=\"margin-bottom: 8px;\">Les r\u00e9seaux sociaux sont inond\u00e9s de commentaires sur l&#039;Instagram de Pedro Bial, exprimant leur souhait qu&#039;il annonce le gagnant en raison de sa longue association avec l&#039;\u00e9mission.<\/li><li style=\"margin-bottom: 8px;\">Certains spectateurs ont propos\u00e9 des sc\u00e9narios alternatifs pour le retour de Biel, comme son introduction par l&#039;actuel animateur Tadeu Schmidt en tant qu&#039;animateur v\u00e9t\u00e9ran c\u00e9l\u00e9brant la premi\u00e8re \u00e9dition pour v\u00e9t\u00e9rans.<\/li><li style=\"margin-bottom: 8px;\">Jusqu&#039;\u00e0 pr\u00e9sent, la participation de Pedro Bial \u00e0 la finale n&#039;a pas \u00e9t\u00e9 officiellement confirm\u00e9e. (Renseignements du Correio)<\/li><\/ul><\/div><br \/>\n<h3>Recommended products<\/h3><p class=\"aws-affiliate-disclaimer\">This page contains affiliate links. As an Amazon Associate, we earn a commission from purchases made through these links.<\/p><div class=\"aws-product-grid\"><div class=\"aws-product-card\"><div class=\"aws-product-image\"><a href=\"https:\/\/www.amazon.com\/WZMPA-Bag-Souvenir-Janeiro-Merchandise\/dp\/B0CCDXWVFX\/ref=sr_1_1?tag=playersforlif-20\" target=\"_blank\" rel=\"nofollow noopener noreferrer\"><img decoding=\"async\" src=\"https:\/\/m.media-amazon.com\/images\/I\/71Ic5khSdIL._AC_SX466_.jpg\" alt=\"WZMPA\" title=\"\"><\/a><\/div><div class=\"aws-product-content\"><h4><a href=\"https:\/\/www.amazon.com\/WZMPA-Bag-Souvenir-Janeiro-Merchandise\/dp\/B0CCDXWVFX\/ref=sr_1_1?tag=playersforlif-20\" target=\"_blank\" rel=\"nofollow noopener noreferrer\">WZMPA<\/a><\/h4><div class=\"aws-product-prices\"><span class=\"aws-current-price\">$13.89<\/span><\/div><\/div><\/div><\/div>\n        <style>\n            .aws-affiliate-disclaimer {\n                font-size: 13px;\n                color: #666;\n                margin: 4px 0 16px 0;\n            }\n\n            .aws-product-grid {\n                display: grid;\n                grid-template-columns: repeat(3, 1fr);\n                gap: 20px;\n                margin: 20px 0;\n            }\n            \n            .aws-product-card {\n                border: 1px solid #e0e0e0;\n                border-radius: 8px;\n                overflow: hidden;\n                background: #fff;\n                box-shadow: 0 2px 4px rgba(0,0,0,0.1);\n                transition: transform 0.2s ease, box-shadow 0.2s ease;\n                position: relative;\n            }\n            \n            .aws-product-card:hover {\n                transform: translateY(-2px);\n                box-shadow: 0 4px 8px rgba(0,0,0,0.15);\n            }\n            \n            .aws-discount-badge {\n                position: absolute;\n                top: 10px;\n                right: 10px;\n                background: #ff4444;\n                color: white;\n                padding: 4px 8px;\n                border-radius: 4px;\n                font-size: 12px;\n                font-weight: bold;\n                z-index: 2;\n            }\n            \n            .aws-product-image {\n                width: 100%;\n                height: 200px;\n                overflow: hidden;\n                background: #f5f5f5;\n            }\n            \n            .aws-product-image img {\n                width: 100%;\n                height: 100%;\n                object-fit: contain;\n                transition: transform 0.2s ease;\n            }\n            \n            .aws-product-image:hover img {\n                transform: scale(1.05);\n            }\n            \n            .aws-product-image a {\n                display: block;\n                width: 100%;\n                height: 100%;\n            }\n            \n            .aws-product-content {\n                padding: 15px;\n            }\n            \n            .aws-product-content h4 {\n                margin: 0 0 10px 0;\n                font-size: 16px;\n                line-height: 1.3;\n            }\n            \n            .aws-product-content h4 a {\n                color: #333;\n                text-decoration: none;\n                transition: color 0.2s ease;\n            }\n            \n            .aws-product-content h4 a:hover {\n                color: #0073aa;\n            }\n            \n            .aws-product-prices {\n                display: flex;\n                align-items: center;\n                gap: 8px;\n                font-weight: bold;\n            }\n            \n            .aws-original-price {\n                text-decoration: line-through;\n                color: #999;\n                font-size: 14px;\n            }\n            \n            .aws-discounted-price {\n                color: #ff4444;\n                font-size: 16px;\n            }\n            \n            .aws-current-price {\n                color: #333;\n                font-size: 16px;\n            }\n            \n            \/* Tablet styles - 2 columns *\/\n            @media (max-width: 768px) {\n                .aws-product-grid {\n                    grid-template-columns: repeat(2, 1fr);\n                    gap: 15px;\n                }\n                \n                .aws-product-image {\n                    height: 180px;\n                }\n            }\n            \n            \/* Mobile styles - 1 column *\/\n            @media (max-width: 480px) {\n                .aws-product-grid {\n                    grid-template-columns: 1fr;\n                    gap: 15px;\n                }\n                \n                .aws-product-image {\n                    height: 220px;\n                }\n                \n                .aws-product-content {\n                    padding: 12px;\n                }\n            }\n        <\/style><\/p>\n<h2>Les fans de Big Brother Brazil r\u00e9clament le retour de Pedro Bial pour la finale alors qu&rsquo;Ana Paula Renault fait sensation<\/h2>\n<p>La participation d&rsquo;Ana Paula Renault dans Big Brother Brazil 26 sur Globo ravive des souvenirs de son d\u00e9part controvers\u00e9 lors de la saison 2016 et inspire certains t\u00e9l\u00e9spectateurs \u00e0 faire campagne pour la pr\u00e9sence d&rsquo;une t\u00eate connue lors de la finale. De nombreux fans demandent sp\u00e9cifiquement le retour de Pedro Bial, l&rsquo;ancien animateur du show. Les r\u00e9seaux sociaux sont inond\u00e9s de commentaires sur Instagram de Bial, l&rsquo;incitant \u00e0 annoncer le vainqueur de cette ann\u00e9e. L&rsquo;espoir est que Bial, qui a pr\u00e9sent\u00e9 l&rsquo;\u00e9mission de 2002 \u00e0 2016, sera celui qui couronnera Renault comme championne. Les commentaires comprennent des sentiments tels que \u00ab\u00a0Nous voulons que vous soyez l\u00e0 pour la finale et faites le discours pour Ana Paula en tant que gagnante\u00a0\u00bb et \u00ab\u00a0La finale de Big Brother Brazil 26 doit avoir Pedro Bial\u00a0\u00bb. Les t\u00e9l\u00e9spectateurs ont \u00e9galement propos\u00e9 d&rsquo;autres sc\u00e9narios pour le retour de Bial. Un id\u00e9e gaining traction en ligne imagine le pr\u00e9sentateur actuel, Tadeu Schmidt, introduisant Bial en tant qu&rsquo;animateur v\u00e9t\u00e9ran ramen\u00e9 pour c\u00e9l\u00e9brer la premi\u00e8re \u00e9dition v\u00e9t\u00e9rane du programme. Bial est connu pour ses discours d&rsquo;\u00e9limination \u00e9labor\u00e9s et r\u00e9fl\u00e9chis, remplac\u00e9 par Tiago Leifert en 2017. Pour l&rsquo;instant, la participation de Pedro Bial \u00e0 la finale n&rsquo;a pas \u00e9t\u00e9 confirm\u00e9e. Information du Correio.<\/p>\n<h2>Au cas o\u00f9 vous l&rsquo;auriez manqu\u00e9<\/h2>\n<p>Sortez le popcorn, les fans de la t\u00e9l\u00e9-r\u00e9alit\u00e9 ! Carlos Mendoza a surveill\u00e9 pour nous Big Brother Brazil. Il commence par plonger dans l&rsquo;expulsion explosive de Sol Veiga apr\u00e8s qu&rsquo;elle ait agress\u00e9 Ana Paula Renault \u2013 oui, vous avez bien lu ! Avec des \u00e9motions \u00e0 leur maximum et des r\u00e8gles qui sont enfreintes, cet incident a d\u00e9clench\u00e9 une temp\u00eate m\u00e9diatique que vous ne voulez pas manquer. Consultez son dernier article, \u00ab\u00a0Sol expuls\u00e9e de BBB 26 apr\u00e8s avoir agress\u00e9 Ana Paula Renault sur Globo\u00a0\u00bb, pour tous les d\u00e9tails croustillants <a href=\"https:\/\/playersforlife.com\/fr\/2026\/02\/11\/sol-expulse-de-bbb-26-apres-avoir-agresse-ana-paula-renault-sur-globo\/\" target=\"_blank\" rel=\"noopener noreferrer\">Sol expuls\u00e9 de BBB 26 apr\u00e8s avoir agress\u00e9 Ana Paula Renault sur Globo<\/a>. Mais ce n&rsquo;est pas tout, les amis ! Babu a mis de l&rsquo;huile sur le feu dans l&rsquo;\u00e9pisode du dernier dimanche, entra\u00eenant Jonathan Dubinski \u00e0 explorer leur dispute passionnelle et ses cons\u00e9quences potentially decisives pour le jeu dans son article \u00ab\u00a0Babu sur Ana Paula Renault dans BBB 26 : &lsquo;Je ne serai pas dans le m\u00eame bateau'\u00a0\u00bb <a href=\"https:\/\/playersforlife.com\/fr\/2026\/02\/23\/je-ne-serai-pas-dans-le-meme-bateau-que-vous-ana-paula-renault-babu-sur-bbb-26\/\" target=\"_blank\" rel=\"noopener noreferrer\">Je ne serai pas dans le m\u00eame bateau que vous, Ana Paula Renault, Babu sur BBB 26<\/a>. Entre-temps, Dubinski s&rsquo;est plong\u00e9 dans le pass\u00e9 et le pr\u00e9sent controvers\u00e9s de La\u00e9cio de Moura dans \u00ab\u00a0Qui est La\u00e9cio, l&rsquo;ex-Big Brother Brazil 16 condamn\u00e9 et emprisonn\u00e9 pour viol sur une personne vuln\u00e9rable\u00a0\u00bb. Pr\u00e9parez-vous \u00e0 \u00eatre d\u00e9stabilis\u00e9 alors qu&rsquo;il d\u00e9couvre l&rsquo;histoire de La\u00e9rcio de viol de mineurs et explore les questions soci\u00e9tales autour de l&rsquo;hypersexualisation des jeunes &#8211; c&rsquo;est une lecture obligatoire <a href=\"https:\/\/playersforlife.com\/fr\/2026\/01\/22\/qui-est-laercio-ancien-big-brother-bresil-16-condamne-et-emprisonne-pour-viol-sur-une-personne-vulnerable\/\" target=\"_blank\" rel=\"noopener noreferrer\">Qui est Laercio, ancien Big Brother Br\u00e9sil 16 condamn\u00e9 et emprisonn\u00e9 pour viol sur une personne vuln\u00e9rable<\/a>.<\/p>\n<p><img decoding=\"async\" style=\"width: 100%\" src=\"https:\/\/caras.com.br\/wp-content\/uploads\/2025\/09\/REDETV-COMPANHIA-CERTA-1-1536x1105.jpg\" alt=\"\" title=\"\"><br \/>\n<div class=\"external-references\"><h2>Ils en parlent aussi dans la presse \u00e9trang\u00e8re<\/h2><p class=\"external-references__disclaimer\">Si vous comprenez l&#039;anglais, voici des liens vers des sources externes<\/p><ul class=\"external-references__list\"><li class=\"external-references__item\" data-index=\"1\"><span class=\"external-references__title\">Compartilhar not\u00edcia<\/span><a href=\"https:\/\/www.metropoles.com\/colunas\/lucas-pasin\/bbb-26-saiba-por-que-fas-do-reality-pedem-a-volta-de-pedro-bial\" target=\"_blank\" rel=\"noopener noreferrer nofollow\" class=\"external-references__link\"><span class=\"external-references__title\">Compartilhar not\u00edcia<\/span><span class=\"external-references__domain\">metropoles.com<\/span><\/a><\/li><li class=\"external-references__item\" data-index=\"2\"><span class=\"external-references__title\">F\u00e3s invadem redes de Pedro Bial pedindo que ele escreva discurso final para Ana Paula<\/span><a href=\"https:\/\/f5.folha.uol.com.br\/televisao\/bbb26\/2026\/03\/trajetoria-de-ana-paula-renault-no-bbb-26-reacende-nostalgia-e-fas-pedem-volta-de-pedro-bial.shtml\" target=\"_blank\" rel=\"noopener noreferrer nofollow\" class=\"external-references__link\"><span class=\"external-references__title\">F\u00e3s invadem redes de Pedro Bial pedindo que ele escreva discurso final para Ana Paula<\/span><span class=\"external-references__domain\">f5.folha.uol.com.br<\/span><\/a><\/li><li class=\"external-references__item\" data-index=\"3\"><span class=\"external-references__title\">Folha Uol<\/span><a href=\"https:\/\/www.reporterpb.com.br\/noticia-extra\/2026\/03\/11\/trajetoria-de-ana-paula-renault-no-bbb-26-reacende-nostalgia-e-fas-pedem-volta-de-pedro-bial\/114759.html\" target=\"_blank\" rel=\"noopener noreferrer nofollow\" class=\"external-references__link\"><span class=\"external-references__title\">Folha Uol<\/span><span class=\"external-references__domain\">reporterpb.com.br<\/span><\/a><\/li><\/ul><\/div><\/p>\n","protected":false},"excerpt":{"rendered":"<p>Les fans r\u00e9clament avec impatience le retour de Pedro Bial en tant qu&rsquo;animateur ou commentateur sur Big Brother Br\u00e9sil 26, mettant en avant ses commentaires d\u00e9taill\u00e9s appr\u00e9ci\u00e9s lors de ses ann\u00e9es d&rsquo;animation.<\/p>\n","protected":false},"author":11,"featured_media":127289,"comment_status":"closed","ping_status":"open","sticky":false,"template":"","format":"standard","meta":{"content-type":"","_lmt_disableupdate":"","_lmt_disable":"","movie_schema":"","tvshow_schema":"","videogame_schema":"","meta_description":"Les fans de Big Brother Brazil veulent voir Pedro Bial revenir pour la finale \u00e0 cause d'Ana Paula Renault","meta_keywords":"big brother brasil, pedro bial, big brother brasil 26, retour pedro bial, animateur big brother","meta_author":"Elodie Lambert","meta_robots":"index, follow","meta_language":"en","twitter_card":"summary_large_image","twitter_title":"Pedro Bial : Les fans demandent son retour \u00e0 Big Brother Brasil","twitter_description":"Les fans de Big Brother Brasil veulent le retour de Pedro Bial ! D\u00e9couvrez pourquoi ils r\u00e9clament sa pr\u00e9sence lors de la finale et ce qu'il pourrait apporter en tant qu'animateur ou commentateur. Ne manquez pas cette actualit\u00e9 people qui fait buzz sur les r\u00e9seaux sociaux !","twitter_site":"","twitter_site_id":"","twitter_creator":"","twitter_creator_id":"","twitter_image":"https:\/\/caras.com.br\/wp-content\/uploads\/2025\/09\/pedro-bial.jpg","twitter_image_alt":"","twitter_app_name_iphone":"","twitter_app_id_iphone":"","twitter_app_url_iphone":"","twitter_app_name_ipad":"","twitter_app_id_ipad":"","twitter_app_url_ipad":"","twitter_app_name_googleplay":"","twitter_app_id_googleplay":"","twitter_app_url_googleplay":"","twitter_player":"","twitter_player_width":0,"twitter_player_height":0,"twitter_player_stream":"","og_title":"Pedro Bial : Les fans demandent son retour \u00e0 Big Brother Brasil","og_type":"article","og_url":"https:\/\/playersforlife.com\/fr\/2026\/03\/14\/internautes-demandent-le-retour-de-pedro-bial-a-big-brother-brasil-a-cause-d-ana-paula-renault\/","og_image":"https:\/\/caras.com.br\/wp-content\/uploads\/2025\/09\/pedro-bial.jpg","og_image_secure_url":"https:\/\/caras.com.br\/wp-content\/uploads\/2025\/09\/pedro-bial.jpg","og_image_type":"image\/jpeg","og_image_width":0,"og_image_height":0,"og_image_alt":"","og_description":"Les fans de Big Brother Brasil veulent le retour de Pedro Bial ! D\u00e9couvrez pourquoi ils r\u00e9clament sa pr\u00e9sence lors de la finale et ce qu'il pourrait apporter en tant qu'animateur ou commentateur. Ne manquez pas cette actualit\u00e9 people qui fait buzz sur les r\u00e9seaux sociaux !","og_site_name":"PlayersForLife.com","og_locale":"en_US","og_article_published_time":"2026-03-14T23:01:08","og_article_modified_time":"2026-03-14T23:01:08","og_article_author":"Elodie Lambert","og_article_section":"News","og_article_tag":["Adventure"],"og_video":"https:\/\/www.youtube.com\/embed\/-pPTT8dFy5U","og_video_secure_url":"https:\/\/www.youtube.com\/embed\/-pPTT8dFy5U","og_video_type":"","og_video_width":0,"og_video_height":0,"og_audio":"","og_audio_secure_url":"","og_audio_type":"","footnotes":""},"categories":[38],"tags":[43,45],"class_list":["post-127296","post","type-post","status-publish","format-standard","has-post-thumbnail","hentry","category-news","tag-adventure","tag-mixed"],"lang":"fr","original_post_id":null,"featured_image_urls":{"full":["https:\/\/playersforlife.com\/wp-content\/uploads\/2026\/03\/image_2026-03-Mar-14-2026_19-11-26.png",768,515,false],"thumbnail":["https:\/\/playersforlife.com\/wp-content\/uploads\/2026\/03\/image_2026-03-Mar-14-2026_19-11-26-150x150.png",150,150,true],"medium":["https:\/\/playersforlife.com\/wp-content\/uploads\/2026\/03\/image_2026-03-Mar-14-2026_19-11-26-300x201.png",300,201,true],"medium_large":["https:\/\/playersforlife.com\/wp-content\/uploads\/2026\/03\/image_2026-03-Mar-14-2026_19-11-26.png",768,515,false],"large":["https:\/\/playersforlife.com\/wp-content\/uploads\/2026\/03\/image_2026-03-Mar-14-2026_19-11-26.png",768,515,false],"1536x1536":["https:\/\/playersforlife.com\/wp-content\/uploads\/2026\/03\/image_2026-03-Mar-14-2026_19-11-26.png",768,515,false],"2048x2048":["https:\/\/playersforlife.com\/wp-content\/uploads\/2026\/03\/image_2026-03-Mar-14-2026_19-11-26.png",768,515,false],"penci-single-full":["https:\/\/playersforlife.com\/wp-content\/uploads\/2026\/03\/image_2026-03-Mar-14-2026_19-11-26.png",768,515,false],"penci-slider-full-thumb":["https:\/\/playersforlife.com\/wp-content\/uploads\/2026\/03\/image_2026-03-Mar-14-2026_19-11-26.png",768,515,false],"penci-full-thumb":["https:\/\/playersforlife.com\/wp-content\/uploads\/2026\/03\/image_2026-03-Mar-14-2026_19-11-26.png",768,515,false],"penci-slider-thumb":["https:\/\/playersforlife.com\/wp-content\/uploads\/2026\/03\/image_2026-03-Mar-14-2026_19-11-26.png",768,515,false],"penci-magazine-slider":["https:\/\/playersforlife.com\/wp-content\/uploads\/2026\/03\/image_2026-03-Mar-14-2026_19-11-26.png",768,515,false],"penci-thumb":["https:\/\/playersforlife.com\/wp-content\/uploads\/2026\/03\/image_2026-03-Mar-14-2026_19-11-26-585x390.png",585,390,true],"penci-masonry-thumb":["https:\/\/playersforlife.com\/wp-content\/uploads\/2026\/03\/image_2026-03-Mar-14-2026_19-11-26-585x392.png",585,392,true],"penci-thumb-square":["https:\/\/playersforlife.com\/wp-content\/uploads\/2026\/03\/image_2026-03-Mar-14-2026_19-11-26-585x515.png",585,515,true],"penci-thumb-vertical":["https:\/\/playersforlife.com\/wp-content\/uploads\/2026\/03\/image_2026-03-Mar-14-2026_19-11-26-480x515.png",480,515,true],"penci-thumb-small":["https:\/\/playersforlife.com\/wp-content\/uploads\/2026\/03\/image_2026-03-Mar-14-2026_19-11-26-263x175.png",263,175,true],"penci-recipe-1200x1200":["https:\/\/playersforlife.com\/wp-content\/uploads\/2026\/03\/image_2026-03-Mar-14-2026_19-11-26.png",768,515,false],"penci-recipe-1200x900":["https:\/\/playersforlife.com\/wp-content\/uploads\/2026\/03\/image_2026-03-Mar-14-2026_19-11-26.png",768,515,false],"penci-recipe-1200x675":["https:\/\/playersforlife.com\/wp-content\/uploads\/2026\/03\/image_2026-03-Mar-14-2026_19-11-26.png",768,515,false]},"author_info":{"info":["\u00c9lodie Lambert"]},"category_info":"<a href=\"https:\/\/playersforlife.com\/category\/news\/\" rel=\"category tag\">News<\/a>","tag_info":"News","comment_count":"0","_links":{"self":[{"href":"https:\/\/playersforlife.com\/fr\/wp-json\/wp\/v2\/posts\/127296","targetHints":{"allow":["GET"]}}],"collection":[{"href":"https:\/\/playersforlife.com\/fr\/wp-json\/wp\/v2\/posts"}],"about":[{"href":"https:\/\/playersforlife.com\/fr\/wp-json\/wp\/v2\/types\/post"}],"author":[{"embeddable":true,"href":"https:\/\/playersforlife.com\/fr\/wp-json\/wp\/v2\/users\/11"}],"replies":[{"embeddable":true,"href":"https:\/\/playersforlife.com\/fr\/wp-json\/wp\/v2\/comments?post=127296"}],"version-history":[{"count":1,"href":"https:\/\/playersforlife.com\/fr\/wp-json\/wp\/v2\/posts\/127296\/revisions"}],"predecessor-version":[{"id":127297,"href":"https:\/\/playersforlife.com\/fr\/wp-json\/wp\/v2\/posts\/127296\/revisions\/127297"}],"wp:featuredmedia":[{"embeddable":true,"href":"https:\/\/playersforlife.com\/fr\/wp-json\/wp\/v2\/media\/127289"}],"wp:attachment":[{"href":"https:\/\/playersforlife.com\/fr\/wp-json\/wp\/v2\/media?parent=127296"}],"wp:term":[{"taxonomy":"category","embeddable":true,"href":"https:\/\/playersforlife.com\/fr\/wp-json\/wp\/v2\/categories?post=127296"},{"taxonomy":"post_tag","embeddable":true,"href":"https:\/\/playersforlife.com\/fr\/wp-json\/wp\/v2\/tags?post=127296"}],"curies":[{"name":"wp","href":"https:\/\/api.w.org\/{rel}","templated":true}]}}