{"id":127160,"date":"2026-03-14T18:00:43","date_gmt":"2026-03-14T18:00:43","guid":{"rendered":"https:\/\/playersforlife.com\/2026\/03\/14\/philosophe-allemand-jurgen-habermas-decede\/"},"modified":"2026-03-14T18:10:01","modified_gmt":"2026-03-14T18:10:01","slug":"philosophe-allemand-jurgen-habermas-decede","status":"publish","type":"post","link":"https:\/\/playersforlife.com\/fr\/2026\/03\/14\/philosophe-allemand-jurgen-habermas-decede\/","title":{"rendered":"Philosophe allemand J\u00fcrgen Habermas d\u00e9c\u00e8de"},"content":{"rendered":"<p><div class=\"key-takeaways\"><h3>En quelques mots<\/h3><p>Cr\u00e9\u00e9 avec l&#039;IA - on travaille encore dessus ! D\u00e9sol\u00e9 si \u00e7a ne correspond pas tout \u00e0 fait \u00e0 vos attentes.<\/p><ul><li style=\"margin-bottom: 8px;\">J\u00fcrgen Habermas, un philosophe et sociologue allemand r\u00e9put\u00e9, est d\u00e9c\u00e9d\u00e9 \u00e0 l&#039;\u00e2ge de 94 ans. Il \u00e9tait une figure importante de la deuxi\u00e8me g\u00e9n\u00e9ration de l&#039;\u00c9cole de Francfort et a eu une carri\u00e8re influente en enseignant dans des \u00e9tablissements prestigieux.<\/li><li style=\"margin-bottom: 8px;\">Habermas \u00e9tait connu pour sa th\u00e9orie politique qui mettait l&#039;accent sur l&#039;importance du consensus public pour que les d\u00e9mocraties se portent bien. R\u00e9cemment, il a critiqu\u00e9 le gouvernement d&#039;Angela Merkel pendant la crise de la dette grecque et la guerre d&#039;Isra\u00ebl contre Gaza suite aux attaques de Hamas.<\/li><li style=\"margin-bottom: 8px;\">Habermas a publi\u00e9 son dernier livre, Les Choses dont on a besoin pour que \u00e7a s&#039;am\u00e9liore, l&#039;an dernier en d\u00e9cembre. Sa formation acad\u00e9mique vari\u00e9e, incluant des \u00e9tudes en philosophie, histoire, psychologie, litt\u00e9rature allemande et \u00e9conomie, a consid\u00e9rablement contribu\u00e9 \u00e0 sa carri\u00e8re remarquable.<\/li><li style=\"margin-bottom: 8px;\">Habermas a exerc\u00e9 la fonction de directeur de l&#039;Institut Max Planck pour l&#039;\u00e9tude des conditions de vie dans le monde scientifique-technique, situ\u00e9 \u00e0 Starnberg, durant ses derni\u00e8res ann\u00e9es. Son influence sur la philosophie et la sociologie contemporaines est ind\u00e9niable \u00e0 l&#039;\u00e9chelle mondiale.<\/li><\/ul><\/div><br \/>\n<h3>Recommended products<\/h3><p class=\"aws-affiliate-disclaimer\">This page contains affiliate links. As an Amazon Associate, we earn a commission from purchases made through these links.<\/p><div class=\"aws-product-grid\"><div class=\"aws-product-card\"><div class=\"aws-product-image\"><a href=\"https:\/\/www.amazon.com\/Shakespearean-Insults-Coffee-Mug-Shakespeares\/dp\/B0038TYV7I\/ref=sr_1_3?tag=playersforlif-20\" target=\"_blank\" rel=\"nofollow noopener noreferrer\"><img decoding=\"async\" src=\"https:\/\/m.media-amazon.com\/images\/I\/81S1z9y2UBL._AC_SX569_.jpg\" alt=\"The Unemployed Philosophers Guild Shakespearean Insults Coffee Mug - Shakespeares Wittiest and Meanest Insults - Comes in a Fun Gift Box, 14 oz.\" title=\"\"><\/a><\/div><div class=\"aws-product-content\"><h4><a href=\"https:\/\/www.amazon.com\/Shakespearean-Insults-Coffee-Mug-Shakespeares\/dp\/B0038TYV7I\/ref=sr_1_3?tag=playersforlif-20\" target=\"_blank\" rel=\"nofollow noopener noreferrer\">The Unemployed Philosophers Guild Shakespearean Insults Coffee Mug - Shakespeares Wittiest and Meanest Insults - Comes in a Fun Gift Box, 14 oz.<\/a><\/h4><div class=\"aws-product-prices\"><span class=\"aws-current-price\">$19.95<\/span><\/div><\/div><\/div><\/div>\n        <style>\n            .aws-affiliate-disclaimer {\n                font-size: 13px;\n                color: #666;\n                margin: 4px 0 16px 0;\n            }\n\n            .aws-product-grid {\n                display: grid;\n                grid-template-columns: repeat(3, 1fr);\n                gap: 20px;\n                margin: 20px 0;\n            }\n            \n            .aws-product-card {\n                border: 1px solid #e0e0e0;\n                border-radius: 8px;\n                overflow: hidden;\n                background: #fff;\n                box-shadow: 0 2px 4px rgba(0,0,0,0.1);\n                transition: transform 0.2s ease, box-shadow 0.2s ease;\n                position: relative;\n            }\n            \n            .aws-product-card:hover {\n                transform: translateY(-2px);\n                box-shadow: 0 4px 8px rgba(0,0,0,0.15);\n            }\n            \n            .aws-discount-badge {\n                position: absolute;\n                top: 10px;\n                right: 10px;\n                background: #ff4444;\n                color: white;\n                padding: 4px 8px;\n                border-radius: 4px;\n                font-size: 12px;\n                font-weight: bold;\n                z-index: 2;\n            }\n            \n            .aws-product-image {\n                width: 100%;\n                height: 200px;\n                overflow: hidden;\n                background: #f5f5f5;\n            }\n            \n            .aws-product-image img {\n                width: 100%;\n                height: 100%;\n                object-fit: contain;\n                transition: transform 0.2s ease;\n            }\n            \n            .aws-product-image:hover img {\n                transform: scale(1.05);\n            }\n            \n            .aws-product-image a {\n                display: block;\n                width: 100%;\n                height: 100%;\n            }\n            \n            .aws-product-content {\n                padding: 15px;\n            }\n            \n            .aws-product-content h4 {\n                margin: 0 0 10px 0;\n                font-size: 16px;\n                line-height: 1.3;\n            }\n            \n            .aws-product-content h4 a {\n                color: #333;\n                text-decoration: none;\n                transition: color 0.2s ease;\n            }\n            \n            .aws-product-content h4 a:hover {\n                color: #0073aa;\n            }\n            \n            .aws-product-prices {\n                display: flex;\n                align-items: center;\n                gap: 8px;\n                font-weight: bold;\n            }\n            \n            .aws-original-price {\n                text-decoration: line-through;\n                color: #999;\n                font-size: 14px;\n            }\n            \n            .aws-discounted-price {\n                color: #ff4444;\n                font-size: 16px;\n            }\n            \n            .aws-current-price {\n                color: #333;\n                font-size: 16px;\n            }\n            \n            \/* Tablet styles - 2 columns *\/\n            @media (max-width: 768px) {\n                .aws-product-grid {\n                    grid-template-columns: repeat(2, 1fr);\n                    gap: 15px;\n                }\n                \n                .aws-product-image {\n                    height: 180px;\n                }\n            }\n            \n            \/* Mobile styles - 1 column *\/\n            @media (max-width: 480px) {\n                .aws-product-grid {\n                    grid-template-columns: 1fr;\n                    gap: 15px;\n                }\n                \n                .aws-product-image {\n                    height: 220px;\n                }\n                \n                .aws-product-content {\n                    padding: 12px;\n                }\n            }\n        <\/style><\/p>\n<p>J\u00fcrgen Habermas, le c\u00e9l\u00e8bre philosophe et sociologue allemand, est d\u00e9c\u00e9d\u00e9 dans sa maison de Starnberg le samedi 14 avril \u00e0 l&rsquo;\u00e2ge de 94 ans. Sa mort a \u00e9t\u00e9 annonc\u00e9e par son \u00e9diteur Suhrkamp Verlag avec l&rsquo;autorisation de sa famille. N\u00e9 \u00e0 D\u00fcsseldorf en 1929, Habermas est consid\u00e9r\u00e9 comme l&rsquo;un des plus importants penseurs allemands et l&rsquo;un des philosophes et sociologues les plus influents du monde contemporain. En tant que figure de proue de la deuxi\u00e8me g\u00e9n\u00e9ration de l&rsquo;\u00c9cole de Francfort, il a d\u00e9velopp\u00e9 la th\u00e9orie critique \u00e9labor\u00e9e par des intellectuels tels que Max Horkheimer et Theodor Adorno. Entre 1949 et 1954, Habermas a \u00e9tudi\u00e9 la philosophie, l&rsquo;histoire, la psychologie, la litt\u00e9rature allemande et l&rsquo;\u00e9conomie aux universit\u00e9s de G\u00f6ttingen, Zurich et Bonn. Sa formation acad\u00e9mique diversifi\u00e9e l&rsquo;a pr\u00e9par\u00e9 \u00e0 une carri\u00e8re distingu\u00e9e d&rsquo;enseignement dans des institutions prestigieuses telles que les universit\u00e9s de Heidelberg et Francfort-sur-le-Main en Allemagne ainsi qu&rsquo;\u00e0 UC Berkeley aux \u00c9tats-Unis. Il a \u00e9galement occup\u00e9 le poste de directeur de l&rsquo;Institut Max Planck pour l&rsquo;\u00e9tude des conditions de vie dans un monde scientifique-technique bas\u00e9 \u00e0 Starnberg.<\/p>\n<h2>J\u00fcrgen Habermas, philosophe critique des positions gouvernementales et de la situation Isra\u00ebl-Gaza dans ses r\u00e9centes interviews<\/h2>\n<p>En tant que th\u00e9oricien politique, Habermas estimait que le consensus public est crucial pour le bon fonctionnement des d\u00e9mocraties. Dans une interview accord\u00e9e au Guardian en 2015, il a critiqu\u00e9 la position ferme du gouvernement d&rsquo;Angela Merkel lors de la crise de la dette grecque. En 2023, il a d\u00e9clar\u00e9 que la guerre d&rsquo;Isra\u00ebl contre Gaza suite aux attaques de Hamas le 7 octobre \u00e9tait justifi\u00e9e en principe, une d\u00e9claration qui a surpris de nombreux philosophes. Son dernier livre, Things Needed to Get Better (Ce qu&rsquo;il faut pour que les choses s&rsquo;am\u00e9liorent), est sorti en d\u00e9cembre dernier. Les informations de cet article proviennent du cabinet de conseil juridique Conjur, selon Uai.<\/p>\n<p><img decoding=\"async\" style=\"width: 100%\" src=\"https:\/\/images.impresa.pt\/expresso\/2025-09-16-juergen-habermas_t-_idp.jpg-3d0fd800\/original\" alt=\"\" title=\"\"><br \/>\n<div class=\"external-references\"><h2>Ils en parlent aussi dans la presse \u00e9trang\u00e8re<\/h2><p class=\"external-references__disclaimer\">Si vous comprenez l&#039;anglais, voici des liens vers des sources externes<\/p><ul class=\"external-references__list\"><li class=\"external-references__item\" data-index=\"1\"><span class=\"external-references__title\">J\u00fcrgen Habermas, German philosopher and sociologist, dies aged 96<\/span><a href=\"https:\/\/www.nytimes.com\/2026\/03\/14\/books\/jurgen-habermas-dead.html\" target=\"_blank\" rel=\"noopener noreferrer nofollow\" class=\"external-references__link\"><span class=\"external-references__title\">J\u00fcrgen Habermas, German philosopher and sociologist, dies aged 96<\/span><span class=\"external-references__domain\">nytimes.com<\/span><\/a><\/li><\/ul><\/div><\/p>\n","protected":false},"excerpt":{"rendered":"<p>Rejoignez-nous pour rendre hommage \u00e0 la vie et \u00e0 l&rsquo;\u0153uvre de J\u00fcrgen Habermas, philosophe et sociologue allemand dont l&rsquo;impact sur la pens\u00e9e contemporaine en tant que membre de l&rsquo;\u00c9cole de Francfort est immense.<\/p>\n","protected":false},"author":10,"featured_media":127153,"comment_status":"closed","ping_status":"open","sticky":false,"template":"","format":"standard","meta":{"content-type":"","_lmt_disableupdate":"","_lmt_disable":"","movie_schema":"","tvshow_schema":"","videogame_schema":"","meta_description":"\"Philosophe allemand J\u00fcrgen Habermas d\u00e9c\u00e8de \u00e0 96 ans.\"","meta_keywords":"philosophe allemand, J\u00fcrgen Habermas, d\u00e9c\u00e9d\u00e9, thinker d'Allemagne, \u00c9cole de Francfort, th\u00e9orie critique","meta_author":"Antoine Vincent","meta_robots":"index, follow","meta_language":"en","twitter_card":"summary_large_image","twitter_title":"Habermas, le philosophe allemand consid\u00e9r\u00e9 comme l'un des penseurs les plus importants d'Allemagne est d\u00e9c\u00e9d\u00e9 samedi (14) \u00e0 l'\u00e2ge de 96 ans. N\u00e9 \u00e0 D\u00fcsseldorf en 1929, il \u00e9tait un membre \u00e9minent de la deuxi\u00e8me g\u00e9n\u00e9ration de l'\u00c9cole de Francfort, qui a \u00e9labor\u00e9 la th\u00e9orie critique d\u00e9velopp\u00e9e par des intellectuels tels que Max Horkheimer et Theodor Adorno","twitter_description":"Le c\u00e9l\u00e8bre philosophe allemand J\u00fcrgen Habermas est d\u00e9c\u00e9d\u00e9 \u00e0 l'\u00e2ge de 96 ans. D\u00e9couvrez l'hommage rendu \u00e0 ce penseur influent dans notre article.","twitter_site":"","twitter_site_id":"","twitter_creator":"","twitter_creator_id":"","twitter_image":"https:\/\/images.t-online.de\/2026\/01\/OhXKxieBl2r8\/0x0:2048x1152\/fit-in\/1920x0\/juergen-habermas-deutscher-philosoph-spricht-im-zdf-hauptstadtstudio-zu-dpa-habermas-vorlass-jetzt-vollstaendig-in-frankfurt.jpg","twitter_image_alt":"","twitter_app_name_iphone":"","twitter_app_id_iphone":"","twitter_app_url_iphone":"","twitter_app_name_ipad":"","twitter_app_id_ipad":"","twitter_app_url_ipad":"","twitter_app_name_googleplay":"","twitter_app_id_googleplay":"","twitter_app_url_googleplay":"","twitter_player":"","twitter_player_width":0,"twitter_player_height":0,"twitter_player_stream":"","og_title":"Habermas, le philosophe allemand consid\u00e9r\u00e9 comme l'un des penseurs les plus importants d'Allemagne est d\u00e9c\u00e9d\u00e9 samedi (14) \u00e0 l'\u00e2ge de 96 ans. N\u00e9 \u00e0 D\u00fcsseldorf en 1929, il \u00e9tait un membre \u00e9minent de la deuxi\u00e8me g\u00e9n\u00e9ration de l'\u00c9cole de Francfort, qui a \u00e9labor\u00e9 la th\u00e9orie critique d\u00e9velopp\u00e9e par des intellectuels tels que Max Horkheimer et Theodor Adorno","og_type":"article","og_url":"https:\/\/playersforlife.com\/fr\/2026\/03\/14\/philosophe-allemand-jurgen-habermas-decede\/","og_image":"https:\/\/images.t-online.de\/2026\/01\/OhXKxieBl2r8\/0x0:2048x1152\/fit-in\/1920x0\/juergen-habermas-deutscher-philosoph-spricht-im-zdf-hauptstadtstudio-zu-dpa-habermas-vorlass-jetzt-vollstaendig-in-frankfurt.jpg","og_image_secure_url":"https:\/\/images.t-online.de\/2026\/01\/OhXKxieBl2r8\/0x0:2048x1152\/fit-in\/1920x0\/juergen-habermas-deutscher-philosoph-spricht-im-zdf-hauptstadtstudio-zu-dpa-habermas-vorlass-jetzt-vollstaendig-in-frankfurt.jpg","og_image_type":"image\/jpeg","og_image_width":0,"og_image_height":0,"og_image_alt":"","og_description":"Le c\u00e9l\u00e8bre philosophe allemand J\u00fcrgen Habermas est d\u00e9c\u00e9d\u00e9 \u00e0 l'\u00e2ge de 96 ans. D\u00e9couvrez l'hommage rendu \u00e0 ce penseur influent dans notre article.","og_site_name":"PlayersForLife.com","og_locale":"en_US","og_article_published_time":"2026-03-14T18:00:43","og_article_modified_time":"2026-03-14T18:00:43","og_article_author":"Antoine Vincent","og_article_section":"News","og_article_tag":[],"og_video":"","og_video_secure_url":"","og_video_type":"","og_video_width":0,"og_video_height":0,"og_audio":"","og_audio_secure_url":"","og_audio_type":"","footnotes":""},"categories":[38],"tags":[],"class_list":["post-127160","post","type-post","status-publish","format-standard","has-post-thumbnail","hentry","category-news"],"lang":"fr","original_post_id":null,"featured_image_urls":{"full":["https:\/\/playersforlife.com\/wp-content\/uploads\/2026\/03\/image_2026-03-Mar-14-2026_14-08-24.png",1536,1024,false],"thumbnail":["https:\/\/playersforlife.com\/wp-content\/uploads\/2026\/03\/image_2026-03-Mar-14-2026_14-08-24-150x150.png",150,150,true],"medium":["https:\/\/playersforlife.com\/wp-content\/uploads\/2026\/03\/image_2026-03-Mar-14-2026_14-08-24-300x200.png",300,200,true],"medium_large":["https:\/\/playersforlife.com\/wp-content\/uploads\/2026\/03\/image_2026-03-Mar-14-2026_14-08-24-768x512.png",768,512,true],"large":["https:\/\/playersforlife.com\/wp-content\/uploads\/2026\/03\/image_2026-03-Mar-14-2026_14-08-24-1024x683.png",1024,683,true],"1536x1536":["https:\/\/playersforlife.com\/wp-content\/uploads\/2026\/03\/image_2026-03-Mar-14-2026_14-08-24.png",1536,1024,false],"2048x2048":["https:\/\/playersforlife.com\/wp-content\/uploads\/2026\/03\/image_2026-03-Mar-14-2026_14-08-24.png",1536,1024,false],"penci-single-full":["https:\/\/playersforlife.com\/wp-content\/uploads\/2026\/03\/image_2026-03-Mar-14-2026_14-08-24.png",1536,1024,false],"penci-slider-full-thumb":["https:\/\/playersforlife.com\/wp-content\/uploads\/2026\/03\/image_2026-03-Mar-14-2026_14-08-24-1536x800.png",1536,800,true],"penci-full-thumb":["https:\/\/playersforlife.com\/wp-content\/uploads\/2026\/03\/image_2026-03-Mar-14-2026_14-08-24-1170x780.png",1170,780,true],"penci-slider-thumb":["https:\/\/playersforlife.com\/wp-content\/uploads\/2026\/03\/image_2026-03-Mar-14-2026_14-08-24-1170x663.png",1170,663,true],"penci-magazine-slider":["https:\/\/playersforlife.com\/wp-content\/uploads\/2026\/03\/image_2026-03-Mar-14-2026_14-08-24-780x516.png",780,516,true],"penci-thumb":["https:\/\/playersforlife.com\/wp-content\/uploads\/2026\/03\/image_2026-03-Mar-14-2026_14-08-24-585x390.png",585,390,true],"penci-masonry-thumb":["https:\/\/playersforlife.com\/wp-content\/uploads\/2026\/03\/image_2026-03-Mar-14-2026_14-08-24-585x390.png",585,390,true],"penci-thumb-square":["https:\/\/playersforlife.com\/wp-content\/uploads\/2026\/03\/image_2026-03-Mar-14-2026_14-08-24-585x585.png",585,585,true],"penci-thumb-vertical":["https:\/\/playersforlife.com\/wp-content\/uploads\/2026\/03\/image_2026-03-Mar-14-2026_14-08-24-480x650.png",480,650,true],"penci-thumb-small":["https:\/\/playersforlife.com\/wp-content\/uploads\/2026\/03\/image_2026-03-Mar-14-2026_14-08-24-263x175.png",263,175,true],"penci-recipe-1200x1200":["https:\/\/playersforlife.com\/wp-content\/uploads\/2026\/03\/image_2026-03-Mar-14-2026_14-08-24-1200x1024.png",1200,1024,true],"penci-recipe-1200x900":["https:\/\/playersforlife.com\/wp-content\/uploads\/2026\/03\/image_2026-03-Mar-14-2026_14-08-24-1200x900.png",1200,900,true],"penci-recipe-1200x675":["https:\/\/playersforlife.com\/wp-content\/uploads\/2026\/03\/image_2026-03-Mar-14-2026_14-08-24-1200x675.png",1200,675,true]},"author_info":{"info":["Antoine Vincent"]},"category_info":"<a href=\"https:\/\/playersforlife.com\/category\/news\/\" rel=\"category tag\">News<\/a>","tag_info":"News","comment_count":"0","_links":{"self":[{"href":"https:\/\/playersforlife.com\/fr\/wp-json\/wp\/v2\/posts\/127160","targetHints":{"allow":["GET"]}}],"collection":[{"href":"https:\/\/playersforlife.com\/fr\/wp-json\/wp\/v2\/posts"}],"about":[{"href":"https:\/\/playersforlife.com\/fr\/wp-json\/wp\/v2\/types\/post"}],"author":[{"embeddable":true,"href":"https:\/\/playersforlife.com\/fr\/wp-json\/wp\/v2\/users\/10"}],"replies":[{"embeddable":true,"href":"https:\/\/playersforlife.com\/fr\/wp-json\/wp\/v2\/comments?post=127160"}],"version-history":[{"count":1,"href":"https:\/\/playersforlife.com\/fr\/wp-json\/wp\/v2\/posts\/127160\/revisions"}],"predecessor-version":[{"id":127161,"href":"https:\/\/playersforlife.com\/fr\/wp-json\/wp\/v2\/posts\/127160\/revisions\/127161"}],"wp:featuredmedia":[{"embeddable":true,"href":"https:\/\/playersforlife.com\/fr\/wp-json\/wp\/v2\/media\/127153"}],"wp:attachment":[{"href":"https:\/\/playersforlife.com\/fr\/wp-json\/wp\/v2\/media?parent=127160"}],"wp:term":[{"taxonomy":"category","embeddable":true,"href":"https:\/\/playersforlife.com\/fr\/wp-json\/wp\/v2\/categories?post=127160"},{"taxonomy":"post_tag","embeddable":true,"href":"https:\/\/playersforlife.com\/fr\/wp-json\/wp\/v2\/tags?post=127160"}],"curies":[{"name":"wp","href":"https:\/\/api.w.org\/{rel}","templated":true}]}}