{"id":126559,"date":"2026-03-13T20:30:27","date_gmt":"2026-03-13T20:30:27","guid":{"rendered":"https:\/\/playersforlife.com\/2026\/03\/13\/le-ministere-de-la-culture-minc-termine-le-deuxieme-cycle-de-la-politique-nationale-aldir-blanc-pour-la-promotion-culturelle\/"},"modified":"2026-03-13T20:42:29","modified_gmt":"2026-03-13T20:42:29","slug":"le-ministere-de-la-culture-minc-termine-le-deuxieme-cycle-de-la-politique-nationale-aldir-blanc-pour-la-promotion-culturelle","status":"publish","type":"post","link":"https:\/\/playersforlife.com\/fr\/2026\/03\/13\/le-ministere-de-la-culture-minc-termine-le-deuxieme-cycle-de-la-politique-nationale-aldir-blanc-pour-la-promotion-culturelle\/","title":{"rendered":"Le minist\u00e8re de la Culture (Minc) termine le deuxi\u00e8me cycle de la politique nationale Aldir Blanc pour la promotion culturelle"},"content":{"rendered":"<p><div class=\"key-takeaways\"><h3>En quelques mots<\/h3><p>Cr\u00e9\u00e9 avec l&#039;IA - on travaille encore dessus ! D\u00e9sol\u00e9 si \u00e7a ne correspond pas tout \u00e0 fait \u00e0 vos attentes.<\/p><ul><li style=\"margin-bottom: 8px;\">Le Minist\u00e8re de la Culture a distribu\u00e9 plus de 2,5 milliards de R pour le deuxi\u00e8me cycle de la politique nationale Aldir Blanc, visant \u00e0 stimuler le d\u00e9veloppement culturel au Br\u00e9sil.<\/li><li style=\"margin-bottom: 8px;\">Fonds atteindront artistes, producteurs, collectifs et espaces culturels, contribuant \u00e0 l&#039;\u00e9conomie cr\u00e9ative et l&#039;emploi.<\/li><li style=\"margin-bottom: 8px;\">Certaines entit\u00e9s f\u00e9d\u00e9r\u00e9es sont tenues d&#039;ajuster leurs donn\u00e9es enregistr\u00e9es et d&#039;adapter leurs plans de demande de ressources (PAR) pour s&#039;aligner sur les objectifs politiques.<\/li><li style=\"margin-bottom: 8px;\">Le Minc surveille de pr\u00e8s ces cas afin d&#039;assurer que les remboursements soient conclus aussi rapidement que possible.<\/li><\/ul><\/div><br \/>\n<h3>Recommended products<\/h3><p class=\"aws-affiliate-disclaimer\">This page contains affiliate links. As an Amazon Associate, we earn a commission from purchases made through these links.<\/p><div class=\"aws-product-grid\"><div class=\"aws-product-card\"><div class=\"aws-discount-badge\">-100%<\/div><div class=\"aws-product-image\"><a href=\"https:\/\/www.amazon.com\/Caliart-Sketching-Watercolor-Christmas-Beginners\/dp\/B0FCY8T79Y\/ref=sr_1_3?tag=playersforlif-20\" target=\"_blank\" rel=\"nofollow noopener noreferrer\"><img decoding=\"async\" src=\"https:\/\/m.media-amazon.com\/images\/I\/819kai7XL5L._AC_SX679_.jpg\" alt=\"Caliart 176PCS Art Supplies Sketching Kit with 100 Sheets 3-Color Sketch Book, Graphite Colored Charcoal Watercolor &amp; Metallic Pencils, Drawing Supplies Christmas Gifts for Artists Adults Beginners\" title=\"\"><\/a><\/div><div class=\"aws-product-content\"><h4><a href=\"https:\/\/www.amazon.com\/Caliart-Sketching-Watercolor-Christmas-Beginners\/dp\/B0FCY8T79Y\/ref=sr_1_3?tag=playersforlif-20\" target=\"_blank\" rel=\"nofollow noopener noreferrer\">Caliart 176PCS Art Supplies Sketching Kit with 100 Sheets 3-Color Sketch Book, Graphite Colored Charcoal Watercolor &amp; Metallic Pencils, Drawing Supplies Christmas Gifts for Artists Adults Beginners<\/a><\/h4><div class=\"aws-product-prices\"><span class=\"aws-original-price\">$39.99<\/span><span class=\"aws-discounted-price\">$0.16<\/span><\/div><\/div><\/div><div class=\"aws-product-card\"><div class=\"aws-discount-badge\">-98%<\/div><div class=\"aws-product-image\"><a href=\"https:\/\/www.amazon.com\/Stickers-Waterproof-Skateboard-Refrigerator-Motorcycle\/dp\/B0CNRQ6HFY\/ref=sr_1_3?tag=playersforlif-20\" target=\"_blank\" rel=\"nofollow noopener noreferrer\"><img decoding=\"async\" src=\"https:\/\/m.media-amazon.com\/images\/I\/71fUsczzRCL._AC_SX679_.jpg\" alt=\"JUJUMAY\" title=\"\"><\/a><\/div><div class=\"aws-product-content\"><h4><a href=\"https:\/\/www.amazon.com\/Stickers-Waterproof-Skateboard-Refrigerator-Motorcycle\/dp\/B0CNRQ6HFY\/ref=sr_1_3?tag=playersforlif-20\" target=\"_blank\" rel=\"nofollow noopener noreferrer\">JUJUMAY<\/a><\/h4><div class=\"aws-product-prices\"><span class=\"aws-original-price\">$4.99<\/span><span class=\"aws-discounted-price\">$0.10<\/span><\/div><\/div><\/div><div class=\"aws-product-card\"><div class=\"aws-discount-badge\">-92%<\/div><div class=\"aws-product-image\"><a href=\"https:\/\/www.amazon.com\/Color-More-Supplies-175-Pack-Painting\/dp\/B09D3R2692\/ref=sr_1_2?tag=playersforlif-20\" target=\"_blank\" rel=\"nofollow noopener noreferrer\"><img decoding=\"async\" src=\"https:\/\/m.media-amazon.com\/images\/I\/81Hv+R5sIEL._AC_SX679_.jpg\" alt=\"TMOL Art Supplies, 175-Pack Deluxe Art Set Drawing Painting Kit with 2 Drawing Pads, Acrylic Paints, Colored Pencils, Crayons, Art Kit in Wooden Case, Gift for Artist, Adults, Teens and Kids\" title=\"\"><\/a><\/div><div class=\"aws-product-content\"><h4><a href=\"https:\/\/www.amazon.com\/Color-More-Supplies-175-Pack-Painting\/dp\/B09D3R2692\/ref=sr_1_2?tag=playersforlif-20\" target=\"_blank\" rel=\"nofollow noopener noreferrer\">TMOL Art Supplies, 175-Pack Deluxe Art Set Drawing Painting Kit with 2 Drawing Pads, Acrylic Paints, Colored Pencils, Crayons, Art Kit in Wooden Case, Gift for Artist, Adults, Teens and Kids<\/a><\/h4><div class=\"aws-product-prices\"><span class=\"aws-original-price\">$29.99<\/span><span class=\"aws-discounted-price\">$2.37<\/span><\/div><\/div><\/div><\/div>\n        <style>\n            .aws-affiliate-disclaimer {\n                font-size: 13px;\n                color: #666;\n                margin: 4px 0 16px 0;\n            }\n\n            .aws-product-grid {\n                display: grid;\n                grid-template-columns: repeat(3, 1fr);\n                gap: 20px;\n                margin: 20px 0;\n            }\n            \n            .aws-product-card {\n                border: 1px solid #e0e0e0;\n                border-radius: 8px;\n                overflow: hidden;\n                background: #fff;\n                box-shadow: 0 2px 4px rgba(0,0,0,0.1);\n                transition: transform 0.2s ease, box-shadow 0.2s ease;\n                position: relative;\n            }\n            \n            .aws-product-card:hover {\n                transform: translateY(-2px);\n                box-shadow: 0 4px 8px rgba(0,0,0,0.15);\n            }\n            \n            .aws-discount-badge {\n                position: absolute;\n                top: 10px;\n                right: 10px;\n                background: #ff4444;\n                color: white;\n                padding: 4px 8px;\n                border-radius: 4px;\n                font-size: 12px;\n                font-weight: bold;\n                z-index: 2;\n            }\n            \n            .aws-product-image {\n                width: 100%;\n                height: 200px;\n                overflow: hidden;\n                background: #f5f5f5;\n            }\n            \n            .aws-product-image img {\n                width: 100%;\n                height: 100%;\n                object-fit: contain;\n                transition: transform 0.2s ease;\n            }\n            \n            .aws-product-image:hover img {\n                transform: scale(1.05);\n            }\n            \n            .aws-product-image a {\n                display: block;\n                width: 100%;\n                height: 100%;\n            }\n            \n            .aws-product-content {\n                padding: 15px;\n            }\n            \n            .aws-product-content h4 {\n                margin: 0 0 10px 0;\n                font-size: 16px;\n                line-height: 1.3;\n            }\n            \n            .aws-product-content h4 a {\n                color: #333;\n                text-decoration: none;\n                transition: color 0.2s ease;\n            }\n            \n            .aws-product-content h4 a:hover {\n                color: #0073aa;\n            }\n            \n            .aws-product-prices {\n                display: flex;\n                align-items: center;\n                gap: 8px;\n                font-weight: bold;\n            }\n            \n            .aws-original-price {\n                text-decoration: line-through;\n                color: #999;\n                font-size: 14px;\n            }\n            \n            .aws-discounted-price {\n                color: #ff4444;\n                font-size: 16px;\n            }\n            \n            .aws-current-price {\n                color: #333;\n                font-size: 16px;\n            }\n            \n            \/* Tablet styles - 2 columns *\/\n            @media (max-width: 768px) {\n                .aws-product-grid {\n                    grid-template-columns: repeat(2, 1fr);\n                    gap: 15px;\n                }\n                \n                .aws-product-image {\n                    height: 180px;\n                }\n            }\n            \n            \/* Mobile styles - 1 column *\/\n            @media (max-width: 480px) {\n                .aws-product-grid {\n                    grid-template-columns: 1fr;\n                    gap: 15px;\n                }\n                \n                .aws-product-image {\n                    height: 220px;\n                }\n                \n                .aws-product-content {\n                    padding: 12px;\n                }\n            }\n        <\/style><\/p>\n<h2>Le Minist\u00e8re de la Culture Ach\u00e8ve les Paiements pour le Cycle 2 de la Politique Nationale Aldir Blanc &#8211; Renfor\u00e7ant le D\u00e9veloppement Culturel avec Plus de R 2,5 Milliards<\/h2>\n<p>Le lundi, l&rsquo;Agence Gouvernementale a annonc\u00e9 que le Minist\u00e8re de la Culture (Minc) a achev\u00e9 les paiements pour le deuxi\u00e8me cycle de la Politique Nationale Aldir Blanc pour la Promotion Culturelle, allouant plus de R 2,5 milliards aux \u00c9tats et municipalit\u00e9s pour soutenir le d\u00e9veloppement culturel. Cet investissement assure que les ressources atteignent les artistes, producteurs, collectifs et espaces culturels, stimulant \u00e0 la fois l&rsquo;\u00e9conomie cr\u00e9ative et l&#8217;emploi. Selon le Minc, certaines entit\u00e9s f\u00e9d\u00e9ratives doivent encore ajuster leurs donn\u00e9es enregistr\u00e9es et adapter leurs plans de demande de ressources (PAR). Cette \u00e9tape technique garantit que les propositions sont align\u00e9es sur les objectifs de la politique, garantissant ainsi la pleine lib\u00e9ration des fonds. Le Minc surveille de pr\u00e8s ces cas pour assurer que les remboursements soient conclus le plus rapidement possible. Structur\u00e9e en cycles de mise en \u0153uvre, la Politique Nationale Aldir Blanc pour la Promotion Culturelle vise \u00e0 d\u00e9mocratiser l&rsquo;acc\u00e8s aux financements, renforcer la cha\u00eene cr\u00e9ative et promouvoir une croissance culturelle \u00e9quilibr\u00e9e dans tout le Br\u00e9sil. SF Auditoria e Consultoria suit les mises \u00e0 jour du programme f\u00e9d\u00e9ral affectant les \u00c9tats et municipalit\u00e9s, offrant des conseils aux officiels publics sur l&rsquo;application et la gestion appropri\u00e9es des ressources. (Source : Minist\u00e8re de la Culture, https:\/\/www.gov.br\/cultura\/pt-br\/assuntos\/noticias\/mincconcluirepassesdociclo2dapoliticanacionalaldirblanc)<\/p>\n<h2>Au cas o\u00f9 vous l&rsquo;auriez manqu\u00e9<\/h2>\n<p>Alors que nous c\u00e9l\u00e9brons la diversit\u00e9 dans le monde du jeu vid\u00e9o, laissez-moi vous pr\u00e9senter l&rsquo;article \u00e9clair\u00e9 de Jonathan Dubinski pour Players For Life, \u00ab\u00a0\u00c0 leur vue : Live Podcast met en valeur le protagonisme f\u00e9minin dans l&rsquo;univers du jeu vid\u00e9o\u00a0\u00bb. Publi\u00e9 le 7 mars, Dubinski explore l&rsquo;importance des protagonistes f\u00e9minins \u00e0 travers &lsquo;Na Mira Delas&rsquo;, un projet de podcast en direct visant \u00e0 encourager le dialogue entre les femmes impliqu\u00e9es dans le monde du jeu vid\u00e9o et des industries cr\u00e9atives. Entre temps, Dubinski s&rsquo;int\u00e9resse \u00e9galement \u00e0 une autre initiative inspirante avec \u00ab\u00a0Le projet Cine Petrobras apporte le cin\u00e9ma gratuit \u00e0 10 \u00c9tats br\u00e9siliens\u00a0\u00bb. Publi\u00e9 le 13 mars, cet article explore comment le projet de cin\u00e9ma itin\u00e9rant transforme les paysages cin\u00e9matographiques dans dix \u00c9tats br\u00e9siliens. Et si vous \u00eates curieux de savoir ce qui se passe derri\u00e8re les scenes de votre console de jeu favorite, l&rsquo;article r\u00e9cent de Marcus Thompson \u00ab\u00a0Microsoft met discr\u00e8tement fin \u00e0 la campagne &lsquo;C&rsquo;est une Xbox'\u00a0\u00bb offre un regard fascinant sur le virage strat\u00e9gique d<\/p>\n<div class=\"external-references\"><h2>Ils en parlent aussi dans la presse \u00e9trang\u00e8re<\/h2><p class=\"external-references__disclaimer\">Si vous comprenez l&#039;anglais, voici des liens vers des sources externes<\/p><ul class=\"external-references__list\"><li class=\"external-references__item\" data-index=\"1\"><span class=\"external-references__title\">MinC finaliza repasses do Ciclo 2 da Pol\u00edtica Nacional Aldir Blanc<\/span><a href=\"https:\/\/agenciamg.com.br\/2026\/03\/09\/politica-nacional-aldir-blanc\/\" target=\"_blank\" rel=\"noopener noreferrer nofollow\" class=\"external-references__link\"><span class=\"external-references__title\">MinC finaliza repasses do Ciclo 2 da Pol\u00edtica Nacional Aldir Blanc<\/span><span class=\"external-references__domain\">agenciamg.com.br<\/span><\/a><\/li><li class=\"external-references__item\" data-index=\"2\"><span class=\"external-references__title\">MinC conclui repasses do Ciclo 2 da Pol\u00edtica Nacional Aldir Blanc<\/span><a href=\"https:\/\/agenciagov.ebc.com.br\/noticias\/202603\/minc-conclui-repasses-do-ciclo-2-da-politica-nacional-aldir-blanc\" target=\"_blank\" rel=\"noopener noreferrer nofollow\" class=\"external-references__link\"><span class=\"external-references__title\">MinC conclui repasses do Ciclo 2 da Pol\u00edtica Nacional Aldir Blanc<\/span><span class=\"external-references__domain\">agenciagov.ebc.com.br<\/span><\/a><\/li><li class=\"external-references__item\" data-index=\"3\"><span class=\"external-references__title\">MinC conclui repasses do Ciclo 2 da Pol\u00edtica Nacional Aldir Blanc com mais de R$ 2,5 bilh\u00f5es para estados e munic\u00edpios<\/span><a href=\"https:\/\/consultoriasf.com.br\/2026\/03\/10\/minc-conclui-repasses-do-ciclo-2-da-politica-nacional-aldir-blanc-com-mais-de-r-25-bilhoes-para-estados-e-municipios\/\" target=\"_blank\" rel=\"noopener noreferrer nofollow\" class=\"external-references__link\"><span class=\"external-references__title\">MinC conclui repasses do Ciclo 2 da Pol\u00edtica Nacional Aldir Blanc com mais de R$ 2,5 bilh\u00f5es para estados e munic\u00edpios<\/span><span class=\"external-references__domain\">consultoriasf.com.br<\/span><\/a><\/li><li class=\"external-references__item\" data-index=\"4\"><span class=\"external-references__title\">MinC conclui repasses do Ciclo 2 da Pol\u00edtica Nacional Aldir Blanc<\/span><a href=\"https:\/\/www.maysabrao.com.br\/minc-conclui-repasses-do-ciclo-2-da-politica-nacional-aldir-blanc\/\" target=\"_blank\" rel=\"noopener noreferrer nofollow\" class=\"external-references__link\"><span class=\"external-references__title\">MinC conclui repasses do Ciclo 2 da Pol\u00edtica Nacional Aldir Blanc<\/span><span class=\"external-references__domain\">maysabrao.com.br<\/span><\/a><\/li><\/ul><\/div>\n","protected":false},"excerpt":{"rendered":"<p>Le minist\u00e8re de la Culture c\u00e9l\u00e9brant l&rsquo;ach\u00e8vement des paiements de 2,5 millions de reais pour la politique nationale Aldir Blanc du Br\u00e9sil, continue \u00e0 travailler en vue de d\u00e9mocratiser les ressources financi\u00e8res et d&rsquo;encourager le d\u00e9veloppement culturel dans tout le pays.<\/p>\n","protected":false},"author":12,"featured_media":126552,"comment_status":"closed","ping_status":"open","sticky":false,"template":"","format":"standard","meta":{"content-type":"","_lmt_disableupdate":"","_lmt_disable":"","movie_schema":"","tvshow_schema":"","videogame_schema":"","meta_description":"Minist\u00e8re de la Culture : Succ\u00e8s du deuxi\u00e8me cycle de l'Aldir Blanc pour soutenir la culture br\u00e9silienne","meta_keywords":"culture br\u00e9silienne, politique culturelle, financement culturel, promotion culturelle, Aldir Blanc, d\u00e9veloppement culturel, cha\u00eene cr\u00e9ative, ressources financi\u00e8res culturelles, politique nationale culturelle, minist\u00e8re de la culture","meta_author":"Gabriel Sutton","meta_robots":"index, follow","meta_language":"en","twitter_card":"summary_large_image","twitter_title":"\"Le Minc conclut le deuxi\u00e8me cycle Aldir Blanc : 2,5 millions de R$ pour la culture br\u00e9silienne","twitter_description":"Le Minc termine avec succ\u00e8s le deuxi\u00e8me cycle Aldir Blanc pour soutenir la culture. D\u00e9couvrez comment plus de 2,5 millions de R$ ont \u00e9t\u00e9 distribu\u00e9s pour favoriser le d\u00e9veloppement culturel dans diff\u00e9rentes r\u00e9gions du Br\u00e9sil.","twitter_site":"","twitter_site_id":"","twitter_creator":"","twitter_creator_id":"","twitter_image":"https:\/\/www.montecarmelo.mg.gov.br\/assets\/images\/banner-aldir-blanc-pagina.png","twitter_image_alt":"","twitter_app_name_iphone":"","twitter_app_id_iphone":"","twitter_app_url_iphone":"","twitter_app_name_ipad":"","twitter_app_id_ipad":"","twitter_app_url_ipad":"","twitter_app_name_googleplay":"","twitter_app_id_googleplay":"","twitter_app_url_googleplay":"","twitter_player":"","twitter_player_width":0,"twitter_player_height":0,"twitter_player_stream":"","og_title":"\"Le Minc conclut le deuxi\u00e8me cycle Aldir Blanc : 2,5 millions de R$ pour la culture br\u00e9silienne","og_type":"article","og_url":"https:\/\/playersforlife.com\/fr\/2026\/03\/13\/le-ministere-de-la-culture-minc-termine-le-deuxieme-cycle-de-la-politique-nationale-aldir-blanc-pour-la-promotion-culturelle\/","og_image":"https:\/\/www.montecarmelo.mg.gov.br\/assets\/images\/banner-aldir-blanc-pagina.png","og_image_secure_url":"https:\/\/www.montecarmelo.mg.gov.br\/assets\/images\/banner-aldir-blanc-pagina.png","og_image_type":"image\/png","og_image_width":0,"og_image_height":0,"og_image_alt":"","og_description":"Le Minc termine avec succ\u00e8s le deuxi\u00e8me cycle Aldir Blanc pour soutenir la culture. D\u00e9couvrez comment plus de 2,5 millions de R$ ont \u00e9t\u00e9 distribu\u00e9s pour favoriser le d\u00e9veloppement culturel dans diff\u00e9rentes r\u00e9gions du Br\u00e9sil.","og_site_name":"PlayersForLife.com","og_locale":"en_US","og_article_published_time":"2026-03-13T20:30:27","og_article_modified_time":"2026-03-13T20:30:27","og_article_author":"Gabriel Sutton","og_article_section":"Events","og_article_tag":["Mixed"],"og_video":"https:\/\/www.youtube.com\/embed\/lexuVFESsh0","og_video_secure_url":"https:\/\/www.youtube.com\/embed\/lexuVFESsh0","og_video_type":"","og_video_width":0,"og_video_height":0,"og_audio":"","og_audio_secure_url":"","og_audio_type":"","footnotes":""},"categories":[36],"tags":[45],"class_list":["post-126559","post","type-post","status-publish","format-standard","has-post-thumbnail","hentry","category-events","tag-mixed"],"lang":"fr","original_post_id":null,"featured_image_urls":{"full":["https:\/\/playersforlife.com\/wp-content\/uploads\/2026\/03\/image_2026-03-Mar-13-2026_16-41-32.png",768,512,false],"thumbnail":["https:\/\/playersforlife.com\/wp-content\/uploads\/2026\/03\/image_2026-03-Mar-13-2026_16-41-32-150x150.png",150,150,true],"medium":["https:\/\/playersforlife.com\/wp-content\/uploads\/2026\/03\/image_2026-03-Mar-13-2026_16-41-32-300x200.png",300,200,true],"medium_large":["https:\/\/playersforlife.com\/wp-content\/uploads\/2026\/03\/image_2026-03-Mar-13-2026_16-41-32.png",768,512,false],"large":["https:\/\/playersforlife.com\/wp-content\/uploads\/2026\/03\/image_2026-03-Mar-13-2026_16-41-32.png",768,512,false],"1536x1536":["https:\/\/playersforlife.com\/wp-content\/uploads\/2026\/03\/image_2026-03-Mar-13-2026_16-41-32.png",768,512,false],"2048x2048":["https:\/\/playersforlife.com\/wp-content\/uploads\/2026\/03\/image_2026-03-Mar-13-2026_16-41-32.png",768,512,false],"penci-single-full":["https:\/\/playersforlife.com\/wp-content\/uploads\/2026\/03\/image_2026-03-Mar-13-2026_16-41-32.png",768,512,false],"penci-slider-full-thumb":["https:\/\/playersforlife.com\/wp-content\/uploads\/2026\/03\/image_2026-03-Mar-13-2026_16-41-32.png",768,512,false],"penci-full-thumb":["https:\/\/playersforlife.com\/wp-content\/uploads\/2026\/03\/image_2026-03-Mar-13-2026_16-41-32.png",768,512,false],"penci-slider-thumb":["https:\/\/playersforlife.com\/wp-content\/uploads\/2026\/03\/image_2026-03-Mar-13-2026_16-41-32.png",768,512,false],"penci-magazine-slider":["https:\/\/playersforlife.com\/wp-content\/uploads\/2026\/03\/image_2026-03-Mar-13-2026_16-41-32.png",768,512,false],"penci-thumb":["https:\/\/playersforlife.com\/wp-content\/uploads\/2026\/03\/image_2026-03-Mar-13-2026_16-41-32-585x390.png",585,390,true],"penci-masonry-thumb":["https:\/\/playersforlife.com\/wp-content\/uploads\/2026\/03\/image_2026-03-Mar-13-2026_16-41-32-585x390.png",585,390,true],"penci-thumb-square":["https:\/\/playersforlife.com\/wp-content\/uploads\/2026\/03\/image_2026-03-Mar-13-2026_16-41-32-585x512.png",585,512,true],"penci-thumb-vertical":["https:\/\/playersforlife.com\/wp-content\/uploads\/2026\/03\/image_2026-03-Mar-13-2026_16-41-32-480x512.png",480,512,true],"penci-thumb-small":["https:\/\/playersforlife.com\/wp-content\/uploads\/2026\/03\/image_2026-03-Mar-13-2026_16-41-32-263x175.png",263,175,true],"penci-recipe-1200x1200":["https:\/\/playersforlife.com\/wp-content\/uploads\/2026\/03\/image_2026-03-Mar-13-2026_16-41-32.png",768,512,false],"penci-recipe-1200x900":["https:\/\/playersforlife.com\/wp-content\/uploads\/2026\/03\/image_2026-03-Mar-13-2026_16-41-32.png",768,512,false],"penci-recipe-1200x675":["https:\/\/playersforlife.com\/wp-content\/uploads\/2026\/03\/image_2026-03-Mar-13-2026_16-41-32.png",768,512,false]},"author_info":{"info":["Gabriel Sutton"]},"category_info":"<a href=\"https:\/\/playersforlife.com\/category\/events\/\" rel=\"category tag\">Events<\/a>","tag_info":"Events","comment_count":"0","_links":{"self":[{"href":"https:\/\/playersforlife.com\/fr\/wp-json\/wp\/v2\/posts\/126559","targetHints":{"allow":["GET"]}}],"collection":[{"href":"https:\/\/playersforlife.com\/fr\/wp-json\/wp\/v2\/posts"}],"about":[{"href":"https:\/\/playersforlife.com\/fr\/wp-json\/wp\/v2\/types\/post"}],"author":[{"embeddable":true,"href":"https:\/\/playersforlife.com\/fr\/wp-json\/wp\/v2\/users\/12"}],"replies":[{"embeddable":true,"href":"https:\/\/playersforlife.com\/fr\/wp-json\/wp\/v2\/comments?post=126559"}],"version-history":[{"count":1,"href":"https:\/\/playersforlife.com\/fr\/wp-json\/wp\/v2\/posts\/126559\/revisions"}],"predecessor-version":[{"id":126560,"href":"https:\/\/playersforlife.com\/fr\/wp-json\/wp\/v2\/posts\/126559\/revisions\/126560"}],"wp:featuredmedia":[{"embeddable":true,"href":"https:\/\/playersforlife.com\/fr\/wp-json\/wp\/v2\/media\/126552"}],"wp:attachment":[{"href":"https:\/\/playersforlife.com\/fr\/wp-json\/wp\/v2\/media?parent=126559"}],"wp:term":[{"taxonomy":"category","embeddable":true,"href":"https:\/\/playersforlife.com\/fr\/wp-json\/wp\/v2\/categories?post=126559"},{"taxonomy":"post_tag","embeddable":true,"href":"https:\/\/playersforlife.com\/fr\/wp-json\/wp\/v2\/tags?post=126559"}],"curies":[{"name":"wp","href":"https:\/\/api.w.org\/{rel}","templated":true}]}}