{"id":31286,"date":"2024-09-09T18:03:00","date_gmt":"2024-09-09T18:03:00","guid":{"rendered":"https:\/\/playersforlife.com\/2024\/09\/09\/ps5-pro-sony-confirma-su-existencia-el-arquitecto-lo-presentara\/"},"modified":"2025-08-09T01:37:02","modified_gmt":"2025-08-09T01:37:02","slug":"ps5-pro-sony-confirma-su-existencia-el-arquitecto-lo-presentara","status":"publish","type":"post","link":"https:\/\/playersforlife.com\/es\/2024\/09\/09\/ps5-pro-sony-confirma-su-existencia-el-arquitecto-lo-presentara\/","title":{"rendered":"PS5 Pro: Sony confirma su existencia, el arquitecto lo presentar\u00e1"},"content":{"rendered":"<p>Ma\u00f1ana a las 17:00 horas en Francia, la PS5 Pro dejar\u00e1 de ser una especulaci\u00f3n. Sony Interactive Entertainment ha programado una presentaci\u00f3n t\u00e9cnica global para la PlayStation 5. Aunque no se menciona expl\u00edcitamente el t\u00e9rmino &#8216;PS5 Pro&#8217;, Mark Cerny, arquitecto de la consola desde la era de la PS4, la presentar\u00e1, lo que deja poco margen de duda sobre su revelaci\u00f3n. Por tanto, sepresentar\u00e1 oficialmente una nueva versi\u00f3n de la PS5 con un rendimiento mejorado y un dise\u00f1o ligeramente diferente. Sony ha confirmado que la presentaci\u00f3n en v\u00eddeo durar\u00e1 9 minutos y comenzar\u00e1 a las 17:00 horas en el canal de YouTube de PlayStation.<\/p>\n<p>Se han especulado sobre la nueva PS5 Pro en las \u00faltimas semanas. El sitio web The Dealabs comparti\u00f3 un esbozo de la consola despu\u00e9s de ver su envase en un almac\u00e9n. Este dibujo mostr\u00f3 que la PS5 Pro tendr\u00e1 el mismo dise\u00f1o que la PS5 Slim pero incluye tres bandas para separaci\u00f3n, lo que le ha valido el apodo de PS5 Adidas. Recientemente, con motivo del 30 aniversario de PlayStation, se revel\u00f3 una ilustraci\u00f3n que muestra esta m\u00e1quina con las tres bandas. En resumen, se est\u00e1n confirmando detalles y se espera que la PS5 Pro ofrezca un aumento significativo de potencia, especialmente si se tienen en cuenta las demandas de recursos de juegos recientes como Black Myth Wukong o Star Wars Outlaws para lograr un rendimiento y gr\u00e1ficos \u00f3ptimos. Ahora mismo estamos a horas de los anuncios oficiales.<\/p>\n<p><iframe title=\"Black Myth: Wukong - Official Launch Trailer | gamescom 2024\" width=\"1170\" height=\"658\" src=\"https:\/\/www.youtube.com\/embed\/QKBla_Ai500?feature=oembed\" frameborder=\"0\" allow=\"accelerometer; autoplay; clipboard-write; encrypted-media; gyroscope; picture-in-picture; web-share\" referrerpolicy=\"strict-origin-when-cross-origin\" allowfullscreen><\/iframe><\/p>\n","protected":false},"excerpt":{"rendered":"<p>Ma\u00f1ana a las 17:00 horas en el tiempo franc\u00e9s, Sony Interactive Entertainment presentar\u00e1 la PS5 Pro, una versi\u00f3n m\u00e1s potent<\/p>\n","protected":false},"author":26,"featured_media":2733,"comment_status":"open","ping_status":"open","sticky":false,"template":"","format":"standard","meta":{"content-type":"","_lmt_disableupdate":"","_lmt_disable":"","movie_schema":"","tvshow_schema":"","videogame_schema":"","meta_description":"Sony presenta la PS5 Pro: una versi\u00f3n m\u00e1s potente de la PlayStation 5 revelada por Mark Cerny, su arquitecto desde la \u00e9poca de la PS4. El evento durar\u00e1 9 minutos y se transmitir\u00e1 en vivo a trav\u00e9s del canal de YouTube de PlayStation. Los rumores sugieren que la PS5 Pro tendr\u00e1 un dise\u00f1o m\u00e1s delgado con tres bandas distintivas y ofrecer\u00e1 mejoras significativas en el rendimiento para satisfacer los juegos actuales exigentes como Black Myth Wukong y Star Wars Outlaws.","meta_keywords":"ps5 pro, sony interactive entertainment, mark cerny, ps4, black myth wukong, star wars outlaws","meta_author":"Iria Llopis","meta_robots":"index, follow","meta_language":"en","twitter_card":"summary_large_image","twitter_title":"\"\u00a1Sony revela la PS5 Pro ma\u00f1ana!\"","twitter_description":"\"\u00a1Sony revela PS5 Pro con Mark Cerny al mando! Descubre su dise\u00f1o delgado 'Adidas' y potentes mejoras de rendimiento en evento global de 9 min.\"","twitter_site":"","twitter_site_id":"","twitter_creator":"","twitter_creator_id":"","twitter_image":"https:\/\/static1.srcdn.com\/wordpress\/wp-content\/uploads\/2024\/07\/star-wars-outlaws-world-of-warcraft-the-war-within-and-black-myth-wukong.jpg","twitter_image_alt":"","twitter_app_name_iphone":"","twitter_app_id_iphone":"","twitter_app_url_iphone":"","twitter_app_name_ipad":"","twitter_app_id_ipad":"","twitter_app_url_ipad":"","twitter_app_name_googleplay":"","twitter_app_id_googleplay":"","twitter_app_url_googleplay":"","twitter_player":"","twitter_player_width":0,"twitter_player_height":0,"twitter_player_stream":"","og_title":"\"\u00a1Sony revela la PS5 Pro ma\u00f1ana!\"","og_type":"article","og_url":"https:\/\/playersforlife.com\/es\/2024\/09\/09\/ps5-pro-sony-confirma-su-existencia-el-arquitecto-lo-presentara\/","og_image":"https:\/\/static1.srcdn.com\/wordpress\/wp-content\/uploads\/2024\/07\/star-wars-outlaws-world-of-warcraft-the-war-within-and-black-myth-wukong.jpg","og_image_secure_url":"https:\/\/static1.srcdn.com\/wordpress\/wp-content\/uploads\/2024\/07\/star-wars-outlaws-world-of-warcraft-the-war-within-and-black-myth-wukong.jpg","og_image_type":"image\/jpeg","og_image_width":0,"og_image_height":0,"og_image_alt":"","og_description":"\"\u00a1Sony revela PS5 Pro con Mark Cerny al mando! Descubre su dise\u00f1o delgado 'Adidas' y potentes mejoras de rendimiento en evento global de 9 min.\"","og_site_name":"PlayersForLife.com","og_locale":"en_US","og_article_published_time":"2024-09-09T01:36:00","og_article_modified_time":"2024-09-09T01:36:00","og_article_author":"Iria Llopis","og_article_section":"Platforms","og_article_tag":["Mixed"],"og_video":"https:\/\/www.youtube.com\/embed\/T4DFKOlrXCQ","og_video_secure_url":"https:\/\/www.youtube.com\/embed\/T4DFKOlrXCQ","og_video_type":"","og_video_width":0,"og_video_height":0,"og_audio":"","og_audio_secure_url":"","og_audio_type":"","footnotes":""},"categories":[39],"tags":[45,48,50],"class_list":["post-31286","post","type-post","status-publish","format-standard","has-post-thumbnail","hentry","category-platforms","tag-mixed","tag-rpg","tag-shooter"],"lang":"es","original_post_id":null,"featured_image_urls":{"full":["https:\/\/playersforlife.com\/wp-content\/uploads\/2025\/06\/star-wars-outlaws-world-of-warcraft-the-war-within-and-black-myth-wukong.jpg",2160,1080,false],"thumbnail":["https:\/\/playersforlife.com\/wp-content\/uploads\/2025\/06\/star-wars-outlaws-world-of-warcraft-the-war-within-and-black-myth-wukong-150x150.jpg",150,150,true],"medium":["https:\/\/playersforlife.com\/wp-content\/uploads\/2025\/06\/star-wars-outlaws-world-of-warcraft-the-war-within-and-black-myth-wukong-300x150.jpg",300,150,true],"medium_large":["https:\/\/playersforlife.com\/wp-content\/uploads\/2025\/06\/star-wars-outlaws-world-of-warcraft-the-war-within-and-black-myth-wukong-768x384.jpg",768,384,true],"large":["https:\/\/playersforlife.com\/wp-content\/uploads\/2025\/06\/star-wars-outlaws-world-of-warcraft-the-war-within-and-black-myth-wukong-1024x512.jpg",1024,512,true],"1536x1536":["https:\/\/playersforlife.com\/wp-content\/uploads\/2025\/06\/star-wars-outlaws-world-of-warcraft-the-war-within-and-black-myth-wukong-1536x768.jpg",1536,768,true],"2048x2048":["https:\/\/playersforlife.com\/wp-content\/uploads\/2025\/06\/star-wars-outlaws-world-of-warcraft-the-war-within-and-black-myth-wukong-2048x1024.jpg",2048,1024,true],"penci-single-full":["https:\/\/playersforlife.com\/wp-content\/uploads\/2025\/06\/star-wars-outlaws-world-of-warcraft-the-war-within-and-black-myth-wukong.jpg",1920,960,false],"penci-slider-full-thumb":["https:\/\/playersforlife.com\/wp-content\/uploads\/2025\/06\/star-wars-outlaws-world-of-warcraft-the-war-within-and-black-myth-wukong.jpg",1600,800,false],"penci-full-thumb":["https:\/\/playersforlife.com\/wp-content\/uploads\/2025\/06\/star-wars-outlaws-world-of-warcraft-the-war-within-and-black-myth-wukong.jpg",1170,585,false],"penci-slider-thumb":["https:\/\/playersforlife.com\/wp-content\/uploads\/2025\/06\/star-wars-outlaws-world-of-warcraft-the-war-within-and-black-myth-wukong.jpg",1170,585,false],"penci-magazine-slider":["https:\/\/playersforlife.com\/wp-content\/uploads\/2025\/06\/star-wars-outlaws-world-of-warcraft-the-war-within-and-black-myth-wukong.jpg",780,390,false],"penci-thumb":["https:\/\/playersforlife.com\/wp-content\/uploads\/2025\/06\/star-wars-outlaws-world-of-warcraft-the-war-within-and-black-myth-wukong.jpg",585,293,false],"penci-masonry-thumb":["https:\/\/playersforlife.com\/wp-content\/uploads\/2025\/06\/star-wars-outlaws-world-of-warcraft-the-war-within-and-black-myth-wukong.jpg",585,293,false],"penci-thumb-square":["https:\/\/playersforlife.com\/wp-content\/uploads\/2025\/06\/star-wars-outlaws-world-of-warcraft-the-war-within-and-black-myth-wukong.jpg",585,293,false],"penci-thumb-vertical":["https:\/\/playersforlife.com\/wp-content\/uploads\/2025\/06\/star-wars-outlaws-world-of-warcraft-the-war-within-and-black-myth-wukong.jpg",480,240,false],"penci-thumb-small":["https:\/\/playersforlife.com\/wp-content\/uploads\/2025\/06\/star-wars-outlaws-world-of-warcraft-the-war-within-and-black-myth-wukong.jpg",263,132,false],"penci-recipe-1200x1200":["https:\/\/playersforlife.com\/wp-content\/uploads\/2025\/06\/star-wars-outlaws-world-of-warcraft-the-war-within-and-black-myth-wukong.jpg",1200,600,false],"penci-recipe-1200x900":["https:\/\/playersforlife.com\/wp-content\/uploads\/2025\/06\/star-wars-outlaws-world-of-warcraft-the-war-within-and-black-myth-wukong.jpg",1200,600,false],"penci-recipe-1200x675":["https:\/\/playersforlife.com\/wp-content\/uploads\/2025\/06\/star-wars-outlaws-world-of-warcraft-the-war-within-and-black-myth-wukong.jpg",1200,600,false]},"author_info":{"info":["Iria Llopis"]},"category_info":"<a href=\"https:\/\/playersforlife.com\/category\/platforms\/\" rel=\"category tag\">Platforms<\/a>","tag_info":"Platforms","comment_count":"0","_links":{"self":[{"href":"https:\/\/playersforlife.com\/es\/wp-json\/wp\/v2\/posts\/31286","targetHints":{"allow":["GET"]}}],"collection":[{"href":"https:\/\/playersforlife.com\/es\/wp-json\/wp\/v2\/posts"}],"about":[{"href":"https:\/\/playersforlife.com\/es\/wp-json\/wp\/v2\/types\/post"}],"author":[{"embeddable":true,"href":"https:\/\/playersforlife.com\/es\/wp-json\/wp\/v2\/users\/26"}],"replies":[{"embeddable":true,"href":"https:\/\/playersforlife.com\/es\/wp-json\/wp\/v2\/comments?post=31286"}],"version-history":[{"count":1,"href":"https:\/\/playersforlife.com\/es\/wp-json\/wp\/v2\/posts\/31286\/revisions"}],"predecessor-version":[{"id":31287,"href":"https:\/\/playersforlife.com\/es\/wp-json\/wp\/v2\/posts\/31286\/revisions\/31287"}],"wp:featuredmedia":[{"embeddable":true,"href":"https:\/\/playersforlife.com\/es\/wp-json\/wp\/v2\/media\/2733"}],"wp:attachment":[{"href":"https:\/\/playersforlife.com\/es\/wp-json\/wp\/v2\/media?parent=31286"}],"wp:term":[{"taxonomy":"category","embeddable":true,"href":"https:\/\/playersforlife.com\/es\/wp-json\/wp\/v2\/categories?post=31286"},{"taxonomy":"post_tag","embeddable":true,"href":"https:\/\/playersforlife.com\/es\/wp-json\/wp\/v2\/tags?post=31286"}],"curies":[{"name":"wp","href":"https:\/\/api.w.org\/{rel}","templated":true}]}}