{"id":142952,"date":"2026-04-27T08:00:19","date_gmt":"2026-04-27T08:00:19","guid":{"rendered":"https:\/\/playersforlife.com\/2026\/04\/27\/virada-cultural-de-sao-paulo-contara-con-mas-de-mil-atracciones-en-22-escenarios\/"},"modified":"2026-04-27T08:09:30","modified_gmt":"2026-04-27T08:09:30","slug":"virada-cultural-de-sao-paulo-contara-con-mas-de-mil-atracciones-en-22-escenarios","status":"publish","type":"post","link":"https:\/\/playersforlife.com\/es\/2026\/04\/27\/virada-cultural-de-sao-paulo-contara-con-mas-de-mil-atracciones-en-22-escenarios\/","title":{"rendered":"Virada Cultural de Sao Paulo contar\u00e1 con m\u00e1s de mil atracciones en 22 escenarios"},"content":{"rendered":"<p><div class=\"key-takeaways\"><h3>Puntos clave<\/h3><p>Creado con IA - todav\u00eda estamos experimentando, as\u00ed que disculpa si no cumple con tus expectativas.<\/p><ul><li style=\"margin-bottom: 8px;\">La Virada Cultural de S\u00e3o Paulo 2026 contar\u00e1 con una amplia variedad de atracciones culturales, incluyendo presentaciones musicales de artistas populares, distribuidas en m\u00e1s de 22 escenarios por toda la ciudad, con un enfoque en la descentralizaci\u00f3n.<\/li><li style=\"margin-bottom: 8px;\">El evento busca llevar m\u00fasica y actividades a diferentes partes de S\u00e3o Paulo, incluso durante las primeras horas de la ma\u00f1ana, e incluir\u00e1 etapas dedicadas para los g\u00e9neros de Mujeres, Brega y Rock, as\u00ed como zonas para m\u00fasica g\u00f3spel.<\/li><li style=\"margin-bottom: 8px;\">La edici\u00f3n de 2026 tambi\u00e9n incluir\u00e1 nuevos espacios tem\u00e1ticos y colaboraciones con m\u00e1s de cien instituciones culturales, con el objetivo de reforzar un corredor cultural dise\u00f1ado para estimular la circulaci\u00f3n p\u00fablica durante todo el fin de semana.<\/li><li style=\"margin-bottom: 8px;\">El a\u00f1o pasado, la Virada Cultural atrajo a 4,7 millones de personas, manteniendo la asistencia del a\u00f1o anterior de 4,5 millones de participantes, lo que la convierte en uno de los mayores festivales culturales gratuitos de Brasil. El programa completo para la edici\u00f3n de 2026 se anunciar\u00e1 por parte del Municipio en mayo.<\/li><\/ul><\/div><br \/>\n<h3>Recommended products<\/h3><p class=\"aws-affiliate-disclaimer\">This page contains affiliate links. As an Amazon Associate, we earn a commission from purchases made through these links.<\/p><div class=\"aws-product-grid\"><div class=\"aws-product-card\"><div class=\"aws-discount-badge\">-58%<\/div><div class=\"aws-product-image\"><a href=\"https:\/\/www.amazon.com\/Hearprotek-Reduction-Protection-Musicians-Nightclub\/dp\/B08PBQFQH6\/ref=sr_1_1?tag=playersforlif-20\" target=\"_blank\" rel=\"nofollow noopener noreferrer\"><img decoding=\"async\" src=\"https:\/\/m.media-amazon.com\/images\/I\/71fUNemtqhL._AC_SX569_PIbundle-2,TopRight,0,0_SH20_.jpg\" alt=\"Hearprotek Concert Ear Plugs, 2Pairs Reusable high Fidelity Musician Ear Plugs for Concerts Loud Music-Noise Reduction Ear Protection earplugs for Rave,Festival,Music,Tinnitus Relief\" title=\"\"><\/a><\/div><div class=\"aws-product-content\"><h4><a href=\"https:\/\/www.amazon.com\/Hearprotek-Reduction-Protection-Musicians-Nightclub\/dp\/B08PBQFQH6\/ref=sr_1_1?tag=playersforlif-20\" target=\"_blank\" rel=\"nofollow noopener noreferrer\">Hearprotek Concert Ear Plugs, 2Pairs Reusable high Fidelity Musician Ear Plugs for Concerts Loud Music-Noise Reduction Ear Protection earplugs for Rave,Festival,Music,Tinnitus Relief<\/a><\/h4><div class=\"aws-product-prices\"><span class=\"aws-original-price\">$17.99<\/span><span class=\"aws-discounted-price\">$7.50<\/span><\/div><\/div><\/div><div class=\"aws-product-card\"><div class=\"aws-discount-badge\">-62%<\/div><div class=\"aws-product-image\"><a href=\"https:\/\/www.amazon.com\/Reure-Cancelling-Musicians-Motorcycles-Protection\/dp\/B0CG9F5W3Q\/ref=sr_1_2?tag=playersforlif-20\" target=\"_blank\" rel=\"nofollow noopener noreferrer\"><img decoding=\"async\" src=\"https:\/\/m.media-amazon.com\/images\/I\/71QCYc-KxIL._AC_SX569_.jpg\" alt=\"Reure High Fidelity Concert Ear Plugs, Noise Cancelling Silicone Ear Plugs 2 Pairs Great for Concerts Loud Music, Musicians, Motorcycles, Airplanes, Raves, Hearing Protection -23 dB\" title=\"\"><\/a><\/div><div class=\"aws-product-content\"><h4><a href=\"https:\/\/www.amazon.com\/Reure-Cancelling-Musicians-Motorcycles-Protection\/dp\/B0CG9F5W3Q\/ref=sr_1_2?tag=playersforlif-20\" target=\"_blank\" rel=\"nofollow noopener noreferrer\">Reure High Fidelity Concert Ear Plugs, Noise Cancelling Silicone Ear Plugs 2 Pairs Great for Concerts Loud Music, Musicians, Motorcycles, Airplanes, Raves, Hearing Protection -23 dB<\/a><\/h4><div class=\"aws-product-prices\"><span class=\"aws-original-price\">$12.99<\/span><span class=\"aws-discounted-price\">$5.00<\/span><\/div><\/div><\/div><div class=\"aws-product-card\"><div class=\"aws-product-image\"><a href=\"https:\/\/www.amazon.com\/Eargasm-Festivals-Night-Life-Motorcycle-Protection\/dp\/B019M576XW\/ref=sr_1_3?tag=playersforlif-20\" target=\"_blank\" rel=\"nofollow noopener noreferrer\"><img decoding=\"async\" src=\"https:\/\/m.media-amazon.com\/images\/I\/51+5U7Qo-XL._AC_SX569_.jpg\" alt=\"Eargasm High Fidelity Blue Earplugs for Concerts, Festivals, Musicians, DJs, Night-Life, Motorcycle Hearing Protection - Reusable Ear Plugs for High Fidelity Noise Reduction up to 21 dB\" title=\"\"><\/a><\/div><div class=\"aws-product-content\"><h4><a href=\"https:\/\/www.amazon.com\/Eargasm-Festivals-Night-Life-Motorcycle-Protection\/dp\/B019M576XW\/ref=sr_1_3?tag=playersforlif-20\" target=\"_blank\" rel=\"nofollow noopener noreferrer\">Eargasm High Fidelity Blue Earplugs for Concerts, Festivals, Musicians, DJs, Night-Life, Motorcycle Hearing Protection - Reusable Ear Plugs for High Fidelity Noise Reduction up to 21 dB<\/a><\/h4><div class=\"aws-product-prices\"><span class=\"aws-current-price\">$43.95<\/span><\/div><\/div><\/div><\/div>\n        <style>\n            .aws-affiliate-disclaimer {\n                font-size: 13px;\n                color: #666;\n                margin: 4px 0 16px 0;\n            }\n\n            .aws-product-grid {\n                display: grid;\n                grid-template-columns: repeat(3, 1fr);\n                gap: 20px;\n                margin: 20px 0;\n            }\n            \n            .aws-product-card {\n                border: 1px solid #e0e0e0;\n                border-radius: 8px;\n                overflow: hidden;\n                background: #fff;\n                box-shadow: 0 2px 4px rgba(0,0,0,0.1);\n                transition: transform 0.2s ease, box-shadow 0.2s ease;\n                position: relative;\n            }\n            \n            .aws-product-card:hover {\n                transform: translateY(-2px);\n                box-shadow: 0 4px 8px rgba(0,0,0,0.15);\n            }\n            \n            .aws-discount-badge {\n                position: absolute;\n                top: 10px;\n                right: 10px;\n                background: #ff4444;\n                color: white;\n                padding: 4px 8px;\n                border-radius: 4px;\n                font-size: 12px;\n                font-weight: bold;\n                z-index: 2;\n            }\n            \n            .aws-product-image {\n                width: 100%;\n                height: 200px;\n                overflow: hidden;\n                background: #f5f5f5;\n            }\n            \n            .aws-product-image img {\n                width: 100%;\n                height: 100%;\n                object-fit: contain;\n                transition: transform 0.2s ease;\n            }\n            \n            .aws-product-image:hover img {\n                transform: scale(1.05);\n            }\n            \n            .aws-product-image a {\n                display: block;\n                width: 100%;\n                height: 100%;\n            }\n            \n            .aws-product-content {\n                padding: 15px;\n            }\n            \n            .aws-product-content h4 {\n                margin: 0 0 10px 0;\n                font-size: 16px;\n                line-height: 1.3;\n            }\n            \n            .aws-product-content h4 a {\n                color: #333;\n                text-decoration: none;\n                transition: color 0.2s ease;\n            }\n            \n            .aws-product-content h4 a:hover {\n                color: #0073aa;\n            }\n            \n            .aws-product-prices {\n                display: flex;\n                align-items: center;\n                gap: 8px;\n                font-weight: bold;\n            }\n            \n            .aws-original-price {\n                text-decoration: line-through;\n                color: #999;\n                font-size: 14px;\n            }\n            \n            .aws-discounted-price {\n                color: #ff4444;\n                font-size: 16px;\n            }\n            \n            .aws-current-price {\n                color: #333;\n                font-size: 16px;\n            }\n            \n            \/* Tablet styles - 2 columns *\/\n            @media (max-width: 768px) {\n                .aws-product-grid {\n                    grid-template-columns: repeat(2, 1fr);\n                    gap: 15px;\n                }\n                \n                .aws-product-image {\n                    height: 180px;\n                }\n            }\n            \n            \/* Mobile styles - 1 column *\/\n            @media (max-width: 480px) {\n                .aws-product-grid {\n                    grid-template-columns: 1fr;\n                    gap: 15px;\n                }\n                \n                .aws-product-image {\n                    height: 220px;\n                }\n                \n                .aws-product-content {\n                    padding: 12px;\n                }\n            }\n        <\/style><\/p>\n<p>La Virada Cultural de S\u00e3o Paulo en 2026, programada para los d\u00edas 23 y 24 de mayo, contar\u00e1 con presentaciones de Thiaguinho, Marina Sena, Joelma, Gustavo Mioto, Gaby Amarantos, Alexandre Pires y Luiza Sonza. Seg\u00fan informaci\u00f3n preliminar del municipio, el evento ofrecer\u00e1 m\u00e1s de mil atracciones culturales repartidas en 22 escenario a lo largo de la ciudad, con el objetivo de llevar m\u00fasica y actividades a diferentes partes de S\u00e3o Paulo, incluso durante las primeras horas de la ma\u00f1ana. La Virada Cultural de este a\u00f1o tiene como objetivo descentralizar el evento, con solo cinco escenarios ubicados en la regi\u00f3n central de Paulistan. Esto marca un cambio con respecto a ediciones anteriores que daban prioridad al centro de la ciudad. Este cambio ha sido criticado ya que el concepto original de Virada Cultural era fomentar la participaci\u00f3n p\u00fablica en la zona c\u00e9ntrica. Por ejemplo, en 2019, el centro de la ciudad cont\u00f3 con 27 escenarios, un n\u00famero que se redujo a solo uno en 2023. El programa incluir\u00e1 un escenario dedicado para mujeres (Palco Mulheres), y los escenarios de Brega y Rock regresar\u00e1n. Adem\u00e1s de los escenarios tradicionales, se planean nuevos espacios tem\u00e1ticos como el Palco Brega y el Palco Mulheres, as\u00ed como zonas para m\u00fasica gospel y rock. El horario completo y las ubicaciones se anunciar\u00e1n en una conferencia de prensa en mayo.<\/p>\n<p>**Expandiendo la Virada Cultural 2026 en S\u00e3o Paulo con miles de atracciones y escenarios descentralizados en diferentes zonas** La Virada Cultural es uno de los festivales culturales gratuitos m\u00e1s grandes de Brasil, que ofrece un programa de 24 horas de teatro, danza, intervenciones urbanas, artes visuales, literatura y mucho m\u00e1s. Los eventos se programan en instituciones culturales como Sesc S\u00e3o Paulo, MASP, Pinacoteca de S\u00e3o Paulo y el Museo del Idioma Portugu\u00e9s. M\u00e1s de cien socios, incluidos Sesc, MASP, Fiesp, Instituto Moreira Salles, Pinacoteca y Museu da L\u00edngua Portuguesa, colaboran en este a\u00f1o&#8217;s evento. La administraci\u00f3n municipal indica que los escenarios restantes se instalar\u00e1n en las zonas sur, este, norte y oeste, fortaleciendo un corredor cultural dise\u00f1ado para estimular la circulaci\u00f3n p\u00fablica durante todo el fin de semana. El a\u00f1o pasado, la Virada Cultural atrajo a 4,7 millones de personas, manteniendo la asistencia del a\u00f1o anterior de 4,5 millones de participantes. La programaci\u00f3n completa para la edici\u00f3n 2026 de la Virada se lanzar\u00e1 por el municipio en mayo. Este texto no necesariamente refleja la opini\u00f3n de Portal Uai.<\/p>\n<div class=\"external-references\"><h2>Tambi\u00e9n se habla de esto en la prensa extranjera<\/h2><p class=\"external-references__disclaimer\">Si entiendes ingl\u00e9s, aqu\u00ed hay enlaces a fuentes externas<\/p><ul class=\"external-references__list\"><li class=\"external-references__item\" data-index=\"1\"><span class=\"external-references__title\">Evento vai acontecer nos dias 23 e 24 de maio, com mais de mil atra\u00e7\u00f5es se apresentando em 22 palcos nas v\u00e1rias regi\u00f5es da cidade. Ao menos cinco palcos ser\u00e3o na regi\u00e3o central.<\/span><a href=\"https:\/\/g1.globo.com\/sp\/sao-paulo\/noticia\/2026\/04\/23\/virada-cultural-em-sp-tera-shows-de-thiaguinho-marina-sena-joelma-alexandre-pires-gustavo-mioto-e-luiza-sonza.ghtml\" target=\"_blank\" rel=\"noopener noreferrer nofollow\" class=\"external-references__link\"><span class=\"external-references__title\">Evento vai acontecer nos dias 23 e 24 de maio, com mais de mil atra\u00e7\u00f5es se apresentando em 22 palcos nas v\u00e1rias regi\u00f5es da cidade. Ao menos cinco palcos ser\u00e3o na regi\u00e3o central.<\/span><span class=\"external-references__domain\">g1.globo.com<\/span><\/a><\/li><li class=\"external-references__item\" data-index=\"2\"><span class=\"external-references__title\">Virada Cultural em SP ter\u00e1 mais de mil atra\u00e7\u00f5es em 22 palcos<\/span><a href=\"https:\/\/agenciabrasil.ebc.com.br\/cultura\/noticia\/2026-04\/virada-cultural-em-sp-tera-mais-de-mil-atracoes-em-22-palcos\" target=\"_blank\" rel=\"noopener noreferrer nofollow\" class=\"external-references__link\"><span class=\"external-references__title\">Virada Cultural em SP ter\u00e1 mais de mil atra\u00e7\u00f5es em 22 palcos<\/span><span class=\"external-references__domain\">agenciabrasil.ebc.com.br<\/span><\/a><\/li><li class=\"external-references__item\" data-index=\"3\"><span class=\"external-references__title\">Virada Cultural 2026 Schedule: What We Know So Far<\/span><a href=\"https:\/\/www.band.com.br\/entretenimento\/virada-cultural-de-sp-anuncia-thiaguinho-marina-sena-e-mais-mil-atracoes-202604230854\" target=\"_blank\" rel=\"noopener noreferrer nofollow\" class=\"external-references__link\"><span class=\"external-references__title\">Virada Cultural 2026 Schedule: What We Know So Far<\/span><span class=\"external-references__domain\">band.com.br<\/span><\/a><\/li><li class=\"external-references__item\" data-index=\"4\"><span class=\"external-references__title\">Virada Cultural 2026 ter\u00e1 shows de Thiaguinho, Marina Sena, Joelma e mais de mil atra\u00e7\u00f5es em SP<\/span><a href=\"https:\/\/saopaulosecreto.com\/en\/virada-cultural-sao-paulo-2026-en\/\" target=\"_blank\" rel=\"noopener noreferrer nofollow\" class=\"external-references__link\"><span class=\"external-references__title\">Virada Cultural 2026 ter\u00e1 shows de Thiaguinho, Marina Sena, Joelma e mais de mil atra\u00e7\u00f5es em SP<\/span><span class=\"external-references__domain\">saopaulosecreto.com<\/span><\/a><\/li><\/ul><\/div>\n","protected":false},"excerpt":{"rendered":"<p>Prep\u00e1rese para una vibrante fiesta cultural ya que Virada Cultural, con miles de atracciones a lo largo de 22 etapas y encabezada por interpretaciones tradicionales de Brega Stage y rock, regresa del 23 al 24 de mayo en S\u00e3o Paulo.<\/p>\n","protected":false},"author":25,"featured_media":142939,"comment_status":"closed","ping_status":"open","sticky":false,"template":"","format":"standard","meta":{"content-type":"","_lmt_disableupdate":"","_lmt_disable":"","movie_schema":"","tvshow_schema":"","videogame_schema":"","meta_description":"Virada Cultural en Sao Paulo: m\u00e1s de mil atracciones en 22 escenarios","meta_keywords":"virada cultural sao paulo, atracciones virada cultural, escenarios virada cultural, eventos culturales sao paulo, cambio escenarios virada cultural","meta_author":"Eloy Cifuentes","meta_robots":"index, follow","meta_language":"en","twitter_card":"summary_large_image","twitter_title":"Descubre las mil atracciones en 22 escenarios","twitter_description":"\"Sum\u00e9rgete en la Virada Cultural de S\u00e3o Paulo: m\u00e1s de mil atracciones y 22 escenarios esperan tu visita este 23-24 de mayo. \u00a1Descubre los cambios que fortalecen los corredores culturales! \ud83c\udfb6\ud83c\udf06\"","twitter_site":"","twitter_site_id":"","twitter_creator":"","twitter_creator_id":"","twitter_image":"https:\/\/jornalpolopaulistano.com.br\/wp-content\/uploads\/2025\/05\/Virada-Cultural-Foto-PMSP.jpeg","twitter_image_alt":"","twitter_app_name_iphone":"","twitter_app_id_iphone":"","twitter_app_url_iphone":"","twitter_app_name_ipad":"","twitter_app_id_ipad":"","twitter_app_url_ipad":"","twitter_app_name_googleplay":"","twitter_app_id_googleplay":"","twitter_app_url_googleplay":"","twitter_player":"","twitter_player_width":0,"twitter_player_height":0,"twitter_player_stream":"","og_title":"Descubre las mil atracciones en 22 escenarios","og_type":"article","og_url":"https:\/\/playersforlife.com\/es\/2026\/04\/27\/virada-cultural-de-sao-paulo-contara-con-mas-de-mil-atracciones-en-22-escenarios\/","og_image":"https:\/\/jornalpolopaulistano.com.br\/wp-content\/uploads\/2025\/05\/Virada-Cultural-Foto-PMSP.jpeg","og_image_secure_url":"https:\/\/jornalpolopaulistano.com.br\/wp-content\/uploads\/2025\/05\/Virada-Cultural-Foto-PMSP.jpeg","og_image_type":"image\/jpeg","og_image_width":0,"og_image_height":0,"og_image_alt":"","og_description":"\"Sum\u00e9rgete en la Virada Cultural de S\u00e3o Paulo: m\u00e1s de mil atracciones y 22 escenarios esperan tu visita este 23-24 de mayo. \u00a1Descubre los cambios que fortalecen los corredores culturales! \ud83c\udfb6\ud83c\udf06\"","og_site_name":"PlayersForLife.com","og_locale":"en_US","og_article_published_time":"2026-04-27T08:00:19","og_article_modified_time":"2026-04-27T08:00:19","og_article_author":"Eloy Cifuentes","og_article_section":"Events","og_article_tag":["MMORPG"],"og_video":"https:\/\/www.youtube.com\/embed\/WHxLrEA65TQ","og_video_secure_url":"https:\/\/www.youtube.com\/embed\/WHxLrEA65TQ","og_video_type":"","og_video_width":0,"og_video_height":0,"og_audio":"","og_audio_secure_url":"","og_audio_type":"","footnotes":""},"categories":[36],"tags":[46],"class_list":["post-142952","post","type-post","status-publish","format-standard","has-post-thumbnail","hentry","category-events","tag-mmorpg"],"lang":"es","original_post_id":null,"featured_image_urls":{"full":["https:\/\/playersforlife.com\/wp-content\/uploads\/2026\/04\/image_2026-04-Apr-27-2026_04-07-23.jpg",1300,1065,false],"thumbnail":["https:\/\/playersforlife.com\/wp-content\/uploads\/2026\/04\/image_2026-04-Apr-27-2026_04-07-23-150x150.jpg",150,150,true],"medium":["https:\/\/playersforlife.com\/wp-content\/uploads\/2026\/04\/image_2026-04-Apr-27-2026_04-07-23-300x246.jpg",300,246,true],"medium_large":["https:\/\/playersforlife.com\/wp-content\/uploads\/2026\/04\/image_2026-04-Apr-27-2026_04-07-23-768x629.jpg",768,629,true],"large":["https:\/\/playersforlife.com\/wp-content\/uploads\/2026\/04\/image_2026-04-Apr-27-2026_04-07-23-1024x839.jpg",1024,839,true],"1536x1536":["https:\/\/playersforlife.com\/wp-content\/uploads\/2026\/04\/image_2026-04-Apr-27-2026_04-07-23.jpg",1300,1065,false],"2048x2048":["https:\/\/playersforlife.com\/wp-content\/uploads\/2026\/04\/image_2026-04-Apr-27-2026_04-07-23.jpg",1300,1065,false],"penci-single-full":["https:\/\/playersforlife.com\/wp-content\/uploads\/2026\/04\/image_2026-04-Apr-27-2026_04-07-23.jpg",1300,1065,false],"penci-slider-full-thumb":["https:\/\/playersforlife.com\/wp-content\/uploads\/2026\/04\/image_2026-04-Apr-27-2026_04-07-23-1300x800.jpg",1300,800,true],"penci-full-thumb":["https:\/\/playersforlife.com\/wp-content\/uploads\/2026\/04\/image_2026-04-Apr-27-2026_04-07-23-1170x959.jpg",1170,959,true],"penci-slider-thumb":["https:\/\/playersforlife.com\/wp-content\/uploads\/2026\/04\/image_2026-04-Apr-27-2026_04-07-23-1170x663.jpg",1170,663,true],"penci-magazine-slider":["https:\/\/playersforlife.com\/wp-content\/uploads\/2026\/04\/image_2026-04-Apr-27-2026_04-07-23-780x516.jpg",780,516,true],"penci-thumb":["https:\/\/playersforlife.com\/wp-content\/uploads\/2026\/04\/image_2026-04-Apr-27-2026_04-07-23-585x390.jpg",585,390,true],"penci-masonry-thumb":["https:\/\/playersforlife.com\/wp-content\/uploads\/2026\/04\/image_2026-04-Apr-27-2026_04-07-23-585x479.jpg",585,479,true],"penci-thumb-square":["https:\/\/playersforlife.com\/wp-content\/uploads\/2026\/04\/image_2026-04-Apr-27-2026_04-07-23-585x585.jpg",585,585,true],"penci-thumb-vertical":["https:\/\/playersforlife.com\/wp-content\/uploads\/2026\/04\/image_2026-04-Apr-27-2026_04-07-23-480x650.jpg",480,650,true],"penci-thumb-small":["https:\/\/playersforlife.com\/wp-content\/uploads\/2026\/04\/image_2026-04-Apr-27-2026_04-07-23-263x175.jpg",263,175,true],"penci-recipe-1200x1200":["https:\/\/playersforlife.com\/wp-content\/uploads\/2026\/04\/image_2026-04-Apr-27-2026_04-07-23-1200x1065.jpg",1200,1065,true],"penci-recipe-1200x900":["https:\/\/playersforlife.com\/wp-content\/uploads\/2026\/04\/image_2026-04-Apr-27-2026_04-07-23-1200x900.jpg",1200,900,true],"penci-recipe-1200x675":["https:\/\/playersforlife.com\/wp-content\/uploads\/2026\/04\/image_2026-04-Apr-27-2026_04-07-23-1200x675.jpg",1200,675,true]},"author_info":{"info":["Eloy Cifuentes"]},"category_info":"<a href=\"https:\/\/playersforlife.com\/category\/events\/\" rel=\"category tag\">Events<\/a>","tag_info":"Events","comment_count":"0","_links":{"self":[{"href":"https:\/\/playersforlife.com\/es\/wp-json\/wp\/v2\/posts\/142952","targetHints":{"allow":["GET"]}}],"collection":[{"href":"https:\/\/playersforlife.com\/es\/wp-json\/wp\/v2\/posts"}],"about":[{"href":"https:\/\/playersforlife.com\/es\/wp-json\/wp\/v2\/types\/post"}],"author":[{"embeddable":true,"href":"https:\/\/playersforlife.com\/es\/wp-json\/wp\/v2\/users\/25"}],"replies":[{"embeddable":true,"href":"https:\/\/playersforlife.com\/es\/wp-json\/wp\/v2\/comments?post=142952"}],"version-history":[{"count":1,"href":"https:\/\/playersforlife.com\/es\/wp-json\/wp\/v2\/posts\/142952\/revisions"}],"predecessor-version":[{"id":142953,"href":"https:\/\/playersforlife.com\/es\/wp-json\/wp\/v2\/posts\/142952\/revisions\/142953"}],"wp:featuredmedia":[{"embeddable":true,"href":"https:\/\/playersforlife.com\/es\/wp-json\/wp\/v2\/media\/142939"}],"wp:attachment":[{"href":"https:\/\/playersforlife.com\/es\/wp-json\/wp\/v2\/media?parent=142952"}],"wp:term":[{"taxonomy":"category","embeddable":true,"href":"https:\/\/playersforlife.com\/es\/wp-json\/wp\/v2\/categories?post=142952"},{"taxonomy":"post_tag","embeddable":true,"href":"https:\/\/playersforlife.com\/es\/wp-json\/wp\/v2\/tags?post=142952"}],"curies":[{"name":"wp","href":"https:\/\/api.w.org\/{rel}","templated":true}]}}