{"id":142922,"date":"2026-04-27T04:00:07","date_gmt":"2026-04-27T04:00:07","guid":{"rendered":"https:\/\/playersforlife.com\/2026\/04\/27\/produccion-indigena-sobre-identidad-brilla-en-seleccion-de-tv-brasil\/"},"modified":"2026-04-27T04:12:39","modified_gmt":"2026-04-27T04:12:39","slug":"produccion-indigena-sobre-identidad-brilla-en-seleccion-de-tv-brasil","status":"publish","type":"post","link":"https:\/\/playersforlife.com\/es\/2026\/04\/27\/produccion-indigena-sobre-identidad-brilla-en-seleccion-de-tv-brasil\/","title":{"rendered":"Producci\u00f3n ind\u00edgena sobre identidad brilla en selecci\u00f3n de TV Brasil"},"content":{"rendered":"<p><div class=\"key-takeaways\"><h3>Puntos clave<\/h3><p>Creado con IA - todav\u00eda estamos experimentando, as\u00ed que disculpa si no cumple con tus expectativas.<\/p><ul><li style=\"margin-bottom: 8px;\">La Gente Verdadera es una serie documental que relata la lucha del pueblo Paiter Surui para preservar su historia tribal en la Amazon\u00eda, producida como parte del programa MINC y ANCINE PRODAV.<\/li><li style=\"margin-bottom: 8px;\">La serie sigue a cuatro individuos de tres generaciones que luchan por mantener su identidad ante las presiones del cristianismo, la vida urbana y las nuevas tecnolog\u00edas.<\/li><li style=\"margin-bottom: 8px;\">Filmado en la Tierra Ind\u00edgena Sete de Setembro, explora temas como el linaje y el contraste entre la tradici\u00f3n y la modernidad, enmarcado por un archivo discutido sobre su primer contacto con extra\u00f1os en la d\u00e9cada de 1970.<\/li><li style=\"margin-bottom: 8px;\">La transmisi\u00f3n de Gente de Verdade en TV Brasil ofrece una amplia cobertura nacional que permite una mayor comprensi\u00f3n de las historias ind\u00edgenas, fomentar el di\u00e1logo, el respeto y el reconocimiento por comunidades hist\u00f3ricamente olvidadas.<\/li><\/ul><\/div><br \/>\n<h3>Recommended products<\/h3><p class=\"aws-affiliate-disclaimer\">This page contains affiliate links. As an Amazon Associate, we earn a commission from purchases made through these links.<\/p><div class=\"aws-product-grid\"><div class=\"aws-product-card\"><div class=\"aws-product-image\"><a href=\"https:\/\/www.amazon.com\/LuciPaw-Historical-Education-Decoration-Halloween\/dp\/B0F9Y2RLCC\/ref=sr_1_2?tag=playersforlif-20\" target=\"_blank\" rel=\"nofollow noopener noreferrer\"><img decoding=\"async\" src=\"https:\/\/m.media-amazon.com\/images\/I\/81xcBGDt-ZL._AC_SY450_.jpg\" alt=\"28 PCS Native American Indians Figures Toys Set, Include Plastic Figurine Toys Trees Moss Sand Stones, Kids Historical Education School Project Decoration Birthday Halloween\" title=\"\"><\/a><\/div><div class=\"aws-product-content\"><h4><a href=\"https:\/\/www.amazon.com\/LuciPaw-Historical-Education-Decoration-Halloween\/dp\/B0F9Y2RLCC\/ref=sr_1_2?tag=playersforlif-20\" target=\"_blank\" rel=\"nofollow noopener noreferrer\">28 PCS Native American Indians Figures Toys Set, Include Plastic Figurine Toys Trees Moss Sand Stones, Kids Historical Education School Project Decoration Birthday Halloween<\/a><\/h4><div class=\"aws-product-prices\"><span class=\"aws-current-price\">$22.98<\/span><\/div><\/div><\/div><div class=\"aws-product-card\"><div class=\"aws-product-image\"><a href=\"https:\/\/www.amazon.com\/ONEST-Figurines-Historical-Decoration-Dollhouse\/dp\/B0DP2D2LRN\/ref=sr_1_3?tag=playersforlif-20\" target=\"_blank\" rel=\"nofollow noopener noreferrer\"><img decoding=\"async\" src=\"https:\/\/m.media-amazon.com\/images\/I\/818xqgJR4xL._AC_SY450_.jpg\" alt=\"ONEST 22 Pieces Native American Figurines Indian Figurines Indians Historical Plastic Action Figures for Projects Decoration Birthday Gift Dollhouse Cake Toppers\" title=\"\"><\/a><\/div><div class=\"aws-product-content\"><h4><a href=\"https:\/\/www.amazon.com\/ONEST-Figurines-Historical-Decoration-Dollhouse\/dp\/B0DP2D2LRN\/ref=sr_1_3?tag=playersforlif-20\" target=\"_blank\" rel=\"nofollow noopener noreferrer\">ONEST 22 Pieces Native American Figurines Indian Figurines Indians Historical Plastic Action Figures for Projects Decoration Birthday Gift Dollhouse Cake Toppers<\/a><\/h4><div class=\"aws-product-prices\"><span class=\"aws-current-price\">$9.99<\/span><\/div><\/div><\/div><\/div>\n        <style>\n            .aws-affiliate-disclaimer {\n                font-size: 13px;\n                color: #666;\n                margin: 4px 0 16px 0;\n            }\n\n            .aws-product-grid {\n                display: grid;\n                grid-template-columns: repeat(3, 1fr);\n                gap: 20px;\n                margin: 20px 0;\n            }\n            \n            .aws-product-card {\n                border: 1px solid #e0e0e0;\n                border-radius: 8px;\n                overflow: hidden;\n                background: #fff;\n                box-shadow: 0 2px 4px rgba(0,0,0,0.1);\n                transition: transform 0.2s ease, box-shadow 0.2s ease;\n                position: relative;\n            }\n            \n            .aws-product-card:hover {\n                transform: translateY(-2px);\n                box-shadow: 0 4px 8px rgba(0,0,0,0.15);\n            }\n            \n            .aws-discount-badge {\n                position: absolute;\n                top: 10px;\n                right: 10px;\n                background: #ff4444;\n                color: white;\n                padding: 4px 8px;\n                border-radius: 4px;\n                font-size: 12px;\n                font-weight: bold;\n                z-index: 2;\n            }\n            \n            .aws-product-image {\n                width: 100%;\n                height: 200px;\n                overflow: hidden;\n                background: #f5f5f5;\n            }\n            \n            .aws-product-image img {\n                width: 100%;\n                height: 100%;\n                object-fit: contain;\n                transition: transform 0.2s ease;\n            }\n            \n            .aws-product-image:hover img {\n                transform: scale(1.05);\n            }\n            \n            .aws-product-image a {\n                display: block;\n                width: 100%;\n                height: 100%;\n            }\n            \n            .aws-product-content {\n                padding: 15px;\n            }\n            \n            .aws-product-content h4 {\n                margin: 0 0 10px 0;\n                font-size: 16px;\n                line-height: 1.3;\n            }\n            \n            .aws-product-content h4 a {\n                color: #333;\n                text-decoration: none;\n                transition: color 0.2s ease;\n            }\n            \n            .aws-product-content h4 a:hover {\n                color: #0073aa;\n            }\n            \n            .aws-product-prices {\n                display: flex;\n                align-items: center;\n                gap: 8px;\n                font-weight: bold;\n            }\n            \n            .aws-original-price {\n                text-decoration: line-through;\n                color: #999;\n                font-size: 14px;\n            }\n            \n            .aws-discounted-price {\n                color: #ff4444;\n                font-size: 16px;\n            }\n            \n            .aws-current-price {\n                color: #333;\n                font-size: 16px;\n            }\n            \n            \/* Tablet styles - 2 columns *\/\n            @media (max-width: 768px) {\n                .aws-product-grid {\n                    grid-template-columns: repeat(2, 1fr);\n                    gap: 15px;\n                }\n                \n                .aws-product-image {\n                    height: 180px;\n                }\n            }\n            \n            \/* Mobile styles - 1 column *\/\n            @media (max-width: 480px) {\n                .aws-product-grid {\n                    grid-template-columns: 1fr;\n                    gap: 15px;\n                }\n                \n                .aws-product-image {\n                    height: 220px;\n                }\n                \n                .aws-product-content {\n                    padding: 12px;\n                }\n            }\n        <\/style><\/p>\n<p>La televisi\u00f3n p\u00fablica de Brasil ha seleccionado \u00abGente de Verdade\u00bb, una serie documental que narra la lucha del pueblo Paiter Surui para mantener viva su historia tribal en la Amazon\u00eda. Este proyecto fue uno de los 39 producciones seleccionadas por EBC, recibiendo un total de inversi\u00f3n de R$109.889.224,78, la mayor inversi\u00f3n jam\u00e1s realizada por el gobierno brasile\u00f1o para contenidos de televisi\u00f3n p\u00fablica. \u00abGente de Verdade\u00bb forma parte del programa PRODAV del Ministerio de Cultura (MINC) y la Agencia Nacional del Cine (ANCINE), y fue seleccionada en la categor\u00eda Sociedad y Cultura junto a otras siete producciones. La serie se desarrolla en el territorio ind\u00edgena Sete de Setembro, que abarca los estados de Rond\u00f4nia y Mato Grosso, hogar del pueblo Paiter Surui. Esta comunidad tuvo su primer contacto con personas no ind\u00edgenas hace menos de 50 a\u00f1os. Desde entonces, la comunidad ha experimentado cambios profundos: las costumbres tradicionales han deca\u00eddo, con iglesias reemplazando a los chamanes, rituales cayendo en el olvido y el idioma TupiMonde siendo olvidado por las generaciones m\u00e1s j\u00f3venes.<\/p>\n<p>\u00abGente de Verdade\u00bb sigue a cuatro individuos Surui \u2014Ubiratan, Agamenon, Celesty y Kennedy\u2014 de tres generaciones diferentes. Ellos luchan por preservar su identidad ante la presi\u00f3n del cristianismo, la vida urbana y las nuevas tecnolog\u00edas. Explorando temas como ascendencia, pertenencia y la tensi\u00f3n entre tradici\u00f3n y modernidad, esta serie de ocho episodios, cada uno de 26 minutos, est\u00e1 liderada por ind\u00edgenas, ofreciendo una perspectiva interna de la vida Surui. La trama gira en torno a un descubrimiento clave: antiguas fotograf\u00edas tomadas por un fot\u00f3grafo alem\u00e1n durante el primer encuentro de los Paiter Surui con extra\u00f1os en la d\u00e9cada de 1970. Estas im\u00e1genes encienden un debate sobre memoria, espiritualidad e identidad, cuestionando si pueden ser reinterpretadas sin violar reglas religiosas o tradiciones que proh\u00edben mencionar a los fallecidos.<\/p>\n<p>Antonia Pellegrino, anteriormente directora de Contenidos y Programaci\u00f3n de EBC, seleccion\u00f3 \u00abGente de Verdad\u00bb para TV Brasil. Crey\u00f3 que el programa ten\u00eda el potencial de ganar cualquier competencia, pero sus creadores optaron por un canal p\u00fablico para dar voz a poblaciones previamente silenciadas. Pellegrino afirm\u00f3: \u00abEsta serie finalmente pone el foco en historias que han sido ignoradas durante mucho tiempo\u00bb. La serie muestra a cuatro individuos Paiter Surui a lo largo de tres generaciones que luchan por mantener su identidad mientras navegan el cristianismo, los entornos urbanos y la tecnolog\u00eda. Filmada en la Tierra Ind\u00edgena Sete de Setembro, aborda temas como la ascendencia y el contraste entre tradici\u00f3n y modernidad, enmarcados por un archivo cuestionado de su primer contacto con extra\u00f1os en la d\u00e9cada de 1970.<\/p>\n<p>\u00abGente de Verdade,\u00bb tambi\u00e9n conocido como \u00abReal People,\u00bb destaca a cineastas ind\u00edgenas. Ubiratan Surui, un cineasta ind\u00edgena, dirige la serie documental, con la colaboraci\u00f3n en el gui\u00f3n de Natalia Tupi, una fot\u00f3grafa ind\u00edgena. La serie comparte historias directamente desde las experiencias vividas en la comunidad. Ubiratan explic\u00f3: \u00abEste proyecto trata sobre nuestra propia perspectiva. Durante siglos, las historias sobre nosotros fueron contadas por extra\u00f1os. Ahora, somos nosotros quienes las contamos\u00bb. Ambientada en el territorio ind\u00edgena Sete de Setembro de Brasil, la serie de ocho episodios explora la ascendencia y la pertenencia, equilibrando tradici\u00f3n con modernidad. Antonia Pellegrino, presidenta de EBC, alab\u00f3 el potencial del proyecto y lo seleccion\u00f3 para emitirse en televisi\u00f3n p\u00fablica para amplificar las voces de comunidades ind\u00edgenas hist\u00f3ricamente ignoradas. La emisi\u00f3n de un documental ind\u00edgena como \u00abGente de Verdade\u00bb en TV Brasil tiene una alcance nacional significativo, lo que permite una mayor comprensi\u00f3n de las historias ind\u00edgenas. Esta plataforma fomenta el di\u00e1logo, el respeto y el reconocimiento. Como Surui expres\u00f3: \u00abCuando aparecemos all\u00ed, termina la invisibilidad y hace que Brasil escuche realmente a los Pueblos Originales\u00bb.<\/p>\n<h2>Exposici\u00f3n destaca el viaje de los Paiter Surui a trav\u00e9s del objetivo<\/h2>\n<p>El a\u00f1o pasado, el Instituto Moreira Salles en S\u00e3o Paulo hosped\u00f3 una exposici\u00f3n titulada \u00abGente Verdadera\u00bb, que presentaba 800 fotograf\u00edas de la gente Paiter Surui tomadas desde que las c\u00e1maras llegaron por primera vez a su tierra en los a\u00f1os 70. La exposici\u00f3n explor\u00f3 sus historias, tradiciones y vidas cotidianas. Los detalles est\u00e1n disponibles en el sitio web del IMS. Este contenido se presenta de forma independiente y no necesariamente refleja las opiniones de Portal Uai.<\/p>\n<p><img decoding=\"async\" style=\"width: 100%\" src=\"https:\/\/ecopore.org.br\/wp-content\/uploads\/2025\/12\/image-21.png\" alt=\"\" title=\"\"><\/p>\n","protected":false},"excerpt":{"rendered":"<p>Descubre el viaje \u00fanico de la comunidad Paiter Suru\u00ed en la Amazon\u00eda brasile\u00f1a a trav\u00e9s de &#8216;Real People&#8217;, una serie documental que retrata aut\u00e9nticamente sus desaf\u00edos, tradiciones y aspiraciones, brindando voz a una comunidad hist\u00f3ricamente silenciada.<\/p>\n","protected":false},"author":27,"featured_media":142909,"comment_status":"closed","ping_status":"open","sticky":false,"template":"","format":"standard","meta":{"content-type":"","_lmt_disableupdate":"","_lmt_disable":"","movie_schema":"","tvshow_schema":"","videogame_schema":"","meta_description":"Producci\u00f3n ind\u00edgena \"Gente de Verdade\" seleccionada para TV Brasil","meta_keywords":"ind\u00edgenas amazonas, produccion audiovisual, identidad etnica, memoria cultural, cambio social","meta_author":"Leire Galindo","meta_robots":"index, follow","meta_language":"en","twitter_card":"summary_large_image","twitter_title":"\"Descubre la serie ind\u00edgena que brilla en TV Brasil\"","twitter_description":"\"Descubre c\u00f3mo la serie 'Gente de Verdade' sobre la comunidad ind\u00edgena Paiter Suru\u00ed se destaca en la selecci\u00f3n de TV Brasil. Una producci\u00f3n audiovisual sin precedentes que preserva la memoria e identidad de los Suru\u00ed ante profundos cambios en su territorio.","twitter_site":"","twitter_site_id":"","twitter_creator":"","twitter_creator_id":"","twitter_image":"https:\/\/dmp5lmf6xm59p.cloudfront.net\/121512\/montagem-paiter-surui_ims-paulista_26_1920x1280.jpg","twitter_image_alt":"","twitter_app_name_iphone":"","twitter_app_id_iphone":"","twitter_app_url_iphone":"","twitter_app_name_ipad":"","twitter_app_id_ipad":"","twitter_app_url_ipad":"","twitter_app_name_googleplay":"","twitter_app_id_googleplay":"","twitter_app_url_googleplay":"","twitter_player":"","twitter_player_width":0,"twitter_player_height":0,"twitter_player_stream":"","og_title":"\"Descubre la serie ind\u00edgena que brilla en TV Brasil\"","og_type":"article","og_url":"https:\/\/playersforlife.com\/es\/2026\/04\/27\/produccion-indigena-sobre-identidad-brilla-en-seleccion-de-tv-brasil\/","og_image":"https:\/\/dmp5lmf6xm59p.cloudfront.net\/121512\/montagem-paiter-surui_ims-paulista_26_1920x1280.jpg","og_image_secure_url":"https:\/\/dmp5lmf6xm59p.cloudfront.net\/121512\/montagem-paiter-surui_ims-paulista_26_1920x1280.jpg","og_image_type":"image\/jpeg","og_image_width":0,"og_image_height":0,"og_image_alt":"","og_description":"\"Descubre c\u00f3mo la serie 'Gente de Verdade' sobre la comunidad ind\u00edgena Paiter Suru\u00ed se destaca en la selecci\u00f3n de TV Brasil. Una producci\u00f3n audiovisual sin precedentes que preserva la memoria e identidad de los Suru\u00ed ante profundos cambios en su territorio.","og_site_name":"PlayersForLife.com","og_locale":"en_US","og_article_published_time":"2026-04-27T04:00:07","og_article_modified_time":"2026-04-27T04:00:07","og_article_author":"Leire Galindo","og_article_section":"Community","og_article_tag":["Mixed"],"og_video":"https:\/\/www.youtube.com\/embed\/HZOSBQJM1Mc","og_video_secure_url":"https:\/\/www.youtube.com\/embed\/HZOSBQJM1Mc","og_video_type":"","og_video_width":0,"og_video_height":0,"og_audio":"","og_audio_secure_url":"","og_audio_type":"","footnotes":""},"categories":[34],"tags":[43,45],"class_list":["post-142922","post","type-post","status-publish","format-standard","has-post-thumbnail","hentry","category-community","tag-adventure","tag-mixed"],"lang":"es","original_post_id":null,"featured_image_urls":{"full":["https:\/\/playersforlife.com\/wp-content\/uploads\/2026\/04\/image_2026-04-Apr-27-2026_00-09-49.jpg",1200,733,false],"thumbnail":["https:\/\/playersforlife.com\/wp-content\/uploads\/2026\/04\/image_2026-04-Apr-27-2026_00-09-49-150x150.jpg",150,150,true],"medium":["https:\/\/playersforlife.com\/wp-content\/uploads\/2026\/04\/image_2026-04-Apr-27-2026_00-09-49-300x183.jpg",300,183,true],"medium_large":["https:\/\/playersforlife.com\/wp-content\/uploads\/2026\/04\/image_2026-04-Apr-27-2026_00-09-49-768x469.jpg",768,469,true],"large":["https:\/\/playersforlife.com\/wp-content\/uploads\/2026\/04\/image_2026-04-Apr-27-2026_00-09-49-1024x625.jpg",1024,625,true],"1536x1536":["https:\/\/playersforlife.com\/wp-content\/uploads\/2026\/04\/image_2026-04-Apr-27-2026_00-09-49.jpg",1200,733,false],"2048x2048":["https:\/\/playersforlife.com\/wp-content\/uploads\/2026\/04\/image_2026-04-Apr-27-2026_00-09-49.jpg",1200,733,false],"penci-single-full":["https:\/\/playersforlife.com\/wp-content\/uploads\/2026\/04\/image_2026-04-Apr-27-2026_00-09-49.jpg",1200,733,false],"penci-slider-full-thumb":["https:\/\/playersforlife.com\/wp-content\/uploads\/2026\/04\/image_2026-04-Apr-27-2026_00-09-49.jpg",1200,733,false],"penci-full-thumb":["https:\/\/playersforlife.com\/wp-content\/uploads\/2026\/04\/image_2026-04-Apr-27-2026_00-09-49-1170x715.jpg",1170,715,true],"penci-slider-thumb":["https:\/\/playersforlife.com\/wp-content\/uploads\/2026\/04\/image_2026-04-Apr-27-2026_00-09-49-1170x663.jpg",1170,663,true],"penci-magazine-slider":["https:\/\/playersforlife.com\/wp-content\/uploads\/2026\/04\/image_2026-04-Apr-27-2026_00-09-49-780x516.jpg",780,516,true],"penci-thumb":["https:\/\/playersforlife.com\/wp-content\/uploads\/2026\/04\/image_2026-04-Apr-27-2026_00-09-49-585x390.jpg",585,390,true],"penci-masonry-thumb":["https:\/\/playersforlife.com\/wp-content\/uploads\/2026\/04\/image_2026-04-Apr-27-2026_00-09-49-585x357.jpg",585,357,true],"penci-thumb-square":["https:\/\/playersforlife.com\/wp-content\/uploads\/2026\/04\/image_2026-04-Apr-27-2026_00-09-49-585x585.jpg",585,585,true],"penci-thumb-vertical":["https:\/\/playersforlife.com\/wp-content\/uploads\/2026\/04\/image_2026-04-Apr-27-2026_00-09-49-480x650.jpg",480,650,true],"penci-thumb-small":["https:\/\/playersforlife.com\/wp-content\/uploads\/2026\/04\/image_2026-04-Apr-27-2026_00-09-49-263x175.jpg",263,175,true],"penci-recipe-1200x1200":["https:\/\/playersforlife.com\/wp-content\/uploads\/2026\/04\/image_2026-04-Apr-27-2026_00-09-49.jpg",1200,733,false],"penci-recipe-1200x900":["https:\/\/playersforlife.com\/wp-content\/uploads\/2026\/04\/image_2026-04-Apr-27-2026_00-09-49.jpg",1200,733,false],"penci-recipe-1200x675":["https:\/\/playersforlife.com\/wp-content\/uploads\/2026\/04\/image_2026-04-Apr-27-2026_00-09-49-1200x675.jpg",1200,675,true]},"author_info":{"info":["Leire Galindo"]},"category_info":"<a href=\"https:\/\/playersforlife.com\/category\/community\/\" rel=\"category tag\">Community<\/a>","tag_info":"Community","comment_count":"0","_links":{"self":[{"href":"https:\/\/playersforlife.com\/es\/wp-json\/wp\/v2\/posts\/142922","targetHints":{"allow":["GET"]}}],"collection":[{"href":"https:\/\/playersforlife.com\/es\/wp-json\/wp\/v2\/posts"}],"about":[{"href":"https:\/\/playersforlife.com\/es\/wp-json\/wp\/v2\/types\/post"}],"author":[{"embeddable":true,"href":"https:\/\/playersforlife.com\/es\/wp-json\/wp\/v2\/users\/27"}],"replies":[{"embeddable":true,"href":"https:\/\/playersforlife.com\/es\/wp-json\/wp\/v2\/comments?post=142922"}],"version-history":[{"count":1,"href":"https:\/\/playersforlife.com\/es\/wp-json\/wp\/v2\/posts\/142922\/revisions"}],"predecessor-version":[{"id":142923,"href":"https:\/\/playersforlife.com\/es\/wp-json\/wp\/v2\/posts\/142922\/revisions\/142923"}],"wp:featuredmedia":[{"embeddable":true,"href":"https:\/\/playersforlife.com\/es\/wp-json\/wp\/v2\/media\/142909"}],"wp:attachment":[{"href":"https:\/\/playersforlife.com\/es\/wp-json\/wp\/v2\/media?parent=142922"}],"wp:term":[{"taxonomy":"category","embeddable":true,"href":"https:\/\/playersforlife.com\/es\/wp-json\/wp\/v2\/categories?post=142922"},{"taxonomy":"post_tag","embeddable":true,"href":"https:\/\/playersforlife.com\/es\/wp-json\/wp\/v2\/tags?post=142922"}],"curies":[{"name":"wp","href":"https:\/\/api.w.org\/{rel}","templated":true}]}}