{"id":127481,"date":"2026-03-15T06:00:43","date_gmt":"2026-03-15T06:00:43","guid":{"rendered":"https:\/\/playersforlife.com\/2026\/03\/15\/el-agente-secreto-revela-la-historia-de-la-dictadura-a-traves-de-un-policia-y-un-testigo\/"},"modified":"2026-03-15T06:18:25","modified_gmt":"2026-03-15T06:18:25","slug":"el-agente-secreto-revela-la-historia-de-la-dictadura-a-traves-de-un-policia-y-un-testigo","status":"publish","type":"post","link":"https:\/\/playersforlife.com\/es\/2026\/03\/15\/el-agente-secreto-revela-la-historia-de-la-dictadura-a-traves-de-un-policia-y-un-testigo\/","title":{"rendered":"El Agente Secreto Revela la Historia de la Dictadura a Trav\u00e9s de un Policia y un Testigo"},"content":{"rendered":"<p><div class=\"key-takeaways\"><h3>Puntos clave<\/h3><p>Creado con IA - todav\u00eda estamos experimentando, as\u00ed que disculpa si no cumple con tus expectativas.<\/p><ul><li style=\"margin-bottom: 8px;\">La pel\u00edcula El agente secreto ilumina la dictadura militar de Brasil en los a\u00f1os 1970 y 1980, destacando c\u00f3mo las historias sensacionalistas de los medios de comunicaci\u00f3n eclipsaron importantes narrativas como la de Marcelo (interpretado por Wagner Moura).<\/li><li style=\"margin-bottom: 8px;\">La pel\u00edcula retrata las luchas de personas comunes viviendo bajo una dictadura militar, pero tambi\u00e9n muestra momentos de conexi\u00f3n y alegr\u00eda en medio de las dificultades.<\/li><li style=\"margin-bottom: 8px;\">Las interpretaciones de Wagner Moura y Fernanda Torres en El agente secreto y Maria Fernanda Candido en Todav\u00eda estoy aqu\u00ed ofrecen una visi\u00f3n descarnada del pasado m\u00e1s oscuro de Brasil, pero tambi\u00e9n sugieren la posibilidad de un futuro m\u00e1s brillante.<\/li><li style=\"margin-bottom: 8px;\">Todav\u00eda estoy aqu\u00ed, otra pel\u00edcula discutida, relata las experiencias de la familia Rubens y Eunice Paiva durante la dictadura militar brasile\u00f1a, ambientada en Recife, dando vida a lo que fue vivir en el noreste durante ese per\u00edodo.<\/li><\/ul><\/div><br \/>\n<h3>Recommended products<\/h3><p class=\"aws-affiliate-disclaimer\">This page contains affiliate links. As an Amazon Associate, we earn a commission from purchases made through these links.<\/p><div class=\"aws-product-grid\"><div class=\"aws-product-card\"><div class=\"aws-product-image\"><a href=\"https:\/\/www.amazon.com\/Pack-World-Poster-Chart-Laminated\/dp\/B0981CVPR5\/ref=sr_1_1?tag=playersforlif-20\" target=\"_blank\" rel=\"nofollow noopener noreferrer\"><img decoding=\"async\" src=\"https:\/\/m.media-amazon.com\/images\/I\/A1aLNThapcS._AC_SY450_.jpg\" alt=\"2 Pack - World Map Poster &amp; USA Map Chart Tan\/Color (LAMINATED, 18\u201d x 29\u201d)\" title=\"\"><\/a><\/div><div class=\"aws-product-content\"><h4><a href=\"https:\/\/www.amazon.com\/Pack-World-Poster-Chart-Laminated\/dp\/B0981CVPR5\/ref=sr_1_1?tag=playersforlif-20\" target=\"_blank\" rel=\"nofollow noopener noreferrer\">2 Pack - World Map Poster &amp; USA Map Chart Tan\/Color (LAMINATED, 18\u201d x 29\u201d)<\/a><\/h4><div class=\"aws-product-prices\"><span class=\"aws-current-price\">$11.97<\/span><\/div><\/div><\/div><div class=\"aws-product-card\"><div class=\"aws-product-image\"><a href=\"https:\/\/www.amazon.com\/Historical-Poster-Native-American-Languages\/dp\/B08MDDSL87\/ref=sr_1_2?tag=playersforlif-20\" target=\"_blank\" rel=\"nofollow noopener noreferrer\"><img decoding=\"async\" src=\"https:\/\/m.media-amazon.com\/images\/I\/91Q5mEem7UL._AC_SX679_.jpg\" alt=\"1650 US Native American Tribes Map Indian Languages - Linguistic Stocks Poster Historical Poster Unframed - Social Studies Classroom Decorations (23x31)\" title=\"\"><\/a><\/div><div class=\"aws-product-content\"><h4><a href=\"https:\/\/www.amazon.com\/Historical-Poster-Native-American-Languages\/dp\/B08MDDSL87\/ref=sr_1_2?tag=playersforlif-20\" target=\"_blank\" rel=\"nofollow noopener noreferrer\">1650 US Native American Tribes Map Indian Languages - Linguistic Stocks Poster Historical Poster Unframed - Social Studies Classroom Decorations (23x31)<\/a><\/h4><div class=\"aws-product-prices\"><span class=\"aws-current-price\">$28.51<\/span><\/div><\/div><\/div><div class=\"aws-product-card\"><div class=\"aws-product-image\"><a href=\"https:\/\/www.amazon.com\/Civil-Battle-1861-1865-Replica-Document\/dp\/B002V020A0\/ref=sr_1_3?tag=playersforlif-20\" target=\"_blank\" rel=\"nofollow noopener noreferrer\"><img decoding=\"async\" src=\"https:\/\/m.media-amazon.com\/images\/I\/81lkdvP8rXL._AC_SX466_.jpg\" alt=\"Civil War Battle Map 1861-1865 Replica Document, Greyscale, 14 x 16 inches\" title=\"\"><\/a><\/div><div class=\"aws-product-content\"><h4><a href=\"https:\/\/www.amazon.com\/Civil-Battle-1861-1865-Replica-Document\/dp\/B002V020A0\/ref=sr_1_3?tag=playersforlif-20\" target=\"_blank\" rel=\"nofollow noopener noreferrer\">Civil War Battle Map 1861-1865 Replica Document, Greyscale, 14 x 16 inches<\/a><\/h4><div class=\"aws-product-prices\"><span class=\"aws-current-price\">$14.99<\/span><\/div><\/div><\/div><\/div>\n        <style>\n            .aws-affiliate-disclaimer {\n                font-size: 13px;\n                color: #666;\n                margin: 4px 0 16px 0;\n            }\n\n            .aws-product-grid {\n                display: grid;\n                grid-template-columns: repeat(3, 1fr);\n                gap: 20px;\n                margin: 20px 0;\n            }\n            \n            .aws-product-card {\n                border: 1px solid #e0e0e0;\n                border-radius: 8px;\n                overflow: hidden;\n                background: #fff;\n                box-shadow: 0 2px 4px rgba(0,0,0,0.1);\n                transition: transform 0.2s ease, box-shadow 0.2s ease;\n                position: relative;\n            }\n            \n            .aws-product-card:hover {\n                transform: translateY(-2px);\n                box-shadow: 0 4px 8px rgba(0,0,0,0.15);\n            }\n            \n            .aws-discount-badge {\n                position: absolute;\n                top: 10px;\n                right: 10px;\n                background: #ff4444;\n                color: white;\n                padding: 4px 8px;\n                border-radius: 4px;\n                font-size: 12px;\n                font-weight: bold;\n                z-index: 2;\n            }\n            \n            .aws-product-image {\n                width: 100%;\n                height: 200px;\n                overflow: hidden;\n                background: #f5f5f5;\n            }\n            \n            .aws-product-image img {\n                width: 100%;\n                height: 100%;\n                object-fit: contain;\n                transition: transform 0.2s ease;\n            }\n            \n            .aws-product-image:hover img {\n                transform: scale(1.05);\n            }\n            \n            .aws-product-image a {\n                display: block;\n                width: 100%;\n                height: 100%;\n            }\n            \n            .aws-product-content {\n                padding: 15px;\n            }\n            \n            .aws-product-content h4 {\n                margin: 0 0 10px 0;\n                font-size: 16px;\n                line-height: 1.3;\n            }\n            \n            .aws-product-content h4 a {\n                color: #333;\n                text-decoration: none;\n                transition: color 0.2s ease;\n            }\n            \n            .aws-product-content h4 a:hover {\n                color: #0073aa;\n            }\n            \n            .aws-product-prices {\n                display: flex;\n                align-items: center;\n                gap: 8px;\n                font-weight: bold;\n            }\n            \n            .aws-original-price {\n                text-decoration: line-through;\n                color: #999;\n                font-size: 14px;\n            }\n            \n            .aws-discounted-price {\n                color: #ff4444;\n                font-size: 16px;\n            }\n            \n            .aws-current-price {\n                color: #333;\n                font-size: 16px;\n            }\n            \n            \/* Tablet styles - 2 columns *\/\n            @media (max-width: 768px) {\n                .aws-product-grid {\n                    grid-template-columns: repeat(2, 1fr);\n                    gap: 15px;\n                }\n                \n                .aws-product-image {\n                    height: 180px;\n                }\n            }\n            \n            \/* Mobile styles - 1 column *\/\n            @media (max-width: 480px) {\n                .aws-product-grid {\n                    grid-template-columns: 1fr;\n                    gap: 15px;\n                }\n                \n                .aws-product-image {\n                    height: 220px;\n                }\n                \n                .aws-product-content {\n                    padding: 12px;\n                }\n            }\n        <\/style><\/p>\n<p>Como editor jefe, Pedro Zambarda, a\u00fan estoy aqu\u00ed en 2025 y es posible que esta Sunday (el 15 de febrero) logremos el primer Oscar de Brasil. Still Here narra las experiencias de la familia Rubens y Eunice Paiva durante la dictadura militar. Aunque la historia es t\u00edpica de R\u00edo de Janeiro y S\u00e3o Paulo, se desarrolla en Recife, brindando vida a lo que fue vivir en el Noreste durante ese per\u00edodo.<\/p>\n<p>En \u00abEl Agente Secreto\u00bb, su quinta pel\u00edcula, Kleber Mendon\u00e7a Filho utiliza la cultura popular de Recife para destacar c\u00f3mo las historias sensacionalistas de los medios eclipsan importantes narrativas como la de Marcelo. La pel\u00edcula sugiere que la obsesi\u00f3n de los medios con historias superficiales distrae de las experiencias de aquellos como Marcelo. Wagner Moura entrega una interpretaci\u00f3n convincente como Marcelo, quien en realidad es Armando, un profesor universitario con una patente industrial. La pel\u00edcula muestra c\u00f3mo el apoyo de los intereses empresariales ayud\u00f3 a la dictadura militar brasile\u00f1a a privatizar brutalmente servicios, lo que inaugur\u00f3 el auge del neoliberalismo en las d\u00e9cadas de 1990 y 2000. Por mantenerse firme, Armando es etiquetado como comunista, pierde a su esposa y es separado de su hijo Fernando (tambi\u00e9n interpretado por Moura). Marcelo, el agente secreto titular, encuentra aceptaci\u00f3n con Do\u00f1a Sebastiana, una comprometida izquierdista (interpretada por Tania Maria, quien gan\u00f3 la portada de Elle por el papel). La pel\u00edcula explora el tema del patriotismo oculto en contraste con las demostraciones expl\u00edcitas de figuras militares desde 1977 y los partidarios de presidentes como Ernesto Geisel.<\/p>\n<h2>Revelando la Resistencia Oculta de Brasil bajo la Dictadura a Trav\u00e9s de las Interpretaciones Estelares de Moura y Torres<\/h2>\n<p>El Agente Secreto mantiene un ritmo narrativo deliberado. El tel\u00f3n de fondo de una dictadura militar est\u00e1 siempre presente, apareciendo en carteles por toda Recife, en las p\u00e1ginas del peri\u00f3dico m\u00e1s antiguo de Brasil, Diario de Pernambuco, y dentro de la estaci\u00f3n de polic\u00eda donde el agente secreto busca pasar desapercibido. La pel\u00edcula incluye una escena particularmente intensa que cuenta las experiencias de personas comunes viviendo bajo una dictadura militar, mostrando c\u00f3mo a\u00fan encontraban momentos de conexi\u00f3n y alegr\u00eda en medio de las luchas de la \u00e9poca. La pel\u00edcula es claramente de izquierdas, destacando historias subrepresentadas. Wagner Moura entrega una interpretaci\u00f3n estelar, al igual que Fernanda Torres en Todav\u00eda Estoy Aqu\u00ed, por fin sacando a la luz el oscuro pasado de Brasil. Aunque el papel de Maria Fernanda Candido podr\u00eda haber sido m\u00e1s impactante, estas interpretaciones ofrecen una imagen Impactante de la historia m\u00e1s oscura de Brasil, mientras still sugiriendo la posibilidad de un futuro m\u00e1s brillante.<\/p>\n<h2>Por si te lo perdiste<\/h2>\n<p>En una exclusiva para cin\u00e9filos, Carlos Mendoza recientemente escribi\u00f3 \u00abOscar en Samsung TV Plus: Omelete TV emite entrevista exclusiva con el elenco de &#8216;The Secret Agent'\u00bb, donde se sumerge en la magia detr\u00e1s de escena de la pel\u00edcula nominada. Sintonice este s\u00e1bado a las 6 pm, mientras Omelete TV en Samsung TV Plus estrena una entrevista exclusiva que incluye al director Kleber Mendon\u00e7a Filho, actor Wagner Moura, productor Emilie Lesclaux y director de elenco Gabriel Domingues. \u00a1No se la pierda! Vealo aqu\u00ed: (<a href=\"https:\/\/playersforlife.com\/fr\/2026\/03\/13\/interview-exclusive-avec-la-distribution-de-the-secret-agent-a-ne-pas-manquer-avant-les-oscars-sur-samsung-tv-plus\/\" target=\"_blank\" rel=\"noopener noreferrer\">Interview exclusive avec la distribution de The Secret Agent : \u00e0 ne pas manquer avant les Oscars sur Samsung TV Plus<\/a>). A medida que navegamos por la fiebre cinem<\/p>\n<p><iframe title=\"THE SECRET AGENT Official Trailer (2025)\" width=\"1170\" height=\"658\" src=\"https:\/\/www.youtube.com\/embed\/9O6Ujpqnmi0?feature=oembed\" frameborder=\"0\" allow=\"accelerometer; autoplay; clipboard-write; encrypted-media; gyroscope; picture-in-picture; web-share\" referrerpolicy=\"strict-origin-when-cross-origin\" allowfullscreen><\/iframe><br \/>\n<div class=\"specifications\"><h2><\/h2><p class=\"specifications__disclaimer\"><\/p><div class=\"pcrstb-wrap\"><table class=\"specifications__table\"><thead><tr><th class=\"specifications__key-header\">Specification<\/th><th class=\"specifications__value-header\"><\/th><\/tr><\/thead><tbody><tr class=\"specifications__row\" data-index=\"1\"><td class=\"specifications__key\">Official Name<\/td><td class=\"specifications__value\">The Secret Agent<\/td><\/tr><tr class=\"specifications__row\" data-index=\"2\"><td class=\"specifications__key\">Brief Summary<\/td><td class=\"specifications__value\">Brazil, 1977. Marcelo, a technology expert in his early 40s, is on the run. Hoping to reunite with his son, he travels to Recife during Carnival but soon realizes that the city is not the safe haven he was expecting.<\/td><\/tr><tr class=\"specifications__row\" data-index=\"3\"><td class=\"specifications__key\">Released<\/td><td class=\"specifications__value\">July 23, 2025<\/td><\/tr><tr class=\"specifications__row\" data-index=\"4\"><td class=\"specifications__key\">Duration<\/td><td class=\"specifications__value\">161 minutes<\/td><\/tr><tr class=\"specifications__row\" data-index=\"5\"><td class=\"specifications__key\">Genre<\/td><td class=\"specifications__value\">Crime, Drama, Thriller<\/td><\/tr><tr class=\"specifications__row\" data-index=\"6\"><td class=\"specifications__key\">Production Companies<\/td><td class=\"specifications__value\">Lemming Film, One Two Films, CinemaSc\u00f3pio, ARTE France Cin\u00e9ma, MK Productions, Primo Content, Ag\u00eancia Nacional do Cinema - ANCINE, Banco Regional de Desenvolvimento do Extremo Sul, Fundo Setorial do Audiovisual<\/td><\/tr><tr class=\"specifications__row\" data-index=\"7\"><td class=\"specifications__key\">Countries of Origin<\/td><td class=\"specifications__value\">BR<\/td><\/tr><tr class=\"specifications__row\" data-index=\"8\"><td class=\"specifications__key\">Actors<\/td><td class=\"specifications__value\">Wagner Moura, T\u00e2nia Maria, Alice Carvalho, Maria Fernanda C\u00e2ndido, Gabriel Leone, Udo Kier, Carlos Francisco, Thom\u00e1s Aquino, Hermila Guedes, Rob\u00e9rio Di\u00f3genes, Roney Villela, Isab\u00e9l Zuaa, Isadora Ruppert, Laura Luf\u00e9si, Igor de Ara\u00fajo, \u00cdtalo Martins, Jo\u00e3o Vitor Silva, Luciano Chirolli, Geane Albuquerque, Aline Marta Maia, Fafa Dantas, Suzy Lopes, Gregorio Graziosi, Jo\u00e1lisson Cunha, Buda Lira, Wilson Rabelo, Erivaldo Oliveira, Enzo Nunes, M\u00e1rcio De Paula, Fabiana Pirro, Rubens Santos, Kaiony Ven\u00e2ncio, Lic\u00ednio Janu\u00e1rio, Marcelo Valle, Robson Andrade, Albert Tenorio, Edilson Silva, Nivaldo Nascimento, Cely Farias, Beto Quirino, Mariza Moreira, Alexis Geller, Anjoum Noorani<\/td><\/tr><tr class=\"specifications__row\" data-index=\"9\"><td class=\"specifications__key\">Director<\/td><td class=\"specifications__value\">Kleber Mendon\u00e7a Filho<\/td><\/tr><tr class=\"specifications__row\" data-index=\"10\"><td class=\"specifications__key\">Authors<\/td><td class=\"specifications__value\">Kleber Mendon\u00e7a Filho<\/td><\/tr><tr class=\"specifications__row\" data-index=\"11\"><td class=\"specifications__key\">Producers<\/td><td class=\"specifications__value\">Kleber Mendon\u00e7a Filho, Emilie Lesclaux, Winston Ara\u00fajo<\/td><\/tr><tr class=\"specifications__row\" data-index=\"12\"><td class=\"specifications__key\">Ratings<\/td><td class=\"specifications__value\">7.348\/10 (499 reviews)<\/td><\/tr><tr class=\"specifications__row\" data-index=\"13\"><td class=\"specifications__key\">Homepage<\/td><td class=\"specifications__value\">https:\/\/www.neonrated.com\/film\/the-secret-agent<\/td><\/tr><\/tbody><\/table><\/div><\/div><\/p>\n","protected":false},"excerpt":{"rendered":"<p>Esta pel\u00edcula apasionante, El agente secreto, dirigida por Kleber Mendon\u00e7a Filho en 2025, da vida magistralmente a un cap\u00edtulo menos conocido pero crucial de la historia de Brasil, ofreciendo al p\u00fablico una exploraci\u00f3n provocadora de la identidad, la resistencia y la soberan\u00eda durante la era de la dictadura militar del pa\u00eds.<\/p>\n","protected":false},"author":24,"featured_media":127467,"comment_status":"closed","ping_status":"open","sticky":false,"template":"","format":"standard","meta":{"content-type":"","_lmt_disableupdate":"","_lmt_disable":"","movie_schema":"{\"url\":\"https:\/\/www.neonrated.com\/film\/the-secret-agent\",\"name\":\"The Secret Agent\",\"@type\":\"Movie\",\"actor\":[{\"name\":\"Wagner Moura\",\"@type\":\"Person\"},{\"name\":\"T\u00e2nia Maria\",\"@type\":\"Person\"},{\"name\":\"Alice Carvalho\",\"@type\":\"Person\"},{\"name\":\"Maria Fernanda C\u00e2ndido\",\"@type\":\"Person\"},{\"name\":\"Gabriel Leone\",\"@type\":\"Person\"},{\"name\":\"Udo Kier\",\"@type\":\"Person\"},{\"name\":\"Carlos Francisco\",\"@type\":\"Person\"},{\"name\":\"Thom\u00e1s Aquino\",\"@type\":\"Person\"},{\"name\":\"Hermila Guedes\",\"@type\":\"Person\"},{\"name\":\"Rob\u00e9rio Di\u00f3genes\",\"@type\":\"Person\"},{\"name\":\"Roney Villela\",\"@type\":\"Person\"},{\"name\":\"Isab\u00e9l Zuaa\",\"@type\":\"Person\"},{\"name\":\"Isadora Ruppert\",\"@type\":\"Person\"},{\"name\":\"Laura Luf\u00e9si\",\"@type\":\"Person\"},{\"name\":\"Igor de Ara\u00fajo\",\"@type\":\"Person\"},{\"name\":\"\u00cdtalo Martins\",\"@type\":\"Person\"},{\"name\":\"Jo\u00e3o Vitor Silva\",\"@type\":\"Person\"},{\"name\":\"Luciano Chirolli\",\"@type\":\"Person\"},{\"name\":\"Geane Albuquerque\",\"@type\":\"Person\"},{\"name\":\"Aline Marta Maia\",\"@type\":\"Person\"},{\"name\":\"Fafa Dantas\",\"@type\":\"Person\"},{\"name\":\"Suzy Lopes\",\"@type\":\"Person\"},{\"name\":\"Gregorio Graziosi\",\"@type\":\"Person\"},{\"name\":\"Jo\u00e1lisson Cunha\",\"@type\":\"Person\"},{\"name\":\"Buda Lira\",\"@type\":\"Person\"},{\"name\":\"Wilson Rabelo\",\"@type\":\"Person\"},{\"name\":\"Erivaldo Oliveira\",\"@type\":\"Person\"},{\"name\":\"Enzo Nunes\",\"@type\":\"Person\"},{\"name\":\"M\u00e1rcio De Paula\",\"@type\":\"Person\"},{\"name\":\"Fabiana Pirro\",\"@type\":\"Person\"},{\"name\":\"Rubens Santos\",\"@type\":\"Person\"},{\"name\":\"Kaiony Ven\u00e2ncio\",\"@type\":\"Person\"},{\"name\":\"Lic\u00ednio Janu\u00e1rio\",\"@type\":\"Person\"},{\"name\":\"Marcelo Valle\",\"@type\":\"Person\"},{\"name\":\"Robson Andrade\",\"@type\":\"Person\"},{\"name\":\"Albert Tenorio\",\"@type\":\"Person\"},{\"name\":\"Edilson Silva\",\"@type\":\"Person\"},{\"name\":\"Nivaldo Nascimento\",\"@type\":\"Person\"},{\"name\":\"Cely Farias\",\"@type\":\"Person\"},{\"name\":\"Beto Quirino\",\"@type\":\"Person\"},{\"name\":\"Mariza Moreira\",\"@type\":\"Person\"},{\"name\":\"Alexis Geller\",\"@type\":\"Person\"},{\"name\":\"Anjoum Noorani\",\"@type\":\"Person\"}],\"genre\":[\"Crime\",\"Drama\",\"Thriller\"],\"image\":\"https:\/\/image.tmdb.org\/t\/p\/original\/rZqolYhxMEe6TZZTjSmFw9crDTD.jpg\",\"author\":[{\"name\":\"Kleber Mendon\u00e7a Filho\",\"@type\":\"Person\"}],\"trailer\":[{\"url\":\"https:\/\/www.youtube.com\/watch?v=9UfrzDKrhEc\",\"name\":\"Official Trailer [Subtitled]\",\"@type\":\"VideoObject\"}],\"@context\":\"https:\/\/schema.org\",\"director\":[{\"name\":\"Kleber Mendon\u00e7a Filho\",\"@type\":\"Person\"}],\"duration\":\"PT161M\",\"producer\":[{\"name\":\"Kleber Mendon\u00e7a Filho\",\"@type\":\"Person\"},{\"name\":\"Emilie Lesclaux\",\"@type\":\"Person\"},{\"name\":\"Winston Ara\u00fajo\",\"@type\":\"Person\"}],\"identifier\":[{\"name\":\"TMDB ID\",\"@type\":\"PropertyValue\",\"value\":\"1220564\"},{\"name\":\"IMDB ID\",\"@type\":\"PropertyValue\",\"value\":\"tt27847051\"}],\"inLanguage\":\"pt\",\"description\":\"Brazil, 1977. Marcelo, a technology expert in his early 40s, is on the run. Hoping to reunite with his son, he travels to Recife during Carnival but soon realizes that the city is not the safe haven he was expecting.\",\"alternateName\":\"O Agente Secreto\",\"datePublished\":\"2025-07-23\",\"aggregateRating\":{\"@type\":\"AggregateRating\",\"bestRating\":10,\"ratingCount\":499,\"ratingValue\":7.348},\"countryOfOrigin\":[{\"name\":\"BR\",\"@type\":\"Country\"}],\"productionCompany\":[{\"name\":\"Lemming Film\",\"@type\":\"Organization\"},{\"name\":\"One Two Films\",\"@type\":\"Organization\"},{\"name\":\"CinemaSc\u00f3pio\",\"@type\":\"Organization\"},{\"name\":\"ARTE France Cin\u00e9ma\",\"@type\":\"Organization\"},{\"name\":\"MK Productions\",\"@type\":\"Organization\"},{\"name\":\"Primo Content\",\"@type\":\"Organization\"},{\"name\":\"Ag\u00eancia Nacional do Cinema - ANCINE\",\"@type\":\"Organization\"},{\"name\":\"Banco Regional de Desenvolvimento do Extremo Sul\",\"@type\":\"Organization\"},{\"name\":\"Fundo Setorial do Audiovisual\",\"@type\":\"Organization\"}]}","tvshow_schema":"","videogame_schema":"","meta_description":"\"Descubre c\u00f3mo 'El Agente Secreto' revela la historia de la dictadura a trav\u00e9s de un polic\u00eda y un testigo.\"","meta_keywords":"agente.secreto, dictadura.brazil, film.mendonca.filho, historia.resistencia, wagner.moura","meta_author":"Iago Bermejo","meta_robots":"index, follow","meta_language":"en","twitter_card":"summary_large_image","twitter_title":"El Agente Secreto Revela la Historia de la Dictadura a Trav\u00e9s de un Policia y un Testigo","twitter_description":"\"Descubre c\u00f3mo un polic\u00eda y un testigo desentra\u00f1an la verdad detr\u00e1s de una dictadura brutal en esta pel\u00edcula nominada al Oscar brasile\u00f1o. \u00a1No te pierdas 'El Agente Secreto'!\"","twitter_site":"","twitter_site_id":"","twitter_creator":"","twitter_creator_id":"","twitter_image":"https:\/\/imagens.ebc.com.br\/CldcZVfSUaEiKLRJZbCNif2kHrU=\/1170x700\/smart\/https:\/\/agenciabrasil.ebc.com.br\/sites\/default\/files\/thumbnails\/image\/2025\/04\/10\/agente_secreto.jpg?itok=OHtTgOUg","twitter_image_alt":"","twitter_app_name_iphone":"","twitter_app_id_iphone":"","twitter_app_url_iphone":"","twitter_app_name_ipad":"","twitter_app_id_ipad":"","twitter_app_url_ipad":"","twitter_app_name_googleplay":"","twitter_app_id_googleplay":"","twitter_app_url_googleplay":"","twitter_player":"","twitter_player_width":0,"twitter_player_height":0,"twitter_player_stream":"","og_title":"El Agente Secreto Revela la Historia de la Dictadura a Trav\u00e9s de un Policia y un Testigo","og_type":"article","og_url":"https:\/\/playersforlife.com\/es\/2026\/03\/15\/el-agente-secreto-revela-la-historia-de-la-dictadura-a-traves-de-un-policia-y-un-testigo\/","og_image":"https:\/\/imagens.ebc.com.br\/CldcZVfSUaEiKLRJZbCNif2kHrU=\/1170x700\/smart\/https:\/\/agenciabrasil.ebc.com.br\/sites\/default\/files\/thumbnails\/image\/2025\/04\/10\/agente_secreto.jpg?itok=OHtTgOUg","og_image_secure_url":"https:\/\/imagens.ebc.com.br\/CldcZVfSUaEiKLRJZbCNif2kHrU=\/1170x700\/smart\/https:\/\/agenciabrasil.ebc.com.br\/sites\/default\/files\/thumbnails\/image\/2025\/04\/10\/agente_secreto.jpg?itok=OHtTgOUg","og_image_type":"image\/jpeg","og_image_width":0,"og_image_height":0,"og_image_alt":"","og_description":"\"Descubre c\u00f3mo un polic\u00eda y un testigo desentra\u00f1an la verdad detr\u00e1s de una dictadura brutal en esta pel\u00edcula nominada al Oscar brasile\u00f1o. \u00a1No te pierdas 'El Agente Secreto'!\"","og_site_name":"PlayersForLife.com","og_locale":"en_US","og_article_published_time":"2026-03-15T06:00:43","og_article_modified_time":"2026-03-15T06:00:43","og_article_author":"Iago Bermejo","og_article_section":"Movies","og_article_tag":[],"og_video":"https:\/\/www.youtube.com\/embed\/9O6Ujpqnmi0","og_video_secure_url":"https:\/\/www.youtube.com\/embed\/9O6Ujpqnmi0","og_video_type":"","og_video_width":0,"og_video_height":0,"og_audio":"","og_audio_secure_url":"","og_audio_type":"","footnotes":""},"categories":[54],"tags":[],"class_list":["post-127481","post","type-post","status-publish","format-standard","has-post-thumbnail","hentry","category-movies"],"lang":"es","original_post_id":null,"featured_image_urls":{"full":["https:\/\/playersforlife.com\/wp-content\/uploads\/2026\/03\/image_2026-03-Mar-15-2026_02-11-54.jpg",770,433,false],"thumbnail":["https:\/\/playersforlife.com\/wp-content\/uploads\/2026\/03\/image_2026-03-Mar-15-2026_02-11-54-150x150.jpg",150,150,true],"medium":["https:\/\/playersforlife.com\/wp-content\/uploads\/2026\/03\/image_2026-03-Mar-15-2026_02-11-54-300x169.jpg",300,169,true],"medium_large":["https:\/\/playersforlife.com\/wp-content\/uploads\/2026\/03\/image_2026-03-Mar-15-2026_02-11-54-768x432.jpg",768,432,true],"large":["https:\/\/playersforlife.com\/wp-content\/uploads\/2026\/03\/image_2026-03-Mar-15-2026_02-11-54.jpg",770,433,false],"1536x1536":["https:\/\/playersforlife.com\/wp-content\/uploads\/2026\/03\/image_2026-03-Mar-15-2026_02-11-54.jpg",770,433,false],"2048x2048":["https:\/\/playersforlife.com\/wp-content\/uploads\/2026\/03\/image_2026-03-Mar-15-2026_02-11-54.jpg",770,433,false],"penci-single-full":["https:\/\/playersforlife.com\/wp-content\/uploads\/2026\/03\/image_2026-03-Mar-15-2026_02-11-54.jpg",770,433,false],"penci-slider-full-thumb":["https:\/\/playersforlife.com\/wp-content\/uploads\/2026\/03\/image_2026-03-Mar-15-2026_02-11-54.jpg",770,433,false],"penci-full-thumb":["https:\/\/playersforlife.com\/wp-content\/uploads\/2026\/03\/image_2026-03-Mar-15-2026_02-11-54.jpg",770,433,false],"penci-slider-thumb":["https:\/\/playersforlife.com\/wp-content\/uploads\/2026\/03\/image_2026-03-Mar-15-2026_02-11-54.jpg",770,433,false],"penci-magazine-slider":["https:\/\/playersforlife.com\/wp-content\/uploads\/2026\/03\/image_2026-03-Mar-15-2026_02-11-54.jpg",770,433,false],"penci-thumb":["https:\/\/playersforlife.com\/wp-content\/uploads\/2026\/03\/image_2026-03-Mar-15-2026_02-11-54-585x390.jpg",585,390,true],"penci-masonry-thumb":["https:\/\/playersforlife.com\/wp-content\/uploads\/2026\/03\/image_2026-03-Mar-15-2026_02-11-54-585x329.jpg",585,329,true],"penci-thumb-square":["https:\/\/playersforlife.com\/wp-content\/uploads\/2026\/03\/image_2026-03-Mar-15-2026_02-11-54-585x433.jpg",585,433,true],"penci-thumb-vertical":["https:\/\/playersforlife.com\/wp-content\/uploads\/2026\/03\/image_2026-03-Mar-15-2026_02-11-54-480x433.jpg",480,433,true],"penci-thumb-small":["https:\/\/playersforlife.com\/wp-content\/uploads\/2026\/03\/image_2026-03-Mar-15-2026_02-11-54-263x175.jpg",263,175,true],"penci-recipe-1200x1200":["https:\/\/playersforlife.com\/wp-content\/uploads\/2026\/03\/image_2026-03-Mar-15-2026_02-11-54.jpg",770,433,false],"penci-recipe-1200x900":["https:\/\/playersforlife.com\/wp-content\/uploads\/2026\/03\/image_2026-03-Mar-15-2026_02-11-54.jpg",770,433,false],"penci-recipe-1200x675":["https:\/\/playersforlife.com\/wp-content\/uploads\/2026\/03\/image_2026-03-Mar-15-2026_02-11-54.jpg",770,433,false]},"author_info":{"info":["Iago Bermejo"]},"category_info":"<a href=\"https:\/\/playersforlife.com\/category\/movies\/\" rel=\"category tag\">Movies<\/a>","tag_info":"Movies","comment_count":"0","_links":{"self":[{"href":"https:\/\/playersforlife.com\/es\/wp-json\/wp\/v2\/posts\/127481","targetHints":{"allow":["GET"]}}],"collection":[{"href":"https:\/\/playersforlife.com\/es\/wp-json\/wp\/v2\/posts"}],"about":[{"href":"https:\/\/playersforlife.com\/es\/wp-json\/wp\/v2\/types\/post"}],"author":[{"embeddable":true,"href":"https:\/\/playersforlife.com\/es\/wp-json\/wp\/v2\/users\/24"}],"replies":[{"embeddable":true,"href":"https:\/\/playersforlife.com\/es\/wp-json\/wp\/v2\/comments?post=127481"}],"version-history":[{"count":1,"href":"https:\/\/playersforlife.com\/es\/wp-json\/wp\/v2\/posts\/127481\/revisions"}],"predecessor-version":[{"id":127482,"href":"https:\/\/playersforlife.com\/es\/wp-json\/wp\/v2\/posts\/127481\/revisions\/127482"}],"wp:featuredmedia":[{"embeddable":true,"href":"https:\/\/playersforlife.com\/es\/wp-json\/wp\/v2\/media\/127467"}],"wp:attachment":[{"href":"https:\/\/playersforlife.com\/es\/wp-json\/wp\/v2\/media?parent=127481"}],"wp:term":[{"taxonomy":"category","embeddable":true,"href":"https:\/\/playersforlife.com\/es\/wp-json\/wp\/v2\/categories?post=127481"},{"taxonomy":"post_tag","embeddable":true,"href":"https:\/\/playersforlife.com\/es\/wp-json\/wp\/v2\/tags?post=127481"}],"curies":[{"name":"wp","href":"https:\/\/api.w.org\/{rel}","templated":true}]}}