{"id":127302,"date":"2026-03-14T23:01:08","date_gmt":"2026-03-14T23:01:08","guid":{"rendered":"https:\/\/playersforlife.com\/2026\/03\/14\/usuarios-de-internet-piden-el-regreso-de-pedro-bial-a-big-brother-brasil-debido-a-ana-paula-renault\/"},"modified":"2026-03-14T23:18:03","modified_gmt":"2026-03-14T23:18:03","slug":"usuarios-de-internet-piden-el-regreso-de-pedro-bial-a-big-brother-brasil-debido-a-ana-paula-renault","status":"publish","type":"post","link":"https:\/\/playersforlife.com\/es\/2026\/03\/14\/usuarios-de-internet-piden-el-regreso-de-pedro-bial-a-big-brother-brasil-debido-a-ana-paula-renault\/","title":{"rendered":"Usuarios de Internet Piden el Regreso de Pedro Bial a Big Brother Brasil debido a Ana Paula Renault"},"content":{"rendered":"<p><div class=\"key-takeaways\"><h3>Puntos clave<\/h3><p>Creado con IA - todav\u00eda estamos experimentando, as\u00ed que disculpa si no cumple con tus expectativas.<\/p><ul><li style=\"margin-bottom: 8px;\">Los fan\u00e1ticos del Big Brother Brasil est\u00e1n exigiendo el regreso de Pedro Bial en la final, especialmente como medio para coronar a Ana Paula Renault como campeona.<\/li><li style=\"margin-bottom: 8px;\">Las redes sociales est\u00e1n llenas de comentarios en el Instagram de Pedro Bial sobre su deseo de que anuncie al ganador debido a su larga relaci\u00f3n con el espect\u00e1culo.<\/li><li style=\"margin-bottom: 8px;\">Algunos espectadores han propuesto escenario alternativos para el regreso de Bial, como su introducci\u00f3n por el actual presentador Tadeu Schmidt como un presentador veterano celebrando la primera edici\u00f3n de veteranos.<\/li><li style=\"margin-bottom: 8px;\">Seg\u00fan lo informado hasta ahora por Correio, la participaci\u00f3n de Pedro Bial en la final a\u00fan no ha sido confirmada oficialmente.<\/li><\/ul><\/div><br \/>\n<h3>Recommended products<\/h3><p class=\"aws-affiliate-disclaimer\">This page contains affiliate links. As an Amazon Associate, we earn a commission from purchases made through these links.<\/p><div class=\"aws-product-grid\"><div class=\"aws-product-card\"><div class=\"aws-product-image\"><a href=\"https:\/\/www.amazon.com\/WZMPA-Bag-Souvenir-Janeiro-Merchandise\/dp\/B0CCDXWVFX\/ref=sr_1_1?tag=playersforlif-20\" target=\"_blank\" rel=\"nofollow noopener noreferrer\"><img decoding=\"async\" src=\"https:\/\/m.media-amazon.com\/images\/I\/71Ic5khSdIL._AC_SX466_.jpg\" alt=\"WZMPA\" title=\"\"><\/a><\/div><div class=\"aws-product-content\"><h4><a href=\"https:\/\/www.amazon.com\/WZMPA-Bag-Souvenir-Janeiro-Merchandise\/dp\/B0CCDXWVFX\/ref=sr_1_1?tag=playersforlif-20\" target=\"_blank\" rel=\"nofollow noopener noreferrer\">WZMPA<\/a><\/h4><div class=\"aws-product-prices\"><span class=\"aws-current-price\">$13.89<\/span><\/div><\/div><\/div><\/div>\n        <style>\n            .aws-affiliate-disclaimer {\n                font-size: 13px;\n                color: #666;\n                margin: 4px 0 16px 0;\n            }\n\n            .aws-product-grid {\n                display: grid;\n                grid-template-columns: repeat(3, 1fr);\n                gap: 20px;\n                margin: 20px 0;\n            }\n            \n            .aws-product-card {\n                border: 1px solid #e0e0e0;\n                border-radius: 8px;\n                overflow: hidden;\n                background: #fff;\n                box-shadow: 0 2px 4px rgba(0,0,0,0.1);\n                transition: transform 0.2s ease, box-shadow 0.2s ease;\n                position: relative;\n            }\n            \n            .aws-product-card:hover {\n                transform: translateY(-2px);\n                box-shadow: 0 4px 8px rgba(0,0,0,0.15);\n            }\n            \n            .aws-discount-badge {\n                position: absolute;\n                top: 10px;\n                right: 10px;\n                background: #ff4444;\n                color: white;\n                padding: 4px 8px;\n                border-radius: 4px;\n                font-size: 12px;\n                font-weight: bold;\n                z-index: 2;\n            }\n            \n            .aws-product-image {\n                width: 100%;\n                height: 200px;\n                overflow: hidden;\n                background: #f5f5f5;\n            }\n            \n            .aws-product-image img {\n                width: 100%;\n                height: 100%;\n                object-fit: contain;\n                transition: transform 0.2s ease;\n            }\n            \n            .aws-product-image:hover img {\n                transform: scale(1.05);\n            }\n            \n            .aws-product-image a {\n                display: block;\n                width: 100%;\n                height: 100%;\n            }\n            \n            .aws-product-content {\n                padding: 15px;\n            }\n            \n            .aws-product-content h4 {\n                margin: 0 0 10px 0;\n                font-size: 16px;\n                line-height: 1.3;\n            }\n            \n            .aws-product-content h4 a {\n                color: #333;\n                text-decoration: none;\n                transition: color 0.2s ease;\n            }\n            \n            .aws-product-content h4 a:hover {\n                color: #0073aa;\n            }\n            \n            .aws-product-prices {\n                display: flex;\n                align-items: center;\n                gap: 8px;\n                font-weight: bold;\n            }\n            \n            .aws-original-price {\n                text-decoration: line-through;\n                color: #999;\n                font-size: 14px;\n            }\n            \n            .aws-discounted-price {\n                color: #ff4444;\n                font-size: 16px;\n            }\n            \n            .aws-current-price {\n                color: #333;\n                font-size: 16px;\n            }\n            \n            \/* Tablet styles - 2 columns *\/\n            @media (max-width: 768px) {\n                .aws-product-grid {\n                    grid-template-columns: repeat(2, 1fr);\n                    gap: 15px;\n                }\n                \n                .aws-product-image {\n                    height: 180px;\n                }\n            }\n            \n            \/* Mobile styles - 1 column *\/\n            @media (max-width: 480px) {\n                .aws-product-grid {\n                    grid-template-columns: 1fr;\n                    gap: 15px;\n                }\n                \n                .aws-product-image {\n                    height: 220px;\n                }\n                \n                .aws-product-content {\n                    padding: 12px;\n                }\n            }\n        <\/style><\/p>\n<p>**Fans de Big Brother Brasil Exigen el Retorno de Pedro Bial en la Final Amidst la Actuaci\u00f3n Emotiva de Ana Paula Renault**<\/p>\n<p>La participaci\u00f3n de Ana Paula Renault en Big Brother Brasil 26 en Globo est\u00e1 avivando recuerdos de su controvertida eliminaci\u00f3n en la temporada de 2016, e inspirando a algunos espectadores para campa\u00f1a por una cara familiar que aparezca en la final. Muchos fans est\u00e1n solicitando espec\u00edficamente el retorno de Pedro Bial, el antiguo presentador del programa. Las redes sociales est\u00e1n inundadas de comentarios en Instagram de Bial, inst\u00e1ndolo a anunciar al ganador de esta a\u00f1o&#8217;s competencia. La esperanza es que Bial, quien present\u00f3 el programa desde 2002 hasta 2016, sea quien corone a Renault como campeona. Los comentarios incluyen sentimientos como \u00abqueremos que est\u00e9s all\u00ed en la final dando el discurso para Ana Paula como la campeona\u00bb y \u00abla final de Big Brother Brasil 26 necesita tenerte\u00bb. Los espectadores tambi\u00e9n han propuesto otros escenarios para el regreso de Bial. Una idea que est\u00e1 ganando tracci\u00f3n en l\u00ednea imagina al presente presentador, Tadeu Schmidt, introduciendo a Bial como un presentador veterano llevado para celebrar la primera edici\u00f3n veterana del programa. Bial, conocido por sus elaborados y reflexivos discursos de eliminaci\u00f3n, fue reemplazado por Tiago Leifert en 2017. Hasta ahora, no se ha confirmado la participaci\u00f3n de Pedro Bial en la final. Informaci\u00f3n de Correio.<\/p>\n<h2>Por si te lo perdiste<\/h2>\n<p>\u00a1Ag\u00e1rrense palomitas, amantes de la televisi\u00f3n reality! Carlos Mendoza ha estado siguiendo Big Brother Brasil para nosotros. Primero, se sumerge en la expulsion explosiva de Sol Veiga despu\u00e9s de que agredi\u00f3 a Ana Paula Renault \u2013 \u00a1s\u00ed, lo han le\u00eddo bien! Con emociones al l\u00edmite y reglas rotas, este incidente desat\u00f3 una tormenta medi\u00e1tica que no querr\u00e1n perderse. Echen un vistazo a su \u00faltimo posteo, &#8216;Sol expulsada de BBB 26 despu\u00e9s de agredir a Ana Paula Renault en Globo&#8217;, para conocer todos los detalles jugosos <a href=\"https:\/\/playersforlife.com\/fr\/2026\/02\/11\/sol-expulse-de-bbb-26-apres-avoir-agresse-ana-paula-renault-sur-globo\/\" target=\"_blank\" rel=\"noopener noreferrer\">Sol expuls\u00e9 de BBB 26 apr\u00e8s avoir agress\u00e9 Ana Paula Renault sur Globo<\/a>. Pero eso no es todo, amigos. Babu a\u00f1adi\u00f3 le\u00f1a al fuego en el episodio del domingo pasado, lo que llev\u00f3 a Jonathan Dubinski a explorar su discusi\u00f3n acalorada y sus posibles consecuencias en el juego en su posteo, &#8216;Babu sobre Ana Paula Renault en BBB 26: \u00abNo estar\u00e9 en la misma barco\u00bb <a href=\"https:\/\/playersforlife.com\/fr\/2026\/02\/23\/je-ne-serai-pas-dans-le-meme-bateau-que-vous-ana-paula-renault-babu-sur-bbb-26\/\" target=\"_blank\" rel=\"noopener noreferrer\">Je ne serai pas dans le m\u00eame bateau que vous, Ana Paula Renault, Babu sur BBB 26<\/a>. Mientras tanto, Dubinski hizo un an\u00e1lisis profundo del pasado y presente controvertido del participante La\u00e9cio de Moura en &#8216;\u00bfQui\u00e9n es La\u00e9cio, expulso<\/p>\n<p><img decoding=\"async\" style=\"width: 100%\" src=\"https:\/\/caras.com.br\/wp-content\/uploads\/2025\/09\/REDETV-COMPANHIA-CERTA-1-1536x1105.jpg\" alt=\"\" title=\"\"><br \/>\n<div class=\"external-references\"><h2>Tambi\u00e9n se habla de esto en la prensa extranjera<\/h2><p class=\"external-references__disclaimer\">Si entiendes ingl\u00e9s, aqu\u00ed hay enlaces a fuentes externas<\/p><ul class=\"external-references__list\"><li class=\"external-references__item\" data-index=\"1\"><span class=\"external-references__title\">Compartilhar not\u00edcia<\/span><a href=\"https:\/\/www.metropoles.com\/colunas\/lucas-pasin\/bbb-26-saiba-por-que-fas-do-reality-pedem-a-volta-de-pedro-bial\" target=\"_blank\" rel=\"noopener noreferrer nofollow\" class=\"external-references__link\"><span class=\"external-references__title\">Compartilhar not\u00edcia<\/span><span class=\"external-references__domain\">metropoles.com<\/span><\/a><\/li><li class=\"external-references__item\" data-index=\"2\"><span class=\"external-references__title\">F\u00e3s invadem redes de Pedro Bial pedindo que ele escreva discurso final para Ana Paula<\/span><a href=\"https:\/\/f5.folha.uol.com.br\/televisao\/bbb26\/2026\/03\/trajetoria-de-ana-paula-renault-no-bbb-26-reacende-nostalgia-e-fas-pedem-volta-de-pedro-bial.shtml\" target=\"_blank\" rel=\"noopener noreferrer nofollow\" class=\"external-references__link\"><span class=\"external-references__title\">F\u00e3s invadem redes de Pedro Bial pedindo que ele escreva discurso final para Ana Paula<\/span><span class=\"external-references__domain\">f5.folha.uol.com.br<\/span><\/a><\/li><li class=\"external-references__item\" data-index=\"3\"><span class=\"external-references__title\">Folha Uol<\/span><a href=\"https:\/\/www.reporterpb.com.br\/noticia-extra\/2026\/03\/11\/trajetoria-de-ana-paula-renault-no-bbb-26-reacende-nostalgia-e-fas-pedem-volta-de-pedro-bial\/114759.html\" target=\"_blank\" rel=\"noopener noreferrer nofollow\" class=\"external-references__link\"><span class=\"external-references__title\">Folha Uol<\/span><span class=\"external-references__domain\">reporterpb.com.br<\/span><\/a><\/li><\/ul><\/div><\/p>\n","protected":false},"excerpt":{"rendered":"<p>aficionados est\u00e1n ansiosamente pidiendo el regreso de Pedro Bial como presentador o comentarista en el Big Brother Brasil 26, destacando sus detalladas comentarios de su \u00e9poca como conductor.<\/p>\n","protected":false},"author":27,"featured_media":127289,"comment_status":"closed","ping_status":"open","sticky":false,"template":"","format":"standard","meta":{"content-type":"","_lmt_disableupdate":"","_lmt_disable":"","movie_schema":"","tvshow_schema":"","videogame_schema":"","meta_description":"Pedro Bial vuelve a BB Brasil","meta_keywords":"big brother brasil 26, pedro bial big brother, ana paula renault, regreso a big brother brasil, tiago leifert","meta_author":"Leire Galindo","meta_robots":"index, follow","meta_language":"en","twitter_card":"summary_large_image","twitter_title":"Usuarios piden regreso de Pedro Bial a Big Brother","twitter_description":"\u00bfQuieres ver a Pedro Bial de vuelta en Big Brother Brasil? \u00a1Los fan\u00e1ticos est\u00e1n exigiendo su regreso! Descubre por qu\u00e9 aqu\u00ed.","twitter_site":"","twitter_site_id":"","twitter_creator":"","twitter_creator_id":"","twitter_image":"https:\/\/caras.com.br\/wp-content\/uploads\/2025\/09\/pedro-bial.jpg","twitter_image_alt":"","twitter_app_name_iphone":"","twitter_app_id_iphone":"","twitter_app_url_iphone":"","twitter_app_name_ipad":"","twitter_app_id_ipad":"","twitter_app_url_ipad":"","twitter_app_name_googleplay":"","twitter_app_id_googleplay":"","twitter_app_url_googleplay":"","twitter_player":"","twitter_player_width":0,"twitter_player_height":0,"twitter_player_stream":"","og_title":"Usuarios piden regreso de Pedro Bial a Big Brother","og_type":"article","og_url":"https:\/\/playersforlife.com\/es\/2026\/03\/14\/usuarios-de-internet-piden-el-regreso-de-pedro-bial-a-big-brother-brasil-debido-a-ana-paula-renault\/","og_image":"https:\/\/caras.com.br\/wp-content\/uploads\/2025\/09\/pedro-bial.jpg","og_image_secure_url":"https:\/\/caras.com.br\/wp-content\/uploads\/2025\/09\/pedro-bial.jpg","og_image_type":"image\/jpeg","og_image_width":0,"og_image_height":0,"og_image_alt":"","og_description":"\u00bfQuieres ver a Pedro Bial de vuelta en Big Brother Brasil? \u00a1Los fan\u00e1ticos est\u00e1n exigiendo su regreso! Descubre por qu\u00e9 aqu\u00ed.","og_site_name":"PlayersForLife.com","og_locale":"en_US","og_article_published_time":"2026-03-14T23:01:08","og_article_modified_time":"2026-03-14T23:01:08","og_article_author":"Leire Galindo","og_article_section":"News","og_article_tag":["Adventure"],"og_video":"https:\/\/www.youtube.com\/embed\/-pPTT8dFy5U","og_video_secure_url":"https:\/\/www.youtube.com\/embed\/-pPTT8dFy5U","og_video_type":"","og_video_width":0,"og_video_height":0,"og_audio":"","og_audio_secure_url":"","og_audio_type":"","footnotes":""},"categories":[38],"tags":[43,45],"class_list":["post-127302","post","type-post","status-publish","format-standard","has-post-thumbnail","hentry","category-news","tag-adventure","tag-mixed"],"lang":"es","original_post_id":null,"featured_image_urls":{"full":["https:\/\/playersforlife.com\/wp-content\/uploads\/2026\/03\/image_2026-03-Mar-14-2026_19-11-26.png",768,515,false],"thumbnail":["https:\/\/playersforlife.com\/wp-content\/uploads\/2026\/03\/image_2026-03-Mar-14-2026_19-11-26-150x150.png",150,150,true],"medium":["https:\/\/playersforlife.com\/wp-content\/uploads\/2026\/03\/image_2026-03-Mar-14-2026_19-11-26-300x201.png",300,201,true],"medium_large":["https:\/\/playersforlife.com\/wp-content\/uploads\/2026\/03\/image_2026-03-Mar-14-2026_19-11-26.png",768,515,false],"large":["https:\/\/playersforlife.com\/wp-content\/uploads\/2026\/03\/image_2026-03-Mar-14-2026_19-11-26.png",768,515,false],"1536x1536":["https:\/\/playersforlife.com\/wp-content\/uploads\/2026\/03\/image_2026-03-Mar-14-2026_19-11-26.png",768,515,false],"2048x2048":["https:\/\/playersforlife.com\/wp-content\/uploads\/2026\/03\/image_2026-03-Mar-14-2026_19-11-26.png",768,515,false],"penci-single-full":["https:\/\/playersforlife.com\/wp-content\/uploads\/2026\/03\/image_2026-03-Mar-14-2026_19-11-26.png",768,515,false],"penci-slider-full-thumb":["https:\/\/playersforlife.com\/wp-content\/uploads\/2026\/03\/image_2026-03-Mar-14-2026_19-11-26.png",768,515,false],"penci-full-thumb":["https:\/\/playersforlife.com\/wp-content\/uploads\/2026\/03\/image_2026-03-Mar-14-2026_19-11-26.png",768,515,false],"penci-slider-thumb":["https:\/\/playersforlife.com\/wp-content\/uploads\/2026\/03\/image_2026-03-Mar-14-2026_19-11-26.png",768,515,false],"penci-magazine-slider":["https:\/\/playersforlife.com\/wp-content\/uploads\/2026\/03\/image_2026-03-Mar-14-2026_19-11-26.png",768,515,false],"penci-thumb":["https:\/\/playersforlife.com\/wp-content\/uploads\/2026\/03\/image_2026-03-Mar-14-2026_19-11-26-585x390.png",585,390,true],"penci-masonry-thumb":["https:\/\/playersforlife.com\/wp-content\/uploads\/2026\/03\/image_2026-03-Mar-14-2026_19-11-26-585x392.png",585,392,true],"penci-thumb-square":["https:\/\/playersforlife.com\/wp-content\/uploads\/2026\/03\/image_2026-03-Mar-14-2026_19-11-26-585x515.png",585,515,true],"penci-thumb-vertical":["https:\/\/playersforlife.com\/wp-content\/uploads\/2026\/03\/image_2026-03-Mar-14-2026_19-11-26-480x515.png",480,515,true],"penci-thumb-small":["https:\/\/playersforlife.com\/wp-content\/uploads\/2026\/03\/image_2026-03-Mar-14-2026_19-11-26-263x175.png",263,175,true],"penci-recipe-1200x1200":["https:\/\/playersforlife.com\/wp-content\/uploads\/2026\/03\/image_2026-03-Mar-14-2026_19-11-26.png",768,515,false],"penci-recipe-1200x900":["https:\/\/playersforlife.com\/wp-content\/uploads\/2026\/03\/image_2026-03-Mar-14-2026_19-11-26.png",768,515,false],"penci-recipe-1200x675":["https:\/\/playersforlife.com\/wp-content\/uploads\/2026\/03\/image_2026-03-Mar-14-2026_19-11-26.png",768,515,false]},"author_info":{"info":["Leire Galindo"]},"category_info":"<a href=\"https:\/\/playersforlife.com\/category\/news\/\" rel=\"category tag\">News<\/a>","tag_info":"News","comment_count":"0","_links":{"self":[{"href":"https:\/\/playersforlife.com\/es\/wp-json\/wp\/v2\/posts\/127302","targetHints":{"allow":["GET"]}}],"collection":[{"href":"https:\/\/playersforlife.com\/es\/wp-json\/wp\/v2\/posts"}],"about":[{"href":"https:\/\/playersforlife.com\/es\/wp-json\/wp\/v2\/types\/post"}],"author":[{"embeddable":true,"href":"https:\/\/playersforlife.com\/es\/wp-json\/wp\/v2\/users\/27"}],"replies":[{"embeddable":true,"href":"https:\/\/playersforlife.com\/es\/wp-json\/wp\/v2\/comments?post=127302"}],"version-history":[{"count":1,"href":"https:\/\/playersforlife.com\/es\/wp-json\/wp\/v2\/posts\/127302\/revisions"}],"predecessor-version":[{"id":127303,"href":"https:\/\/playersforlife.com\/es\/wp-json\/wp\/v2\/posts\/127302\/revisions\/127303"}],"wp:featuredmedia":[{"embeddable":true,"href":"https:\/\/playersforlife.com\/es\/wp-json\/wp\/v2\/media\/127289"}],"wp:attachment":[{"href":"https:\/\/playersforlife.com\/es\/wp-json\/wp\/v2\/media?parent=127302"}],"wp:term":[{"taxonomy":"category","embeddable":true,"href":"https:\/\/playersforlife.com\/es\/wp-json\/wp\/v2\/categories?post=127302"},{"taxonomy":"post_tag","embeddable":true,"href":"https:\/\/playersforlife.com\/es\/wp-json\/wp\/v2\/tags?post=127302"}],"curies":[{"name":"wp","href":"https:\/\/api.w.org\/{rel}","templated":true}]}}