{"id":127166,"date":"2026-03-14T18:00:43","date_gmt":"2026-03-14T18:00:43","guid":{"rendered":"https:\/\/playersforlife.com\/2026\/03\/14\/el-filosofo-aleman-jurgen-habermas-fallecio\/"},"modified":"2026-03-14T18:12:14","modified_gmt":"2026-03-14T18:12:14","slug":"el-filosofo-aleman-jurgen-habermas-fallecio","status":"publish","type":"post","link":"https:\/\/playersforlife.com\/es\/2026\/03\/14\/el-filosofo-aleman-jurgen-habermas-fallecio\/","title":{"rendered":"El fil\u00f3sofo alem\u00e1n J\u00fcrgen Habermas falleci\u00f3"},"content":{"rendered":"<p><div class=\"key-takeaways\"><h3>Puntos clave<\/h3><p>Creado con IA - todav\u00eda estamos experimentando, as\u00ed que disculpa si no cumple con tus expectativas.<\/p><ul><li style=\"margin-bottom: 8px;\">El fil\u00f3sofo y soci\u00f3logo alem\u00e1n J\u00fcrgen Habermas ha fallecido a los 94 a\u00f1os de edad. Fue una figura destacada de la segunda generaci\u00f3n de la Escuela de Fr\u00e1ncfort y tuvo una carrera influyente como profesor en instituciones prestigiadas.<\/li><li style=\"margin-bottom: 8px;\">J\u00fcrgen Habermas era conocido por su teor\u00eda pol\u00edtica que destaca la importancia del consenso p\u00fablico para el florecimiento de las democracias. En a\u00f1os recientes, critic\u00f3 al gobierno de Angela Merkel durante la crisis de la deuda griega y la guerra de Israel en Gaza despu\u00e9s de los ataques de Ham\u00e1s.<\/li><li style=\"margin-bottom: 8px;\">El \u00faltimo libro de Habermas, Lo que se necesita para mejorar, fue publicado el pasado diciembre. Su amplia formaci\u00f3n acad\u00e9mica, que incluye estudios en filosof\u00eda, historia, psicolog\u00eda, literatura alemana y econom\u00eda, ha contribuido notablemente a su exitosa carrera.<\/li><li style=\"margin-bottom: 8px;\">En sus \u00faltimos a\u00f1os, Habermas asumi\u00f3 el cargo de director del Instituto Max Planck para el Estudio de las Condiciones de Vida en el Mundo Cient\u00edfico-T\u00e9cnico, con sede en Starnberg. Su influencia en la filosof\u00eda y la sociolog\u00eda contempor\u00e1neas a nivel mundial es innegable.<\/li><\/ul><\/div><br \/>\n<h3>Recommended products<\/h3><p class=\"aws-affiliate-disclaimer\">This page contains affiliate links. As an Amazon Associate, we earn a commission from purchases made through these links.<\/p><div class=\"aws-product-grid\"><div class=\"aws-product-card\"><div class=\"aws-product-image\"><a href=\"https:\/\/www.amazon.com\/Shakespearean-Insults-Coffee-Mug-Shakespeares\/dp\/B0038TYV7I\/ref=sr_1_3?tag=playersforlif-20\" target=\"_blank\" rel=\"nofollow noopener noreferrer\"><img decoding=\"async\" src=\"https:\/\/m.media-amazon.com\/images\/I\/81S1z9y2UBL._AC_SX569_.jpg\" alt=\"The Unemployed Philosophers Guild Shakespearean Insults Coffee Mug - Shakespeares Wittiest and Meanest Insults - Comes in a Fun Gift Box, 14 oz.\" title=\"\"><\/a><\/div><div class=\"aws-product-content\"><h4><a href=\"https:\/\/www.amazon.com\/Shakespearean-Insults-Coffee-Mug-Shakespeares\/dp\/B0038TYV7I\/ref=sr_1_3?tag=playersforlif-20\" target=\"_blank\" rel=\"nofollow noopener noreferrer\">The Unemployed Philosophers Guild Shakespearean Insults Coffee Mug - Shakespeares Wittiest and Meanest Insults - Comes in a Fun Gift Box, 14 oz.<\/a><\/h4><div class=\"aws-product-prices\"><span class=\"aws-current-price\">$19.95<\/span><\/div><\/div><\/div><\/div>\n        <style>\n            .aws-affiliate-disclaimer {\n                font-size: 13px;\n                color: #666;\n                margin: 4px 0 16px 0;\n            }\n\n            .aws-product-grid {\n                display: grid;\n                grid-template-columns: repeat(3, 1fr);\n                gap: 20px;\n                margin: 20px 0;\n            }\n            \n            .aws-product-card {\n                border: 1px solid #e0e0e0;\n                border-radius: 8px;\n                overflow: hidden;\n                background: #fff;\n                box-shadow: 0 2px 4px rgba(0,0,0,0.1);\n                transition: transform 0.2s ease, box-shadow 0.2s ease;\n                position: relative;\n            }\n            \n            .aws-product-card:hover {\n                transform: translateY(-2px);\n                box-shadow: 0 4px 8px rgba(0,0,0,0.15);\n            }\n            \n            .aws-discount-badge {\n                position: absolute;\n                top: 10px;\n                right: 10px;\n                background: #ff4444;\n                color: white;\n                padding: 4px 8px;\n                border-radius: 4px;\n                font-size: 12px;\n                font-weight: bold;\n                z-index: 2;\n            }\n            \n            .aws-product-image {\n                width: 100%;\n                height: 200px;\n                overflow: hidden;\n                background: #f5f5f5;\n            }\n            \n            .aws-product-image img {\n                width: 100%;\n                height: 100%;\n                object-fit: contain;\n                transition: transform 0.2s ease;\n            }\n            \n            .aws-product-image:hover img {\n                transform: scale(1.05);\n            }\n            \n            .aws-product-image a {\n                display: block;\n                width: 100%;\n                height: 100%;\n            }\n            \n            .aws-product-content {\n                padding: 15px;\n            }\n            \n            .aws-product-content h4 {\n                margin: 0 0 10px 0;\n                font-size: 16px;\n                line-height: 1.3;\n            }\n            \n            .aws-product-content h4 a {\n                color: #333;\n                text-decoration: none;\n                transition: color 0.2s ease;\n            }\n            \n            .aws-product-content h4 a:hover {\n                color: #0073aa;\n            }\n            \n            .aws-product-prices {\n                display: flex;\n                align-items: center;\n                gap: 8px;\n                font-weight: bold;\n            }\n            \n            .aws-original-price {\n                text-decoration: line-through;\n                color: #999;\n                font-size: 14px;\n            }\n            \n            .aws-discounted-price {\n                color: #ff4444;\n                font-size: 16px;\n            }\n            \n            .aws-current-price {\n                color: #333;\n                font-size: 16px;\n            }\n            \n            \/* Tablet styles - 2 columns *\/\n            @media (max-width: 768px) {\n                .aws-product-grid {\n                    grid-template-columns: repeat(2, 1fr);\n                    gap: 15px;\n                }\n                \n                .aws-product-image {\n                    height: 180px;\n                }\n            }\n            \n            \/* Mobile styles - 1 column *\/\n            @media (max-width: 480px) {\n                .aws-product-grid {\n                    grid-template-columns: 1fr;\n                    gap: 15px;\n                }\n                \n                .aws-product-image {\n                    height: 220px;\n                }\n                \n                .aws-product-content {\n                    padding: 12px;\n                }\n            }\n        <\/style><\/p>\n<p>J\u00fcrgen Habermas, el fil\u00f3sofo y soci\u00f3logo alem\u00e1n influyente, falleci\u00f3 en su casa de Starnberg el s\u00e1bado 14 de abril a los 94 a\u00f1os. Su editorial, Suhrkamp Verlag, anunci\u00f3 su muerte con la autorizaci\u00f3n de su familia. Naci\u00f3 en D\u00fcsseldorf en 1929 y es considerado uno de los pensadores m\u00e1s importantes de Alemania y uno de los fil\u00f3sofos y soci\u00f3logos m\u00e1s influyentes a nivel mundial. Como figura destacada de la segunda generaci\u00f3n de la Escuela de Frankfurt, ampli\u00f3 la teor\u00eda cr\u00edtica desarrollada por intelectuales como Max Horkheimer y Theodor Adorno. Desde 1949 hasta 1954 estudi\u00f3 filosof\u00eda, historia, psicolog\u00eda, literatura alemana y econom\u00eda en las universidades de G\u00f6ttingen, Z\u00farich y Bonn. Su amplia formaci\u00f3n acad\u00e9mica lo prepar\u00f3 para una carrera distinguida ense\u00f1ando en instituciones prestigiosas, como las universidades de Heidelberg y Frankfurt del Main en Alemania, as\u00ed como en UC Berkeley en Estados Unidos. Tambi\u00e9n desempe\u00f1\u00f3 el cargo de director del Instituto Max Planck para el Estudio de las Condiciones de Vida en el Mundo Cient\u00edfico-T\u00e9cnico, con sede en Starnberg.<\/p>\n<h2>J\u00fcrgen Habermas, fil\u00f3sofo pol\u00edtico, cuestiona posturas gubernamentales y aborda el conflicto Israel-Gaza en entrevistas recientes<\/h2>\n<p>Como te\u00f3rico pol\u00edtico, Habermas cre\u00eda que el consenso p\u00fablico es crucial para que las democracias prosperen. En una entrevista de 2015 con The Guardian, critic\u00f3 la postura firme del gobierno de Angela Merkel durante la crisis de la deuda griega. En 2023, afirm\u00f3 que la guerra de Israel contra Gaza despu\u00e9s de los ataques de Ham\u00e1s el 7 de octubre estaba justificada en principio, lo cual sorprendi\u00f3 a muchos fil\u00f3sofos. Su \u00faltimo libro, Cosas necesarias para mejorar, se public\u00f3 el pasado diciembre. La informaci\u00f3n para este art\u00edculo se obtuvo del consultor legal Conjur, seg\u00fan Uai.<\/p>\n<p><img decoding=\"async\" style=\"width: 100%\" src=\"https:\/\/images.impresa.pt\/expresso\/2025-09-16-juergen-habermas_t-_idp.jpg-3d0fd800\/original\" alt=\"\" title=\"\"><br \/>\n<div class=\"external-references\"><h2>Tambi\u00e9n se habla de esto en la prensa extranjera<\/h2><p class=\"external-references__disclaimer\">Si entiendes ingl\u00e9s, aqu\u00ed hay enlaces a fuentes externas<\/p><ul class=\"external-references__list\"><li class=\"external-references__item\" data-index=\"1\"><span class=\"external-references__title\">J\u00fcrgen Habermas, German philosopher and sociologist, dies aged 96<\/span><a href=\"https:\/\/www.nytimes.com\/2026\/03\/14\/books\/jurgen-habermas-dead.html\" target=\"_blank\" rel=\"noopener noreferrer nofollow\" class=\"external-references__link\"><span class=\"external-references__title\">J\u00fcrgen Habermas, German philosopher and sociologist, dies aged 96<\/span><span class=\"external-references__domain\">nytimes.com<\/span><\/a><\/li><\/ul><\/div><\/p>\n","protected":false},"excerpt":{"rendered":"<p>\u00danete a nosotros para rendir homenaje a la vida y obra de J\u00fcrgen Habermas, fil\u00f3sofo y soci\u00f3logo alem\u00e1n, cuyo impacto en el pensamiento contempor\u00e1neo como miembro de la Escuela de Fr\u00e1ncfort es incalculable.<\/p>\n","protected":false},"author":26,"featured_media":127153,"comment_status":"closed","ping_status":"open","sticky":false,"template":"","format":"standard","meta":{"content-type":"","_lmt_disableupdate":"","_lmt_disable":"","movie_schema":"","tvshow_schema":"","videogame_schema":"","meta_description":"El fil\u00f3sofo J\u00fcrgen Habermas falleci\u00f3 a los 96 a\u00f1os","meta_keywords":"j\u00fcrgen habermas, fil\u00f3sofo alem\u00e1n, teor\u00eda cr\u00edtica, escuela de frankfurt, sociolog\u00eda contempor\u00e1nea","meta_author":"Iria Llopis","meta_robots":"index, follow","meta_language":"en","twitter_card":"summary_large_image","twitter_title":"El fil\u00f3sofo J\u00fcrgen Habermas falleci\u00f3","twitter_description":"\"Descubre la vida y obra del influyente fil\u00f3sofo alem\u00e1n J\u00fcrgen Habermas. Una p\u00e9rdida dolorosa a sus 96 a\u00f1os.\"","twitter_site":"","twitter_site_id":"","twitter_creator":"","twitter_creator_id":"","twitter_image":"https:\/\/images.t-online.de\/2026\/01\/OhXKxieBl2r8\/0x0:2048x1152\/fit-in\/1920x0\/juergen-habermas-deutscher-philosoph-spricht-im-zdf-hauptstadtstudio-zu-dpa-habermas-vorlass-jetzt-vollstaendig-in-frankfurt.jpg","twitter_image_alt":"","twitter_app_name_iphone":"","twitter_app_id_iphone":"","twitter_app_url_iphone":"","twitter_app_name_ipad":"","twitter_app_id_ipad":"","twitter_app_url_ipad":"","twitter_app_name_googleplay":"","twitter_app_id_googleplay":"","twitter_app_url_googleplay":"","twitter_player":"","twitter_player_width":0,"twitter_player_height":0,"twitter_player_stream":"","og_title":"El fil\u00f3sofo J\u00fcrgen Habermas falleci\u00f3","og_type":"article","og_url":"https:\/\/playersforlife.com\/es\/2026\/03\/14\/el-filosofo-aleman-jurgen-habermas-fallecio\/","og_image":"https:\/\/images.t-online.de\/2026\/01\/OhXKxieBl2r8\/0x0:2048x1152\/fit-in\/1920x0\/juergen-habermas-deutscher-philosoph-spricht-im-zdf-hauptstadtstudio-zu-dpa-habermas-vorlass-jetzt-vollstaendig-in-frankfurt.jpg","og_image_secure_url":"https:\/\/images.t-online.de\/2026\/01\/OhXKxieBl2r8\/0x0:2048x1152\/fit-in\/1920x0\/juergen-habermas-deutscher-philosoph-spricht-im-zdf-hauptstadtstudio-zu-dpa-habermas-vorlass-jetzt-vollstaendig-in-frankfurt.jpg","og_image_type":"image\/jpeg","og_image_width":0,"og_image_height":0,"og_image_alt":"","og_description":"\"Descubre la vida y obra del influyente fil\u00f3sofo alem\u00e1n J\u00fcrgen Habermas. Una p\u00e9rdida dolorosa a sus 96 a\u00f1os.\"","og_site_name":"PlayersForLife.com","og_locale":"en_US","og_article_published_time":"2026-03-14T18:00:43","og_article_modified_time":"2026-03-14T18:00:43","og_article_author":"Iria Llopis","og_article_section":"News","og_article_tag":[],"og_video":"","og_video_secure_url":"","og_video_type":"","og_video_width":0,"og_video_height":0,"og_audio":"","og_audio_secure_url":"","og_audio_type":"","footnotes":""},"categories":[38],"tags":[],"class_list":["post-127166","post","type-post","status-publish","format-standard","has-post-thumbnail","hentry","category-news"],"lang":"es","original_post_id":null,"featured_image_urls":{"full":["https:\/\/playersforlife.com\/wp-content\/uploads\/2026\/03\/image_2026-03-Mar-14-2026_14-08-24.png",1536,1024,false],"thumbnail":["https:\/\/playersforlife.com\/wp-content\/uploads\/2026\/03\/image_2026-03-Mar-14-2026_14-08-24-150x150.png",150,150,true],"medium":["https:\/\/playersforlife.com\/wp-content\/uploads\/2026\/03\/image_2026-03-Mar-14-2026_14-08-24-300x200.png",300,200,true],"medium_large":["https:\/\/playersforlife.com\/wp-content\/uploads\/2026\/03\/image_2026-03-Mar-14-2026_14-08-24-768x512.png",768,512,true],"large":["https:\/\/playersforlife.com\/wp-content\/uploads\/2026\/03\/image_2026-03-Mar-14-2026_14-08-24-1024x683.png",1024,683,true],"1536x1536":["https:\/\/playersforlife.com\/wp-content\/uploads\/2026\/03\/image_2026-03-Mar-14-2026_14-08-24.png",1536,1024,false],"2048x2048":["https:\/\/playersforlife.com\/wp-content\/uploads\/2026\/03\/image_2026-03-Mar-14-2026_14-08-24.png",1536,1024,false],"penci-single-full":["https:\/\/playersforlife.com\/wp-content\/uploads\/2026\/03\/image_2026-03-Mar-14-2026_14-08-24.png",1536,1024,false],"penci-slider-full-thumb":["https:\/\/playersforlife.com\/wp-content\/uploads\/2026\/03\/image_2026-03-Mar-14-2026_14-08-24-1536x800.png",1536,800,true],"penci-full-thumb":["https:\/\/playersforlife.com\/wp-content\/uploads\/2026\/03\/image_2026-03-Mar-14-2026_14-08-24-1170x780.png",1170,780,true],"penci-slider-thumb":["https:\/\/playersforlife.com\/wp-content\/uploads\/2026\/03\/image_2026-03-Mar-14-2026_14-08-24-1170x663.png",1170,663,true],"penci-magazine-slider":["https:\/\/playersforlife.com\/wp-content\/uploads\/2026\/03\/image_2026-03-Mar-14-2026_14-08-24-780x516.png",780,516,true],"penci-thumb":["https:\/\/playersforlife.com\/wp-content\/uploads\/2026\/03\/image_2026-03-Mar-14-2026_14-08-24-585x390.png",585,390,true],"penci-masonry-thumb":["https:\/\/playersforlife.com\/wp-content\/uploads\/2026\/03\/image_2026-03-Mar-14-2026_14-08-24-585x390.png",585,390,true],"penci-thumb-square":["https:\/\/playersforlife.com\/wp-content\/uploads\/2026\/03\/image_2026-03-Mar-14-2026_14-08-24-585x585.png",585,585,true],"penci-thumb-vertical":["https:\/\/playersforlife.com\/wp-content\/uploads\/2026\/03\/image_2026-03-Mar-14-2026_14-08-24-480x650.png",480,650,true],"penci-thumb-small":["https:\/\/playersforlife.com\/wp-content\/uploads\/2026\/03\/image_2026-03-Mar-14-2026_14-08-24-263x175.png",263,175,true],"penci-recipe-1200x1200":["https:\/\/playersforlife.com\/wp-content\/uploads\/2026\/03\/image_2026-03-Mar-14-2026_14-08-24-1200x1024.png",1200,1024,true],"penci-recipe-1200x900":["https:\/\/playersforlife.com\/wp-content\/uploads\/2026\/03\/image_2026-03-Mar-14-2026_14-08-24-1200x900.png",1200,900,true],"penci-recipe-1200x675":["https:\/\/playersforlife.com\/wp-content\/uploads\/2026\/03\/image_2026-03-Mar-14-2026_14-08-24-1200x675.png",1200,675,true]},"author_info":{"info":["Iria Llopis"]},"category_info":"<a href=\"https:\/\/playersforlife.com\/category\/news\/\" rel=\"category tag\">News<\/a>","tag_info":"News","comment_count":"0","_links":{"self":[{"href":"https:\/\/playersforlife.com\/es\/wp-json\/wp\/v2\/posts\/127166","targetHints":{"allow":["GET"]}}],"collection":[{"href":"https:\/\/playersforlife.com\/es\/wp-json\/wp\/v2\/posts"}],"about":[{"href":"https:\/\/playersforlife.com\/es\/wp-json\/wp\/v2\/types\/post"}],"author":[{"embeddable":true,"href":"https:\/\/playersforlife.com\/es\/wp-json\/wp\/v2\/users\/26"}],"replies":[{"embeddable":true,"href":"https:\/\/playersforlife.com\/es\/wp-json\/wp\/v2\/comments?post=127166"}],"version-history":[{"count":1,"href":"https:\/\/playersforlife.com\/es\/wp-json\/wp\/v2\/posts\/127166\/revisions"}],"predecessor-version":[{"id":127167,"href":"https:\/\/playersforlife.com\/es\/wp-json\/wp\/v2\/posts\/127166\/revisions\/127167"}],"wp:featuredmedia":[{"embeddable":true,"href":"https:\/\/playersforlife.com\/es\/wp-json\/wp\/v2\/media\/127153"}],"wp:attachment":[{"href":"https:\/\/playersforlife.com\/es\/wp-json\/wp\/v2\/media?parent=127166"}],"wp:term":[{"taxonomy":"category","embeddable":true,"href":"https:\/\/playersforlife.com\/es\/wp-json\/wp\/v2\/categories?post=127166"},{"taxonomy":"post_tag","embeddable":true,"href":"https:\/\/playersforlife.com\/es\/wp-json\/wp\/v2\/tags?post=127166"}],"curies":[{"name":"wp","href":"https:\/\/api.w.org\/{rel}","templated":true}]}}