{"id":142948,"date":"2026-04-27T08:00:19","date_gmt":"2026-04-27T08:00:19","guid":{"rendered":"https:\/\/playersforlife.com\/2026\/04\/27\/sao-paulo-s-virada-cultural-bietet-mehr-als-tausend-attraktionen-auf-22-buhnen\/"},"modified":"2026-04-27T08:08:36","modified_gmt":"2026-04-27T08:08:36","slug":"sao-paulo-s-virada-cultural-bietet-mehr-als-tausend-attraktionen-auf-22-buhnen","status":"publish","type":"post","link":"https:\/\/playersforlife.com\/de\/2026\/04\/27\/sao-paulo-s-virada-cultural-bietet-mehr-als-tausend-attraktionen-auf-22-buhnen\/","title":{"rendered":"S\u00e3o Paulo&#8217;s Virada Cultural bietet mehr als tausend Attraktionen auf 22 B\u00fchnen"},"content":{"rendered":"<p><div class=\"key-takeaways\"><h3>Das Wichtigste in K\u00fcrze<\/h3><p>Mit KI erstellt - wir experimentieren noch damit! Entschuldigung, falls es nicht ganz Ihren Erwartungen entspricht.<\/p><ul><li style=\"margin-bottom: 8px;\">S\u00e3o Paulo&#039;s Cultural Turnaround 2026 wird eine vielf\u00e4ltige Palette kultureller Angebote pr\u00e4sentieren, darunter Musikauftritte ber\u00fchmter K\u00fcnstler auf \u00fcber 22 B\u00fchnen verteilt durch die Stadt, wobei das Ziel der Zentralisierung vermeidet werden soll.<\/li><li style=\"margin-bottom: 8px;\">Das Ereignis will Musik und Aktivit\u00e4ten in unterschiedlichen Teilen von S\u00e3o Paulo anbieten, auch noch w\u00e4hrend fr\u00fcherer Morgenstunden, und bietet eigene B\u00fchnen f\u00fcr die Musikgenres Frauen, Brega und Rock sowie Bereiche f\u00fcr Gospel-Musik.<\/li><li style=\"margin-bottom: 8px;\">Das Jahr 2026 wird zus\u00e4tzlich neue thematisierte Bereiche und Zusammenarbeiten mit \u00fcber hundert kulturellen Einrichtungen umfassen, die dazu dienen sollen, einen Kulturkorridor zu verst\u00e4rken, der zum Ziel hat, den \u00f6ffentlichen Durchgang im Wochenende anzuregen.<\/li><li style=\"margin-bottom: 8px;\">Letzten Jahr zog die Virada Cultural insgesamt 4,7 Millionen Menschen an, was der Besucherzahl des Vorjahres von 4,5 Millionen Teilnehmern entsprach und damit Brazils gr\u00f6\u00dftem kostenlosen Kulturfestival machte. Das komplette Programm f\u00fcr die Ausgabe im Jahr 2026 wird von der Kommune erst im Mai ver\u00f6ffentlicht.<\/li><\/ul><\/div><br \/>\n<h3>Recommended products<\/h3><p class=\"aws-affiliate-disclaimer\">This page contains affiliate links. As an Amazon Associate, we earn a commission from purchases made through these links.<\/p><div class=\"aws-product-grid\"><div class=\"aws-product-card\"><div class=\"aws-discount-badge\">-58%<\/div><div class=\"aws-product-image\"><a href=\"https:\/\/www.amazon.com\/Hearprotek-Reduction-Protection-Musicians-Nightclub\/dp\/B08PBQFQH6\/ref=sr_1_1?tag=playersforlif-20\" target=\"_blank\" rel=\"nofollow noopener noreferrer\"><img decoding=\"async\" src=\"https:\/\/m.media-amazon.com\/images\/I\/71fUNemtqhL._AC_SX569_PIbundle-2,TopRight,0,0_SH20_.jpg\" alt=\"Hearprotek Concert Ear Plugs, 2Pairs Reusable high Fidelity Musician Ear Plugs for Concerts Loud Music-Noise Reduction Ear Protection earplugs for Rave,Festival,Music,Tinnitus Relief\" title=\"\"><\/a><\/div><div class=\"aws-product-content\"><h4><a href=\"https:\/\/www.amazon.com\/Hearprotek-Reduction-Protection-Musicians-Nightclub\/dp\/B08PBQFQH6\/ref=sr_1_1?tag=playersforlif-20\" target=\"_blank\" rel=\"nofollow noopener noreferrer\">Hearprotek Concert Ear Plugs, 2Pairs Reusable high Fidelity Musician Ear Plugs for Concerts Loud Music-Noise Reduction Ear Protection earplugs for Rave,Festival,Music,Tinnitus Relief<\/a><\/h4><div class=\"aws-product-prices\"><span class=\"aws-original-price\">$17.99<\/span><span class=\"aws-discounted-price\">$7.50<\/span><\/div><\/div><\/div><div class=\"aws-product-card\"><div class=\"aws-discount-badge\">-62%<\/div><div class=\"aws-product-image\"><a href=\"https:\/\/www.amazon.com\/Reure-Cancelling-Musicians-Motorcycles-Protection\/dp\/B0CG9F5W3Q\/ref=sr_1_2?tag=playersforlif-20\" target=\"_blank\" rel=\"nofollow noopener noreferrer\"><img decoding=\"async\" src=\"https:\/\/m.media-amazon.com\/images\/I\/71QCYc-KxIL._AC_SX569_.jpg\" alt=\"Reure High Fidelity Concert Ear Plugs, Noise Cancelling Silicone Ear Plugs 2 Pairs Great for Concerts Loud Music, Musicians, Motorcycles, Airplanes, Raves, Hearing Protection -23 dB\" title=\"\"><\/a><\/div><div class=\"aws-product-content\"><h4><a href=\"https:\/\/www.amazon.com\/Reure-Cancelling-Musicians-Motorcycles-Protection\/dp\/B0CG9F5W3Q\/ref=sr_1_2?tag=playersforlif-20\" target=\"_blank\" rel=\"nofollow noopener noreferrer\">Reure High Fidelity Concert Ear Plugs, Noise Cancelling Silicone Ear Plugs 2 Pairs Great for Concerts Loud Music, Musicians, Motorcycles, Airplanes, Raves, Hearing Protection -23 dB<\/a><\/h4><div class=\"aws-product-prices\"><span class=\"aws-original-price\">$12.99<\/span><span class=\"aws-discounted-price\">$5.00<\/span><\/div><\/div><\/div><div class=\"aws-product-card\"><div class=\"aws-product-image\"><a href=\"https:\/\/www.amazon.com\/Eargasm-Festivals-Night-Life-Motorcycle-Protection\/dp\/B019M576XW\/ref=sr_1_3?tag=playersforlif-20\" target=\"_blank\" rel=\"nofollow noopener noreferrer\"><img decoding=\"async\" src=\"https:\/\/m.media-amazon.com\/images\/I\/51+5U7Qo-XL._AC_SX569_.jpg\" alt=\"Eargasm High Fidelity Blue Earplugs for Concerts, Festivals, Musicians, DJs, Night-Life, Motorcycle Hearing Protection - Reusable Ear Plugs for High Fidelity Noise Reduction up to 21 dB\" title=\"\"><\/a><\/div><div class=\"aws-product-content\"><h4><a href=\"https:\/\/www.amazon.com\/Eargasm-Festivals-Night-Life-Motorcycle-Protection\/dp\/B019M576XW\/ref=sr_1_3?tag=playersforlif-20\" target=\"_blank\" rel=\"nofollow noopener noreferrer\">Eargasm High Fidelity Blue Earplugs for Concerts, Festivals, Musicians, DJs, Night-Life, Motorcycle Hearing Protection - Reusable Ear Plugs for High Fidelity Noise Reduction up to 21 dB<\/a><\/h4><div class=\"aws-product-prices\"><span class=\"aws-current-price\">$43.95<\/span><\/div><\/div><\/div><\/div>\n        <style>\n            .aws-affiliate-disclaimer {\n                font-size: 13px;\n                color: #666;\n                margin: 4px 0 16px 0;\n            }\n\n            .aws-product-grid {\n                display: grid;\n                grid-template-columns: repeat(3, 1fr);\n                gap: 20px;\n                margin: 20px 0;\n            }\n            \n            .aws-product-card {\n                border: 1px solid #e0e0e0;\n                border-radius: 8px;\n                overflow: hidden;\n                background: #fff;\n                box-shadow: 0 2px 4px rgba(0,0,0,0.1);\n                transition: transform 0.2s ease, box-shadow 0.2s ease;\n                position: relative;\n            }\n            \n            .aws-product-card:hover {\n                transform: translateY(-2px);\n                box-shadow: 0 4px 8px rgba(0,0,0,0.15);\n            }\n            \n            .aws-discount-badge {\n                position: absolute;\n                top: 10px;\n                right: 10px;\n                background: #ff4444;\n                color: white;\n                padding: 4px 8px;\n                border-radius: 4px;\n                font-size: 12px;\n                font-weight: bold;\n                z-index: 2;\n            }\n            \n            .aws-product-image {\n                width: 100%;\n                height: 200px;\n                overflow: hidden;\n                background: #f5f5f5;\n            }\n            \n            .aws-product-image img {\n                width: 100%;\n                height: 100%;\n                object-fit: contain;\n                transition: transform 0.2s ease;\n            }\n            \n            .aws-product-image:hover img {\n                transform: scale(1.05);\n            }\n            \n            .aws-product-image a {\n                display: block;\n                width: 100%;\n                height: 100%;\n            }\n            \n            .aws-product-content {\n                padding: 15px;\n            }\n            \n            .aws-product-content h4 {\n                margin: 0 0 10px 0;\n                font-size: 16px;\n                line-height: 1.3;\n            }\n            \n            .aws-product-content h4 a {\n                color: #333;\n                text-decoration: none;\n                transition: color 0.2s ease;\n            }\n            \n            .aws-product-content h4 a:hover {\n                color: #0073aa;\n            }\n            \n            .aws-product-prices {\n                display: flex;\n                align-items: center;\n                gap: 8px;\n                font-weight: bold;\n            }\n            \n            .aws-original-price {\n                text-decoration: line-through;\n                color: #999;\n                font-size: 14px;\n            }\n            \n            .aws-discounted-price {\n                color: #ff4444;\n                font-size: 16px;\n            }\n            \n            .aws-current-price {\n                color: #333;\n                font-size: 16px;\n            }\n            \n            \/* Tablet styles - 2 columns *\/\n            @media (max-width: 768px) {\n                .aws-product-grid {\n                    grid-template-columns: repeat(2, 1fr);\n                    gap: 15px;\n                }\n                \n                .aws-product-image {\n                    height: 180px;\n                }\n            }\n            \n            \/* Mobile styles - 1 column *\/\n            @media (max-width: 480px) {\n                .aws-product-grid {\n                    grid-template-columns: 1fr;\n                    gap: 15px;\n                }\n                \n                .aws-product-image {\n                    height: 220px;\n                }\n                \n                .aws-product-content {\n                    padding: 12px;\n                }\n            }\n        <\/style><\/p>\n<p>S\u00e3o Paulo&#8217;s Virada Cultural 2026 wird am 23. und 24. Mai stattfinden und wird u.a. mit Auftritten von Thiaguinho, Marina Sena, Joelma, Gustavo Mioto, Gaby Amarantos, Alexandre Pires und Luiza Sonza pr\u00e4sentiert. Laut vorl\u00e4ufigen Informationen des Stadtrates bietet das Event \u00fcber tausend kulturelle Attraktionen auf 22 B\u00fchnen in ganz S\u00e3o Paulo, die es dem Ziel folgt, Musik und Aktivit\u00e4ten verschiedenen Gebieten von S\u00e3o Paulo anzubieten, auch w\u00e4hrend fr\u00fcher Morgens. Das j\u00e4hrliche Virada Cultural will sich im Jahr 2026 dezentralisieren, mit nur f\u00fcnf B\u00fchnen in der zentralen Paulistan-Region. Dieser Schritt hat Kritik ausgel\u00f6st, da das Originalkonzept von Virada Cultural darauf abzielte, \u00f6ffentliche Teilnahme im Stadtzentrum zu f\u00f6rdern. So hatte zum Beispiel das Stadtzentrum 2019 27 B\u00fchnen, eine Zahl, die sich auf nur noch einen reduziert hat 2023. Das Programm umfasst neben traditionellen B\u00fchnen auch ein spezielles Frauen-Podium (Palco Mulheres) sowie die R\u00fcckkehr des Brega- und Rock-Podiums. Dar\u00fcber hinaus sind neue thematische R\u00e4ume wie Palco Brega und Palco Mulheres geplant, zudem Bereiche f\u00fcr Gospel- und Rockmusik. Der Detailierter Terminplan, der die Zeiten und Orte enth\u00e4lt, wird bei einem Pressekonferenz im Mai vorgestellt werden. **Vorwiegend in S\u00e3o Paulo ausgerichtetes Kulturfestival Virada Cultural 2026 mit Tausenden von Attraktionen und dezentralisierten B\u00fchnen an verschiedenen Standorten**<\/p>\n<p>Das Virada Cultural ist eines der gr\u00f6\u00dften kostenlosen kulturellen Festivals Brasiliens, das ein Programm \u00fcber 24 Stunden mit Theater, Tanz, urbanen Einrichtungen, visuellen K\u00fcnsten, Literatur und mehr bietet. Die Veranstaltungen finden in kulturellen Institutionen wie Sesc S\u00e3o Paulo, MASP, Pinacoteca de S\u00e3o Paulo und dem Museum der portugiesischen Sprache statt. \u00dcber hundert Partner, unter anderem Sesc, MASP, Fiesp, Instituto Moreira Salles, Pinacoteca und Museu da L\u00edngua Portuguesa, sind an diesem Jahr fest zusammengearbeitet. Die kommunale Verwaltung hat angek\u00fcndigt, dass die restlichen B\u00fchnen in den s\u00fcdlichen, \u00f6stlichen, nord\u00f6stlichen und westlichen Zonen installiert werden, um eine kulturelle Korridor zu f\u00f6rdern, der zum Ziel hat, die \u00d6ffentlichkeit w\u00e4hrend des Wochenendes im Zirkulieren anzuregen. Im Jahr 2021 besuchten insgesamt 4,7 Millionen Menschen das Virada Cultural und behielt damit die Besucherzahl des Vorjahres von 4,5 Millionen Teilnehmern bei. Das komplette Programm f\u00fcr die Ausgabe 2026 des Virada wird im Mai von der Stadtverwaltung ver\u00f6ffentlicht. Dieser Text widerspiegelt nicht zwingend die Meinung von Portal Uai.<\/p>\n<div class=\"external-references\"><h2>Dar\u00fcber wird auch in der ausl\u00e4ndischen Presse berichtet<\/h2><p class=\"external-references__disclaimer\">Falls Sie Englisch verstehen, hier sind Links zu externen Quellen<\/p><ul class=\"external-references__list\"><li class=\"external-references__item\" data-index=\"1\"><span class=\"external-references__title\">Evento vai acontecer nos dias 23 e 24 de maio, com mais de mil atra\u00e7\u00f5es se apresentando em 22 palcos nas v\u00e1rias regi\u00f5es da cidade. Ao menos cinco palcos ser\u00e3o na regi\u00e3o central.<\/span><a href=\"https:\/\/g1.globo.com\/sp\/sao-paulo\/noticia\/2026\/04\/23\/virada-cultural-em-sp-tera-shows-de-thiaguinho-marina-sena-joelma-alexandre-pires-gustavo-mioto-e-luiza-sonza.ghtml\" target=\"_blank\" rel=\"noopener noreferrer nofollow\" class=\"external-references__link\"><span class=\"external-references__title\">Evento vai acontecer nos dias 23 e 24 de maio, com mais de mil atra\u00e7\u00f5es se apresentando em 22 palcos nas v\u00e1rias regi\u00f5es da cidade. Ao menos cinco palcos ser\u00e3o na regi\u00e3o central.<\/span><span class=\"external-references__domain\">g1.globo.com<\/span><\/a><\/li><li class=\"external-references__item\" data-index=\"2\"><span class=\"external-references__title\">Virada Cultural em SP ter\u00e1 mais de mil atra\u00e7\u00f5es em 22 palcos<\/span><a href=\"https:\/\/agenciabrasil.ebc.com.br\/cultura\/noticia\/2026-04\/virada-cultural-em-sp-tera-mais-de-mil-atracoes-em-22-palcos\" target=\"_blank\" rel=\"noopener noreferrer nofollow\" class=\"external-references__link\"><span class=\"external-references__title\">Virada Cultural em SP ter\u00e1 mais de mil atra\u00e7\u00f5es em 22 palcos<\/span><span class=\"external-references__domain\">agenciabrasil.ebc.com.br<\/span><\/a><\/li><li class=\"external-references__item\" data-index=\"3\"><span class=\"external-references__title\">Virada Cultural 2026 Schedule: What We Know So Far<\/span><a href=\"https:\/\/www.band.com.br\/entretenimento\/virada-cultural-de-sp-anuncia-thiaguinho-marina-sena-e-mais-mil-atracoes-202604230854\" target=\"_blank\" rel=\"noopener noreferrer nofollow\" class=\"external-references__link\"><span class=\"external-references__title\">Virada Cultural 2026 Schedule: What We Know So Far<\/span><span class=\"external-references__domain\">band.com.br<\/span><\/a><\/li><li class=\"external-references__item\" data-index=\"4\"><span class=\"external-references__title\">Virada Cultural 2026 ter\u00e1 shows de Thiaguinho, Marina Sena, Joelma e mais de mil atra\u00e7\u00f5es em SP<\/span><a href=\"https:\/\/saopaulosecreto.com\/en\/virada-cultural-sao-paulo-2026-en\/\" target=\"_blank\" rel=\"noopener noreferrer nofollow\" class=\"external-references__link\"><span class=\"external-references__title\">Virada Cultural 2026 ter\u00e1 shows de Thiaguinho, Marina Sena, Joelma e mais de mil atra\u00e7\u00f5es em SP<\/span><span class=\"external-references__domain\">saopaulosecreto.com<\/span><\/a><\/li><\/ul><\/div>\n","protected":false},"excerpt":{"rendered":"<p>Vorbereiten Sie sich auf eine pr\u00e4chtige kulturelle Schau, denn die Virada Cultural kehrt vom 23. bis 24. Mai nach S\u00e3o Paulo zur\u00fcck und bietet \u00fcber 22 B\u00fchnen mehr als 2000 Attraktionen, unter anderem traditionelle Brega- und Rock-Auftritte auf der Hauptb\u00fchne.<\/p>\n","protected":false},"author":15,"featured_media":142939,"comment_status":"closed","ping_status":"open","sticky":false,"template":"","format":"standard","meta":{"content-type":"","_lmt_disableupdate":"","_lmt_disable":"","movie_schema":"","tvshow_schema":"","videogame_schema":"","meta_description":"S\u00e3o Paulo's Virada Cultural returns with over 1000 attractions on 22 stages from May 23-24, featuring Brega stage return and women-only performances.","meta_keywords":"seo-traffic, cultural-events-sao-paulo, virada-cultural, brega-music, rock-concerts","meta_author":"Tony Schneider","meta_robots":"index, follow","meta_language":"en","twitter_card":"summary_large_image","twitter_title":"S\u00e3o Paulo's Virada Cultural returns with over 1000 attractions on 22 stages","twitter_description":"Entdecken Sie tausend Attraktionen auf 22 B\u00fchnen bei S\u00e3o Paulo's Virada Cultural! Rock-, Brega- und Frauen-Performer \u2013 das kulturelle Highlight des Jahres!","twitter_site":"","twitter_site_id":"","twitter_creator":"","twitter_creator_id":"","twitter_image":"https:\/\/jornalpolopaulistano.com.br\/wp-content\/uploads\/2025\/05\/Virada-Cultural-Foto-PMSP.jpeg","twitter_image_alt":"","twitter_app_name_iphone":"","twitter_app_id_iphone":"","twitter_app_url_iphone":"","twitter_app_name_ipad":"","twitter_app_id_ipad":"","twitter_app_url_ipad":"","twitter_app_name_googleplay":"","twitter_app_id_googleplay":"","twitter_app_url_googleplay":"","twitter_player":"","twitter_player_width":0,"twitter_player_height":0,"twitter_player_stream":"","og_title":"S\u00e3o Paulo's Virada Cultural returns with over 1000 attractions on 22 stages","og_type":"article","og_url":"https:\/\/playersforlife.com\/de\/2026\/04\/27\/sao-paulo-s-virada-cultural-bietet-mehr-als-tausend-attraktionen-auf-22-buhnen\/","og_image":"https:\/\/jornalpolopaulistano.com.br\/wp-content\/uploads\/2025\/05\/Virada-Cultural-Foto-PMSP.jpeg","og_image_secure_url":"https:\/\/jornalpolopaulistano.com.br\/wp-content\/uploads\/2025\/05\/Virada-Cultural-Foto-PMSP.jpeg","og_image_type":"image\/jpeg","og_image_width":0,"og_image_height":0,"og_image_alt":"","og_description":"Entdecken Sie tausend Attraktionen auf 22 B\u00fchnen bei S\u00e3o Paulo's Virada Cultural! Rock-, Brega- und Frauen-Performer \u2013 das kulturelle Highlight des Jahres!","og_site_name":"PlayersForLife.com","og_locale":"en_US","og_article_published_time":"2026-04-27T08:00:19","og_article_modified_time":"2026-04-27T08:00:19","og_article_author":"Tony Schneider","og_article_section":"Events","og_article_tag":["MMORPG"],"og_video":"https:\/\/www.youtube.com\/embed\/WHxLrEA65TQ","og_video_secure_url":"https:\/\/www.youtube.com\/embed\/WHxLrEA65TQ","og_video_type":"","og_video_width":0,"og_video_height":0,"og_audio":"","og_audio_secure_url":"","og_audio_type":"","footnotes":""},"categories":[36],"tags":[46],"class_list":["post-142948","post","type-post","status-publish","format-standard","has-post-thumbnail","hentry","category-events","tag-mmorpg"],"lang":"de","original_post_id":null,"featured_image_urls":{"full":["https:\/\/playersforlife.com\/wp-content\/uploads\/2026\/04\/image_2026-04-Apr-27-2026_04-07-23.jpg",1300,1065,false],"thumbnail":["https:\/\/playersforlife.com\/wp-content\/uploads\/2026\/04\/image_2026-04-Apr-27-2026_04-07-23-150x150.jpg",150,150,true],"medium":["https:\/\/playersforlife.com\/wp-content\/uploads\/2026\/04\/image_2026-04-Apr-27-2026_04-07-23-300x246.jpg",300,246,true],"medium_large":["https:\/\/playersforlife.com\/wp-content\/uploads\/2026\/04\/image_2026-04-Apr-27-2026_04-07-23-768x629.jpg",768,629,true],"large":["https:\/\/playersforlife.com\/wp-content\/uploads\/2026\/04\/image_2026-04-Apr-27-2026_04-07-23-1024x839.jpg",1024,839,true],"1536x1536":["https:\/\/playersforlife.com\/wp-content\/uploads\/2026\/04\/image_2026-04-Apr-27-2026_04-07-23.jpg",1300,1065,false],"2048x2048":["https:\/\/playersforlife.com\/wp-content\/uploads\/2026\/04\/image_2026-04-Apr-27-2026_04-07-23.jpg",1300,1065,false],"penci-single-full":["https:\/\/playersforlife.com\/wp-content\/uploads\/2026\/04\/image_2026-04-Apr-27-2026_04-07-23.jpg",1300,1065,false],"penci-slider-full-thumb":["https:\/\/playersforlife.com\/wp-content\/uploads\/2026\/04\/image_2026-04-Apr-27-2026_04-07-23-1300x800.jpg",1300,800,true],"penci-full-thumb":["https:\/\/playersforlife.com\/wp-content\/uploads\/2026\/04\/image_2026-04-Apr-27-2026_04-07-23-1170x959.jpg",1170,959,true],"penci-slider-thumb":["https:\/\/playersforlife.com\/wp-content\/uploads\/2026\/04\/image_2026-04-Apr-27-2026_04-07-23-1170x663.jpg",1170,663,true],"penci-magazine-slider":["https:\/\/playersforlife.com\/wp-content\/uploads\/2026\/04\/image_2026-04-Apr-27-2026_04-07-23-780x516.jpg",780,516,true],"penci-thumb":["https:\/\/playersforlife.com\/wp-content\/uploads\/2026\/04\/image_2026-04-Apr-27-2026_04-07-23-585x390.jpg",585,390,true],"penci-masonry-thumb":["https:\/\/playersforlife.com\/wp-content\/uploads\/2026\/04\/image_2026-04-Apr-27-2026_04-07-23-585x479.jpg",585,479,true],"penci-thumb-square":["https:\/\/playersforlife.com\/wp-content\/uploads\/2026\/04\/image_2026-04-Apr-27-2026_04-07-23-585x585.jpg",585,585,true],"penci-thumb-vertical":["https:\/\/playersforlife.com\/wp-content\/uploads\/2026\/04\/image_2026-04-Apr-27-2026_04-07-23-480x650.jpg",480,650,true],"penci-thumb-small":["https:\/\/playersforlife.com\/wp-content\/uploads\/2026\/04\/image_2026-04-Apr-27-2026_04-07-23-263x175.jpg",263,175,true],"penci-recipe-1200x1200":["https:\/\/playersforlife.com\/wp-content\/uploads\/2026\/04\/image_2026-04-Apr-27-2026_04-07-23-1200x1065.jpg",1200,1065,true],"penci-recipe-1200x900":["https:\/\/playersforlife.com\/wp-content\/uploads\/2026\/04\/image_2026-04-Apr-27-2026_04-07-23-1200x900.jpg",1200,900,true],"penci-recipe-1200x675":["https:\/\/playersforlife.com\/wp-content\/uploads\/2026\/04\/image_2026-04-Apr-27-2026_04-07-23-1200x675.jpg",1200,675,true]},"author_info":{"info":["Tony Schneider"]},"category_info":"<a href=\"https:\/\/playersforlife.com\/category\/events\/\" rel=\"category tag\">Events<\/a>","tag_info":"Events","comment_count":"0","_links":{"self":[{"href":"https:\/\/playersforlife.com\/de\/wp-json\/wp\/v2\/posts\/142948","targetHints":{"allow":["GET"]}}],"collection":[{"href":"https:\/\/playersforlife.com\/de\/wp-json\/wp\/v2\/posts"}],"about":[{"href":"https:\/\/playersforlife.com\/de\/wp-json\/wp\/v2\/types\/post"}],"author":[{"embeddable":true,"href":"https:\/\/playersforlife.com\/de\/wp-json\/wp\/v2\/users\/15"}],"replies":[{"embeddable":true,"href":"https:\/\/playersforlife.com\/de\/wp-json\/wp\/v2\/comments?post=142948"}],"version-history":[{"count":1,"href":"https:\/\/playersforlife.com\/de\/wp-json\/wp\/v2\/posts\/142948\/revisions"}],"predecessor-version":[{"id":142949,"href":"https:\/\/playersforlife.com\/de\/wp-json\/wp\/v2\/posts\/142948\/revisions\/142949"}],"wp:featuredmedia":[{"embeddable":true,"href":"https:\/\/playersforlife.com\/de\/wp-json\/wp\/v2\/media\/142939"}],"wp:attachment":[{"href":"https:\/\/playersforlife.com\/de\/wp-json\/wp\/v2\/media?parent=142948"}],"wp:term":[{"taxonomy":"category","embeddable":true,"href":"https:\/\/playersforlife.com\/de\/wp-json\/wp\/v2\/categories?post=142948"},{"taxonomy":"post_tag","embeddable":true,"href":"https:\/\/playersforlife.com\/de\/wp-json\/wp\/v2\/tags?post=142948"}],"curies":[{"name":"wp","href":"https:\/\/api.w.org\/{rel}","templated":true}]}}