{"id":127298,"date":"2026-03-14T23:01:08","date_gmt":"2026-03-14T23:01:08","guid":{"rendered":"https:\/\/playersforlife.com\/2026\/03\/14\/internet-nutzer-bitten-um-ruckkehr-von-pedro-bial-bei-big-brother-brasil-aufgrund-von-ana-paula-renault\/"},"modified":"2026-03-14T23:15:12","modified_gmt":"2026-03-14T23:15:12","slug":"internet-nutzer-bitten-um-ruckkehr-von-pedro-bial-bei-big-brother-brasil-aufgrund-von-ana-paula-renault","status":"publish","type":"post","link":"https:\/\/playersforlife.com\/de\/2026\/03\/14\/internet-nutzer-bitten-um-ruckkehr-von-pedro-bial-bei-big-brother-brasil-aufgrund-von-ana-paula-renault\/","title":{"rendered":"Internet-Nutzer bitten um R\u00fcckkehr von Pedro Bial bei Big Brother Brasil aufgrund von Ana Paula Renault"},"content":{"rendered":"<p><div class=\"key-takeaways\"><h3>Das Wichtigste in K\u00fcrze<\/h3><p>Mit KI erstellt - wir experimentieren noch damit! Entschuldigung, falls es nicht ganz Ihren Erwartungen entspricht.<\/p><ul><li style=\"margin-bottom: 8px;\">Fans von Big Brother Brasil fordern nunmehr die R\u00fcckkehr von Pedro Bial, insbesondere um Ana Paula Renault zur Championin zu kr\u00f6nen.<\/li><li style=\"margin-bottom: 8px;\">Sozialen Medien sind mit Kommentaren auf dem Instagram von Pedro Bial gef\u00fcllt, in denen sich Menschen ausdr\u00fccken, dass er den Gewinner verk\u00fcnden sollte, da er lange mit der Show verbunden ist.<\/li><li style=\"margin-bottom: 8px;\">Einige Zuschauer haben Alternativszenarios vorgeschlagen, wie der R\u00fcckkehr von Bial durch den aktuellen Moderator Tadeu Schmidt als erfahrenem Moderator gefeiert wird, um die erste Veteranen-Ausgabe zu veranstalten.<\/li><li style=\"margin-bottom: 8px;\">Pedro Bial&#039;s offizielle Teilnahme am Finale wurde noch nicht best\u00e4tigt (nach Informationen aus Correio).<\/li><\/ul><\/div><br \/>\n<h3>Recommended products<\/h3><p class=\"aws-affiliate-disclaimer\">This page contains affiliate links. As an Amazon Associate, we earn a commission from purchases made through these links.<\/p><div class=\"aws-product-grid\"><div class=\"aws-product-card\"><div class=\"aws-product-image\"><a href=\"https:\/\/www.amazon.com\/WZMPA-Bag-Souvenir-Janeiro-Merchandise\/dp\/B0CCDXWVFX\/ref=sr_1_1?tag=playersforlif-20\" target=\"_blank\" rel=\"nofollow noopener noreferrer\"><img decoding=\"async\" src=\"https:\/\/m.media-amazon.com\/images\/I\/71Ic5khSdIL._AC_SX466_.jpg\" alt=\"WZMPA\" title=\"\"><\/a><\/div><div class=\"aws-product-content\"><h4><a href=\"https:\/\/www.amazon.com\/WZMPA-Bag-Souvenir-Janeiro-Merchandise\/dp\/B0CCDXWVFX\/ref=sr_1_1?tag=playersforlif-20\" target=\"_blank\" rel=\"nofollow noopener noreferrer\">WZMPA<\/a><\/h4><div class=\"aws-product-prices\"><span class=\"aws-current-price\">$13.89<\/span><\/div><\/div><\/div><\/div>\n        <style>\n            .aws-affiliate-disclaimer {\n                font-size: 13px;\n                color: #666;\n                margin: 4px 0 16px 0;\n            }\n\n            .aws-product-grid {\n                display: grid;\n                grid-template-columns: repeat(3, 1fr);\n                gap: 20px;\n                margin: 20px 0;\n            }\n            \n            .aws-product-card {\n                border: 1px solid #e0e0e0;\n                border-radius: 8px;\n                overflow: hidden;\n                background: #fff;\n                box-shadow: 0 2px 4px rgba(0,0,0,0.1);\n                transition: transform 0.2s ease, box-shadow 0.2s ease;\n                position: relative;\n            }\n            \n            .aws-product-card:hover {\n                transform: translateY(-2px);\n                box-shadow: 0 4px 8px rgba(0,0,0,0.15);\n            }\n            \n            .aws-discount-badge {\n                position: absolute;\n                top: 10px;\n                right: 10px;\n                background: #ff4444;\n                color: white;\n                padding: 4px 8px;\n                border-radius: 4px;\n                font-size: 12px;\n                font-weight: bold;\n                z-index: 2;\n            }\n            \n            .aws-product-image {\n                width: 100%;\n                height: 200px;\n                overflow: hidden;\n                background: #f5f5f5;\n            }\n            \n            .aws-product-image img {\n                width: 100%;\n                height: 100%;\n                object-fit: contain;\n                transition: transform 0.2s ease;\n            }\n            \n            .aws-product-image:hover img {\n                transform: scale(1.05);\n            }\n            \n            .aws-product-image a {\n                display: block;\n                width: 100%;\n                height: 100%;\n            }\n            \n            .aws-product-content {\n                padding: 15px;\n            }\n            \n            .aws-product-content h4 {\n                margin: 0 0 10px 0;\n                font-size: 16px;\n                line-height: 1.3;\n            }\n            \n            .aws-product-content h4 a {\n                color: #333;\n                text-decoration: none;\n                transition: color 0.2s ease;\n            }\n            \n            .aws-product-content h4 a:hover {\n                color: #0073aa;\n            }\n            \n            .aws-product-prices {\n                display: flex;\n                align-items: center;\n                gap: 8px;\n                font-weight: bold;\n            }\n            \n            .aws-original-price {\n                text-decoration: line-through;\n                color: #999;\n                font-size: 14px;\n            }\n            \n            .aws-discounted-price {\n                color: #ff4444;\n                font-size: 16px;\n            }\n            \n            .aws-current-price {\n                color: #333;\n                font-size: 16px;\n            }\n            \n            \/* Tablet styles - 2 columns *\/\n            @media (max-width: 768px) {\n                .aws-product-grid {\n                    grid-template-columns: repeat(2, 1fr);\n                    gap: 15px;\n                }\n                \n                .aws-product-image {\n                    height: 180px;\n                }\n            }\n            \n            \/* Mobile styles - 1 column *\/\n            @media (max-width: 480px) {\n                .aws-product-grid {\n                    grid-template-columns: 1fr;\n                    gap: 15px;\n                }\n                \n                .aws-product-image {\n                    height: 220px;\n                }\n                \n                .aws-product-content {\n                    padding: 12px;\n                }\n            }\n        <\/style><\/p>\n<h2>Fans von Big Brother Brasil fordern den R\u00fccktritt von Pedro Bial im Finale, w\u00e4hrend Ana Paula Renault eine beeindruckende Leistung gibt<\/h2>\n<p>Die Teilnahme von Ana Paula Renault an Big Brother Brasil 26 auf Globo erinnert viele an ihre umstrittene Entfernung aus der Saison 2016 und inspiriert einige Zuschauer, einen bekannten Gesicht in das Finale zu holen. Viele Fans rufen speziell nach dem R\u00fccktritt von Pedro Bial, dem ehemaligen Moderator der Sendung. Soziale Medien sind mit Kommentaren auf Instagram von Bial \u00fcberschwemmt, die ihn aufgefordert haben, den Sieger des Jahres zu k\u00fcndigen. Es wird erhofft, dass Bial, der die Show von 2002 bis 2016 pr\u00e4sentierte, die Championin Renault kr\u00f6nt. Kommentare umfassen S\u00e4tze wie, \u201eWir wollen dich da beim Finale sein, um Ana Paula als Championin zu begr\u00fc\u00dfen\u201c, und, \u201eDas Finale von Big Brother Brasil 26 muss dich haben\u201c. Es wurden auch andere R\u00fcckkehrszenarien f\u00fcr Bial vorgeschlagen. Ein Ideenkr\u00e4uter, das aufgekommen ist online, stellt vor, dass der aktuelle Moderator, Tadeu Schmidt, Bial als Veteranmoderator einladen w\u00fcrde, um die erste veteran-Ausgabe zu feiern. Bial, bekannt f\u00fcr seine detaillierten und aftergerichtlichen Ausschlie\u00dfungsreden, wurde 2017 von Tiago Leifert abgel\u00f6st. Bis jetzt ist die Teilnahme von Pedro Bial am Finale noch nicht best\u00e4tigt worden. Informationen aus Correio.<\/p>\n<h2>Falls Sie es verpasst haben<\/h2>\n<p>&#8222;Hier ist was f\u00fcr alle Fans der Reality TV! Carlos Mendoza hat sich \u00fcber Big Brother Brasil verfolgt, hier haben Sie den Start: Er st\u00fcrzt sich in die explosive Ausschlussung von Sol Veiga, nachdem sie Ana Paula Renault attackiert hatte \u2013 Ja, das lesen Sie richtig! Mit aufgeladenen Gef\u00fchlen und Regeln gebrochen hat dieses Ereignis eine Medienwirbelsturm ausgel\u00f6st, den Sie nicht verpassen wollen. Stellen Sie sich bitte in seinem letzten Post, &#8218;Sol Expulsiert aus BBB 26 nach dem Angriff auf Ana Paula Renault bei Globo&#8216;, vor, um alle Details zu erhalten <a href=\"https:\/\/playersforlife.com\/de\/2026\/02\/11\/sol-aus-bbb-26-ausgewiesen-nach-angriff-auf-ana-paula-renault-bei-globo\/\" target=\"_blank\" rel=\"noopener noreferrer\">Sol aus BBB 26 ausgewiesen nach Angriff auf Ana Paula Renault bei Globo<\/a>. Aber das ist nicht alles, Freunde! Babu hat dem Feuer weitere Kraft gegeben in der letzten Sonntagsfolge, was Jonathan Dubinski zu einer Untersuchung seines hei\u00dfen Streits und m\u00f6glicher spielver\u00e4ndernder Konsequenzen veranlasst hat, die er in seinem Post, &#8218;Babu \u00fcber Ana Paula Renault in BBB 26: &#8222;Ich werde nicht auf dem gleichen Schiff sein&#8220; <a href=\"https:\/\/playersforlife.com\/de\/2026\/02\/23\/babu-bei-ana-paula-renault-in-bbb-26-ich-bin-nicht-mehr-im-selben-boot-mit-ihr\/\" target=\"_blank\" rel=\"noopener noreferrer\">Babu bei Ana Paula Renault in BBB 26: Ich bin nicht mehr im selben Boot mit ihr<\/a> ver\u00f6ffentlicht hat. W\u00e4hrenddessen hat Dubinski einen tiefen Einblick in die umstrittene Vergangenheit und Gegenwart von Teilnehmer La\u00e9cio de Moura geworfen, der in &#8218;Who is La\u00e9cio, Ex-Big Brother Brazil 16 Verurteilt und Im Zeugenhaft genommen wurde f\u00fcr das Vergehen eines schutzbed\u00fcrftigen Personen&#8216; <a href=\"https:\/\/playersforlife.com\/de\/2026\/01\/22\/wer-ist-laercio-ehemaliger-teilnehmer-von-big-brother-brasil-16-verurteilter-und-eingesperrter-mensch-fur-vergewaltigung-einer-gefahrdeten-person\/\" target=\"_blank\" rel=\"noopener noreferrer\">Wer ist Laercio, ehemaliger Teilnehmer von Big Brother Brasil 16, verurteilter und eingesperrter Mensch f\u00fcr Vergewaltigung einer gef\u00e4hrdeten Person<\/a> zu lesen ist. Vorbereiten Sie sich, um ersch\u00fcttert zu werden, als er La\u00e9rcios Geschichte der statutaren Vergewaltigung aufdeckt und sich mit den gesellschaftlichen Fragen um Jugend\u00fcbersexualisierung auseinandersetzt \u2013 ein absolutes Musslesen.&#8220;<\/p>\n<p><img decoding=\"async\" style=\"width: 100%\" src=\"https:\/\/caras.com.br\/wp-content\/uploads\/2025\/09\/REDETV-COMPANHIA-CERTA-1-1536x1105.jpg\" alt=\"\" title=\"\"><br \/>\n<div class=\"external-references\"><h2>Dar\u00fcber wird auch in der ausl\u00e4ndischen Presse berichtet<\/h2><p class=\"external-references__disclaimer\">Falls Sie Englisch verstehen, hier sind Links zu externen Quellen<\/p><ul class=\"external-references__list\"><li class=\"external-references__item\" data-index=\"1\"><span class=\"external-references__title\">Compartilhar not\u00edcia<\/span><a href=\"https:\/\/www.metropoles.com\/colunas\/lucas-pasin\/bbb-26-saiba-por-que-fas-do-reality-pedem-a-volta-de-pedro-bial\" target=\"_blank\" rel=\"noopener noreferrer nofollow\" class=\"external-references__link\"><span class=\"external-references__title\">Compartilhar not\u00edcia<\/span><span class=\"external-references__domain\">metropoles.com<\/span><\/a><\/li><li class=\"external-references__item\" data-index=\"2\"><span class=\"external-references__title\">F\u00e3s invadem redes de Pedro Bial pedindo que ele escreva discurso final para Ana Paula<\/span><a href=\"https:\/\/f5.folha.uol.com.br\/televisao\/bbb26\/2026\/03\/trajetoria-de-ana-paula-renault-no-bbb-26-reacende-nostalgia-e-fas-pedem-volta-de-pedro-bial.shtml\" target=\"_blank\" rel=\"noopener noreferrer nofollow\" class=\"external-references__link\"><span class=\"external-references__title\">F\u00e3s invadem redes de Pedro Bial pedindo que ele escreva discurso final para Ana Paula<\/span><span class=\"external-references__domain\">f5.folha.uol.com.br<\/span><\/a><\/li><li class=\"external-references__item\" data-index=\"3\"><span class=\"external-references__title\">Folha Uol<\/span><a href=\"https:\/\/www.reporterpb.com.br\/noticia-extra\/2026\/03\/11\/trajetoria-de-ana-paula-renault-no-bbb-26-reacende-nostalgia-e-fas-pedem-volta-de-pedro-bial\/114759.html\" target=\"_blank\" rel=\"noopener noreferrer nofollow\" class=\"external-references__link\"><span class=\"external-references__title\">Folha Uol<\/span><span class=\"external-references__domain\">reporterpb.com.br<\/span><\/a><\/li><\/ul><\/div><\/p>\n","protected":false},"excerpt":{"rendered":"<p>Fans rufen daraufhin dringend nach, dass Pedro Bial wieder als Moderator oder Kommentator bei Big Brother Brasil 26 auftreten sollte. Sie betonen dabei seine liebevoll bewunderten ausf\u00fchrlichen Kommentare aus seiner Zeit als Moderator.<\/p>\n","protected":false},"author":16,"featured_media":127289,"comment_status":"closed","ping_status":"open","sticky":false,"template":"","format":"standard","meta":{"content-type":"","_lmt_disableupdate":"","_lmt_disable":"","movie_schema":"","tvshow_schema":"","videogame_schema":"","meta_description":"Internet-Nutzer m\u00f6chten Pedro Bial bei Big Brother Brasil zur\u00fcckholen aufgrund der Popularit\u00e4t von Ana Paula Renault.","meta_keywords":"bbb26, pedro bial big brother, ansager big brother brasil, finale big brother brasil, tiago leifert","meta_author":"Franco Muller","meta_robots":"index, follow","meta_language":"en","twitter_card":"summary_large_image","twitter_title":"Pedro Bial f\u00fcr BB26? Fans bitten um R\u00fcckkehr","twitter_description":"Internet-Nutzer bitten um R\u00fcckkehr von Pedro Bial bei Big Brother Brasil aufgrund von Ana Paula Renault. Erhitztes Debattenfeld!","twitter_site":"","twitter_site_id":"","twitter_creator":"","twitter_creator_id":"","twitter_image":"https:\/\/caras.com.br\/wp-content\/uploads\/2025\/09\/pedro-bial.jpg","twitter_image_alt":"","twitter_app_name_iphone":"","twitter_app_id_iphone":"","twitter_app_url_iphone":"","twitter_app_name_ipad":"","twitter_app_id_ipad":"","twitter_app_url_ipad":"","twitter_app_name_googleplay":"","twitter_app_id_googleplay":"","twitter_app_url_googleplay":"","twitter_player":"","twitter_player_width":0,"twitter_player_height":0,"twitter_player_stream":"","og_title":"Pedro Bial f\u00fcr BB26? Fans bitten um R\u00fcckkehr","og_type":"article","og_url":"https:\/\/playersforlife.com\/de\/2026\/03\/14\/internet-nutzer-bitten-um-ruckkehr-von-pedro-bial-bei-big-brother-brasil-aufgrund-von-ana-paula-renault\/","og_image":"https:\/\/caras.com.br\/wp-content\/uploads\/2025\/09\/pedro-bial.jpg","og_image_secure_url":"https:\/\/caras.com.br\/wp-content\/uploads\/2025\/09\/pedro-bial.jpg","og_image_type":"image\/jpeg","og_image_width":0,"og_image_height":0,"og_image_alt":"","og_description":"Internet-Nutzer bitten um R\u00fcckkehr von Pedro Bial bei Big Brother Brasil aufgrund von Ana Paula Renault. Erhitztes Debattenfeld!","og_site_name":"PlayersForLife.com","og_locale":"en_US","og_article_published_time":"2026-03-14T23:01:08","og_article_modified_time":"2026-03-14T23:01:08","og_article_author":"Franco Muller","og_article_section":"News","og_article_tag":["Adventure"],"og_video":"https:\/\/www.youtube.com\/embed\/-pPTT8dFy5U","og_video_secure_url":"https:\/\/www.youtube.com\/embed\/-pPTT8dFy5U","og_video_type":"","og_video_width":0,"og_video_height":0,"og_audio":"","og_audio_secure_url":"","og_audio_type":"","footnotes":""},"categories":[38],"tags":[43,45],"class_list":["post-127298","post","type-post","status-publish","format-standard","has-post-thumbnail","hentry","category-news","tag-adventure","tag-mixed"],"lang":"de","original_post_id":null,"featured_image_urls":{"full":["https:\/\/playersforlife.com\/wp-content\/uploads\/2026\/03\/image_2026-03-Mar-14-2026_19-11-26.png",768,515,false],"thumbnail":["https:\/\/playersforlife.com\/wp-content\/uploads\/2026\/03\/image_2026-03-Mar-14-2026_19-11-26-150x150.png",150,150,true],"medium":["https:\/\/playersforlife.com\/wp-content\/uploads\/2026\/03\/image_2026-03-Mar-14-2026_19-11-26-300x201.png",300,201,true],"medium_large":["https:\/\/playersforlife.com\/wp-content\/uploads\/2026\/03\/image_2026-03-Mar-14-2026_19-11-26.png",768,515,false],"large":["https:\/\/playersforlife.com\/wp-content\/uploads\/2026\/03\/image_2026-03-Mar-14-2026_19-11-26.png",768,515,false],"1536x1536":["https:\/\/playersforlife.com\/wp-content\/uploads\/2026\/03\/image_2026-03-Mar-14-2026_19-11-26.png",768,515,false],"2048x2048":["https:\/\/playersforlife.com\/wp-content\/uploads\/2026\/03\/image_2026-03-Mar-14-2026_19-11-26.png",768,515,false],"penci-single-full":["https:\/\/playersforlife.com\/wp-content\/uploads\/2026\/03\/image_2026-03-Mar-14-2026_19-11-26.png",768,515,false],"penci-slider-full-thumb":["https:\/\/playersforlife.com\/wp-content\/uploads\/2026\/03\/image_2026-03-Mar-14-2026_19-11-26.png",768,515,false],"penci-full-thumb":["https:\/\/playersforlife.com\/wp-content\/uploads\/2026\/03\/image_2026-03-Mar-14-2026_19-11-26.png",768,515,false],"penci-slider-thumb":["https:\/\/playersforlife.com\/wp-content\/uploads\/2026\/03\/image_2026-03-Mar-14-2026_19-11-26.png",768,515,false],"penci-magazine-slider":["https:\/\/playersforlife.com\/wp-content\/uploads\/2026\/03\/image_2026-03-Mar-14-2026_19-11-26.png",768,515,false],"penci-thumb":["https:\/\/playersforlife.com\/wp-content\/uploads\/2026\/03\/image_2026-03-Mar-14-2026_19-11-26-585x390.png",585,390,true],"penci-masonry-thumb":["https:\/\/playersforlife.com\/wp-content\/uploads\/2026\/03\/image_2026-03-Mar-14-2026_19-11-26-585x392.png",585,392,true],"penci-thumb-square":["https:\/\/playersforlife.com\/wp-content\/uploads\/2026\/03\/image_2026-03-Mar-14-2026_19-11-26-585x515.png",585,515,true],"penci-thumb-vertical":["https:\/\/playersforlife.com\/wp-content\/uploads\/2026\/03\/image_2026-03-Mar-14-2026_19-11-26-480x515.png",480,515,true],"penci-thumb-small":["https:\/\/playersforlife.com\/wp-content\/uploads\/2026\/03\/image_2026-03-Mar-14-2026_19-11-26-263x175.png",263,175,true],"penci-recipe-1200x1200":["https:\/\/playersforlife.com\/wp-content\/uploads\/2026\/03\/image_2026-03-Mar-14-2026_19-11-26.png",768,515,false],"penci-recipe-1200x900":["https:\/\/playersforlife.com\/wp-content\/uploads\/2026\/03\/image_2026-03-Mar-14-2026_19-11-26.png",768,515,false],"penci-recipe-1200x675":["https:\/\/playersforlife.com\/wp-content\/uploads\/2026\/03\/image_2026-03-Mar-14-2026_19-11-26.png",768,515,false]},"author_info":{"info":["Franco M\u00fcller Franco M\u00fcller"]},"category_info":"<a href=\"https:\/\/playersforlife.com\/category\/news\/\" rel=\"category tag\">News<\/a>","tag_info":"News","comment_count":"0","_links":{"self":[{"href":"https:\/\/playersforlife.com\/de\/wp-json\/wp\/v2\/posts\/127298","targetHints":{"allow":["GET"]}}],"collection":[{"href":"https:\/\/playersforlife.com\/de\/wp-json\/wp\/v2\/posts"}],"about":[{"href":"https:\/\/playersforlife.com\/de\/wp-json\/wp\/v2\/types\/post"}],"author":[{"embeddable":true,"href":"https:\/\/playersforlife.com\/de\/wp-json\/wp\/v2\/users\/16"}],"replies":[{"embeddable":true,"href":"https:\/\/playersforlife.com\/de\/wp-json\/wp\/v2\/comments?post=127298"}],"version-history":[{"count":1,"href":"https:\/\/playersforlife.com\/de\/wp-json\/wp\/v2\/posts\/127298\/revisions"}],"predecessor-version":[{"id":127299,"href":"https:\/\/playersforlife.com\/de\/wp-json\/wp\/v2\/posts\/127298\/revisions\/127299"}],"wp:featuredmedia":[{"embeddable":true,"href":"https:\/\/playersforlife.com\/de\/wp-json\/wp\/v2\/media\/127289"}],"wp:attachment":[{"href":"https:\/\/playersforlife.com\/de\/wp-json\/wp\/v2\/media?parent=127298"}],"wp:term":[{"taxonomy":"category","embeddable":true,"href":"https:\/\/playersforlife.com\/de\/wp-json\/wp\/v2\/categories?post=127298"},{"taxonomy":"post_tag","embeddable":true,"href":"https:\/\/playersforlife.com\/de\/wp-json\/wp\/v2\/tags?post=127298"}],"curies":[{"name":"wp","href":"https:\/\/api.w.org\/{rel}","templated":true}]}}